{"id":2423,"date":"2017-01-16T14:16:45","date_gmt":"2017-01-16T16:16:45","guid":{"rendered":"http:\/\/barralmjorge.pixelwolf.com.br\/?p=2423"},"modified":"2017-05-16T12:24:25","modified_gmt":"2017-05-16T15:24:25","slug":"a-gripe-aviaria-e-o-impacto-na-economia","status":"publish","type":"post","link":"https:\/\/bmj.com.br\/en\/a-gripe-aviaria-e-o-impacto-na-economia\/","title":{"rendered":"A gripe avi\u00e1ria e o impacto na economia"},"content":{"rendered":"<p><img fetchpriority=\"high\" decoding=\"async\" class=\"aligncenter\" src=\"https:\/\/bmj.com.br\/images\/20120703143132.jpg\" alt=\"\" width=\"524\" height=\"349\" \/><\/p>\n<p>A Influenza Avi\u00e1ria (IA) encontra-se em destaque nas principais colunas de not\u00edcias do agroneg\u00f3cio mundial. Nos \u00faltimos 3 meses foram encontrados focos de IA em pelo menos 34 pa\u00edses e as notifica\u00e7\u00f5es n\u00e3o param de crescer. Na Europa, na semana passada, foram relatados \u00e0 Organiza\u00e7\u00e3o Mundial de Sa\u00fade (OIE, sigla em franc\u00eas), focos de IA de alta patogenicidade (H5N8), na Espanha, It\u00e1lia e Eslov\u00eania.<\/p>\n<p>Na Fran\u00e7a, a dissemina\u00e7\u00e3o da doen\u00e7a, levou milhares de aves ao sacrif\u00edcio. Na cidade de Voronej, R\u00fassia, um zool\u00f3gico sacrificou 141 aves, entre elas papagaios, cisnes, fais\u00f5es e can\u00e1rios, ap\u00f3s a confirma\u00e7\u00e3o da morte de 35 aves por IA. Somente no final de dezembro do ano passado, a R\u00fassia sacrificou mais de 160 mil perus, na cidade de Rostov do Don.\u00a0 A Bulg\u00e1ria divulgou a dissemina\u00e7\u00e3o da doen\u00e7a em 55 granjas, o que levou ao sacrif\u00edcio de 430 mil aves pelas autoridades veterin\u00e1rias desde a detec\u00e7\u00e3o inicial do v\u00edrus.<\/p>\n<p>O continente europeu n\u00e3o foi o \u00fanico afetado, pa\u00edses como a China, Cor\u00e9ia do Sul, Jap\u00e3o e Uganda tamb\u00e9m confirmaram casos da doen\u00e7a. Na Am\u00e9rica do Norte, a OIE, confirmou um foco de IA, da cepa H5N2, no Estado de Montana, nos Estados Unidos. Na Am\u00e9rica do Sul, o Chile confirmou a ocorr\u00eancia de foco de IA de baixa patogenicidade em uma granja de perus, na regi\u00e3o de Valpara\u00edso, levando o Uruguai, Brasil e a Argentina a suspenderem as importa\u00e7\u00f5es de produtos av\u00edcolas do pa\u00eds.<\/p>\n<p>O Rio Grande do Sul, que faz fronteira com Uruguai e Argentina, est\u00e1 em alerta m\u00e1ximo. No final da semana passada, houve uma reuni\u00e3o na Secretaria da Agricultura (Seapi), para definir medidas adicionais de preven\u00e7\u00e3o e a\u00e7\u00f5es efetivas para aumentar a vigil\u00e2ncia e minimizar os preju\u00edzos, caso a doen\u00e7a entre no Pa\u00eds.<\/p>\n<p>A IA, tamb\u00e9m conhecida como gripe avi\u00e1ria, \u00e9 uma doen\u00e7a zoon\u00f3tica, ou seja, pode ocasionalmente afetar a popula\u00e7\u00e3o humana e outros animais ap\u00f3s contato direto com aves infectadas. A gripe \u00e9 transmitida pelo v\u00edrus da influenza tipo A e atinge diferentes esp\u00e9cies de aves dom\u00e9sticas, como galinhas e perus, assim como aves silvestres e ornamentais. Sendo que, os sintomas e a gravidade da doen\u00e7a podem variar entre uma esp\u00e9cie e outra.<\/p>\n<p>As infec\u00e7\u00f5es pelo v\u00edrus da IA s\u00e3o classificadas como de alta e baixa patogenicidade, sendo que as formas mais patog\u00eanicas s\u00e3o mais expressivas em seus sinais cl\u00ednicos e sua dissemina\u00e7\u00e3o ocorre rapidamente, apresentando mortalidade que pode atingir 100% das aves afetadas, em menos de 48 horas.<\/p>\n<p>As aves silvestres migrat\u00f3rias \u2013 principalmente as aves aqu\u00e1ticas \u2013 podem albergar e transportar cepas do v\u00edrus em suas vias respirat\u00f3rias ou intestinais, sendo por tanto, um dos principais disseminadores da doen\u00e7a nas aves dom\u00e9sticas e fator de preocupa\u00e7\u00e3o da chegada do v\u00edrus em territ\u00f3rio nacional. Al\u00e9m da suspen\u00e7\u00e3o da importa\u00e7\u00e3o de produtos av\u00edcolas para o Brasil, as visitas \u00e0s unidades produtoras, inclusive dos fornecedores brasileiros, est\u00e3o proibidas.<\/p>\n<p>No Brasil, ainda n\u00e3o foram registrados casos de influenza avi\u00e1ria, nem em aves nem em humanos, fato que poder\u00e1 auxiliar no crescimento das exporta\u00e7\u00f5es de carne de frango em 2017. Segundo pesquisas do Centro de Estudos Avan\u00e7ados em Economia Aplicada (CEPEA) e segundo as estimativas da ABPA, h\u00e1 proje\u00e7\u00e3o de aumento de 3% a 5% nos embarques brasileiros de carne de frango em 2017.<\/p>\n<p>O Brasil det\u00e9m um plano de conting\u00eancia para o caso de a Influenza Avi\u00e1ria acometer o pa\u00eds. Uma das solicita\u00e7\u00f5es ao Minist\u00e9rio da Agricultura Pecu\u00e1ria e Abastecimento (MAPA) do setor produtivo \u00e9 que o governo credencie mais laborat\u00f3rios para detec\u00e7\u00e3o do v\u00edrus no Brasil, de forma instant\u00e2nea.<\/p>\n<p>Vale ressaltar que o MAPA, criou um Grupo de Trabalho (GT), no dia 3 de janeiro deste ano, para propor uma organiza\u00e7\u00e3o do Sistema Nacional de Emerg\u00eancias Agropecu\u00e1rias, tendo como objetivo dar mais agilidade no enfrentamento a situa\u00e7\u00f5es inesperadas que possam afetar a produ\u00e7\u00e3o agropecu\u00e1ria brasileira.<\/p>\n<p>&nbsp;<\/p>\n<p><strong>Tha\u00eds Uch\u00f4a<br \/>\n<\/strong><strong>Consultora em Assuntos Regulat\u00f3rios<\/strong><\/p>","protected":false},"excerpt":{"rendered":"<p>A Influenza Avi\u00e1ria (IA) encontra-se em destaque nas principais colunas de not\u00edcias do agroneg\u00f3cio mundial. Nos \u00faltimos 3 meses foram encontrados focos de IA em pelo menos 34 pa\u00edses e&#8230;<\/p>","protected":false},"author":15,"featured_media":2968,"comment_status":"open","ping_status":"open","sticky":false,"template":"","format":"standard","meta":{"_acf_changed":false,"_exactmetrics_skip_tracking":false,"_exactmetrics_sitenote_active":false,"_exactmetrics_sitenote_note":"","_exactmetrics_sitenote_category":0,"footnotes":""},"categories":[21],"tags":[],"class_list":{"0":"post-2423","1":"post","2":"type-post","3":"status-publish","4":"format-standard","5":"has-post-thumbnail","7":"category-assuntos-regulatorios"},"acf":[],"yoast_head":"<!-- This site is optimized with the Yoast SEO plugin v27.4 - https:\/\/yoast.com\/product\/yoast-seo-wordpress\/ -->\n<title>A gripe avi\u00e1ria e o impacto na economia - BMJ<\/title>\n<meta name=\"robots\" content=\"index, follow, max-snippet:-1, max-image-preview:large, max-video-preview:-1\" \/>\n<link rel=\"canonical\" href=\"https:\/\/bmj.com.br\/en\/a-gripe-aviaria-e-o-impacto-na-economia\/\" \/>\n<meta property=\"og:locale\" content=\"en_US\" \/>\n<meta property=\"og:type\" content=\"article\" \/>\n<meta property=\"og:title\" content=\"A gripe avi\u00e1ria e o impacto na economia - BMJ\" \/>\n<meta property=\"og:description\" content=\"A Influenza Avi\u00e1ria (IA) encontra-se em destaque nas principais colunas de not\u00edcias do agroneg\u00f3cio mundial. Nos \u00faltimos 3 meses foram encontrados focos de IA em pelo menos 34 pa\u00edses e...\" \/>\n<meta property=\"og:url\" content=\"https:\/\/bmj.com.br\/en\/a-gripe-aviaria-e-o-impacto-na-economia\/\" \/>\n<meta property=\"og:site_name\" content=\"BMJ\" \/>\n<meta property=\"article:publisher\" content=\"https:\/\/www.facebook.com\/BMJAssociados\/?ref=ts\" \/>\n<meta property=\"article:published_time\" content=\"2017-01-16T16:16:45+00:00\" \/>\n<meta property=\"article:modified_time\" content=\"2017-05-16T15:24:25+00:00\" \/>\n<meta property=\"og:image\" content=\"https:\/\/bmj.com.br\/wp-content\/uploads\/2017\/01\/A-gripe-avi\u00e1ria-e-o-impacto-na-economia-1.jpg\" \/>\n\t<meta property=\"og:image:width\" content=\"1024\" \/>\n\t<meta property=\"og:image:height\" content=\"681\" \/>\n\t<meta property=\"og:image:type\" content=\"image\/jpeg\" \/>\n<meta name=\"author\" content=\"Dennis Bravo\" \/>\n<meta name=\"twitter:card\" content=\"summary_large_image\" \/>\n<meta name=\"twitter:creator\" content=\"@BMJconsultoria\" \/>\n<meta name=\"twitter:site\" content=\"@BMJconsultoria\" \/>\n<meta name=\"twitter:label1\" content=\"Written by\" \/>\n\t<meta name=\"twitter:data1\" content=\"Dennis Bravo\" \/>\n\t<meta name=\"twitter:label2\" content=\"Est. reading time\" \/>\n\t<meta name=\"twitter:data2\" content=\"4 minutes\" \/>\n<script type=\"application\/ld+json\" class=\"yoast-schema-graph\">{\"@context\":\"https:\\\/\\\/schema.org\",\"@graph\":[{\"@type\":\"Article\",\"@id\":\"https:\\\/\\\/bmj.com.br\\\/a-gripe-aviaria-e-o-impacto-na-economia\\\/#article\",\"isPartOf\":{\"@id\":\"https:\\\/\\\/bmj.com.br\\\/a-gripe-aviaria-e-o-impacto-na-economia\\\/\"},\"author\":{\"name\":\"Dennis Bravo\",\"@id\":\"https:\\\/\\\/bmj.com.br\\\/#\\\/schema\\\/person\\\/e3d3984837d4d1847e83b4197aa02975\"},\"headline\":\"A gripe avi\u00e1ria e o impacto na economia\",\"datePublished\":\"2017-01-16T16:16:45+00:00\",\"dateModified\":\"2017-05-16T15:24:25+00:00\",\"mainEntityOfPage\":{\"@id\":\"https:\\\/\\\/bmj.com.br\\\/a-gripe-aviaria-e-o-impacto-na-economia\\\/\"},\"wordCount\":738,\"commentCount\":0,\"publisher\":{\"@id\":\"https:\\\/\\\/bmj.com.br\\\/#organization\"},\"image\":{\"@id\":\"https:\\\/\\\/bmj.com.br\\\/a-gripe-aviaria-e-o-impacto-na-economia\\\/#primaryimage\"},\"thumbnailUrl\":\"https:\\\/\\\/bmj.com.br\\\/wp-content\\\/uploads\\\/2017\\\/01\\\/A-gripe-avi\u00e1ria-e-o-impacto-na-economia-1.jpg\",\"articleSection\":[\"Assuntos Regulat\u00f3rios\"],\"inLanguage\":\"en-US\",\"potentialAction\":[{\"@type\":\"CommentAction\",\"name\":\"Comment\",\"target\":[\"https:\\\/\\\/bmj.com.br\\\/a-gripe-aviaria-e-o-impacto-na-economia\\\/#respond\"]}]},{\"@type\":\"WebPage\",\"@id\":\"https:\\\/\\\/bmj.com.br\\\/a-gripe-aviaria-e-o-impacto-na-economia\\\/\",\"url\":\"https:\\\/\\\/bmj.com.br\\\/a-gripe-aviaria-e-o-impacto-na-economia\\\/\",\"name\":\"A gripe avi\u00e1ria e o impacto na economia - BMJ\",\"isPartOf\":{\"@id\":\"https:\\\/\\\/bmj.com.br\\\/#website\"},\"primaryImageOfPage\":{\"@id\":\"https:\\\/\\\/bmj.com.br\\\/a-gripe-aviaria-e-o-impacto-na-economia\\\/#primaryimage\"},\"image\":{\"@id\":\"https:\\\/\\\/bmj.com.br\\\/a-gripe-aviaria-e-o-impacto-na-economia\\\/#primaryimage\"},\"thumbnailUrl\":\"https:\\\/\\\/bmj.com.br\\\/wp-content\\\/uploads\\\/2017\\\/01\\\/A-gripe-avi\u00e1ria-e-o-impacto-na-economia-1.jpg\",\"datePublished\":\"2017-01-16T16:16:45+00:00\",\"dateModified\":\"2017-05-16T15:24:25+00:00\",\"breadcrumb\":{\"@id\":\"https:\\\/\\\/bmj.com.br\\\/a-gripe-aviaria-e-o-impacto-na-economia\\\/#breadcrumb\"},\"inLanguage\":\"en-US\",\"potentialAction\":[{\"@type\":\"ReadAction\",\"target\":[\"https:\\\/\\\/bmj.com.br\\\/a-gripe-aviaria-e-o-impacto-na-economia\\\/\"]}]},{\"@type\":\"ImageObject\",\"inLanguage\":\"en-US\",\"@id\":\"https:\\\/\\\/bmj.com.br\\\/a-gripe-aviaria-e-o-impacto-na-economia\\\/#primaryimage\",\"url\":\"https:\\\/\\\/bmj.com.br\\\/wp-content\\\/uploads\\\/2017\\\/01\\\/A-gripe-avi\u00e1ria-e-o-impacto-na-economia-1.jpg\",\"contentUrl\":\"https:\\\/\\\/bmj.com.br\\\/wp-content\\\/uploads\\\/2017\\\/01\\\/A-gripe-avi\u00e1ria-e-o-impacto-na-economia-1.jpg\",\"width\":1024,\"height\":681},{\"@type\":\"BreadcrumbList\",\"@id\":\"https:\\\/\\\/bmj.com.br\\\/a-gripe-aviaria-e-o-impacto-na-economia\\\/#breadcrumb\",\"itemListElement\":[{\"@type\":\"ListItem\",\"position\":1,\"name\":\"Home\",\"item\":\"https:\\\/\\\/bmj.com.br\\\/\"},{\"@type\":\"ListItem\",\"position\":2,\"name\":\"A gripe avi\u00e1ria e o impacto na economia\"}]},{\"@type\":\"WebSite\",\"@id\":\"https:\\\/\\\/bmj.com.br\\\/#website\",\"url\":\"https:\\\/\\\/bmj.com.br\\\/\",\"name\":\"BMJ\",\"description\":\"Consultores Associados\",\"publisher\":{\"@id\":\"https:\\\/\\\/bmj.com.br\\\/#organization\"},\"potentialAction\":[{\"@type\":\"SearchAction\",\"target\":{\"@type\":\"EntryPoint\",\"urlTemplate\":\"https:\\\/\\\/bmj.com.br\\\/?s={search_term_string}\"},\"query-input\":{\"@type\":\"PropertyValueSpecification\",\"valueRequired\":true,\"valueName\":\"search_term_string\"}}],\"inLanguage\":\"en-US\"},{\"@type\":\"Organization\",\"@id\":\"https:\\\/\\\/bmj.com.br\\\/#organization\",\"name\":\"BMJ Consultoria\",\"url\":\"https:\\\/\\\/bmj.com.br\\\/\",\"logo\":{\"@type\":\"ImageObject\",\"inLanguage\":\"en-US\",\"@id\":\"https:\\\/\\\/bmj.com.br\\\/#\\\/schema\\\/logo\\\/image\\\/\",\"url\":\"\",\"contentUrl\":\"\",\"caption\":\"BMJ Consultoria\"},\"image\":{\"@id\":\"https:\\\/\\\/bmj.com.br\\\/#\\\/schema\\\/logo\\\/image\\\/\"},\"sameAs\":[\"https:\\\/\\\/www.facebook.com\\\/BMJAssociados\\\/?ref=ts\",\"https:\\\/\\\/x.com\\\/BMJconsultoria\",\"https:\\\/\\\/www.instagram.com\\\/bmjconsultoria\\\/\",\"https:\\\/\\\/www.linkedin.com\\\/company\\\/bmjconsultoresassociados\\\/?originalSubdomain=br\",\"https:\\\/\\\/www.youtube.com\\\/user\\\/bmjconsultoria\"]},{\"@type\":\"Person\",\"@id\":\"https:\\\/\\\/bmj.com.br\\\/#\\\/schema\\\/person\\\/e3d3984837d4d1847e83b4197aa02975\",\"name\":\"Dennis Bravo\",\"image\":{\"@type\":\"ImageObject\",\"inLanguage\":\"en-US\",\"@id\":\"https:\\\/\\\/secure.gravatar.com\\\/avatar\\\/6a711d6eb2c762e1fa0b1af3d0183adea3563153cc8b6e8820177b2fec199793?s=96&d=mm&r=g\",\"url\":\"https:\\\/\\\/secure.gravatar.com\\\/avatar\\\/6a711d6eb2c762e1fa0b1af3d0183adea3563153cc8b6e8820177b2fec199793?s=96&d=mm&r=g\",\"contentUrl\":\"https:\\\/\\\/secure.gravatar.com\\\/avatar\\\/6a711d6eb2c762e1fa0b1af3d0183adea3563153cc8b6e8820177b2fec199793?s=96&d=mm&r=g\",\"caption\":\"Dennis Bravo\"},\"url\":\"https:\\\/\\\/bmj.com.br\\\/en\\\/author\\\/matheus-rossi\\\/\"}]}<\/script>\n<!-- \/ Yoast SEO plugin. -->","yoast_head_json":{"title":"A gripe avi\u00e1ria e o impacto na economia - BMJ","robots":{"index":"index","follow":"follow","max-snippet":"max-snippet:-1","max-image-preview":"max-image-preview:large","max-video-preview":"max-video-preview:-1"},"canonical":"https:\/\/bmj.com.br\/en\/a-gripe-aviaria-e-o-impacto-na-economia\/","og_locale":"en_US","og_type":"article","og_title":"A gripe avi\u00e1ria e o impacto na economia - BMJ","og_description":"A Influenza Avi\u00e1ria (IA) encontra-se em destaque nas principais colunas de not\u00edcias do agroneg\u00f3cio mundial. Nos \u00faltimos 3 meses foram encontrados focos de IA em pelo menos 34 pa\u00edses e...","og_url":"https:\/\/bmj.com.br\/en\/a-gripe-aviaria-e-o-impacto-na-economia\/","og_site_name":"BMJ","article_publisher":"https:\/\/www.facebook.com\/BMJAssociados\/?ref=ts","article_published_time":"2017-01-16T16:16:45+00:00","article_modified_time":"2017-05-16T15:24:25+00:00","og_image":[{"width":1024,"height":681,"url":"https:\/\/bmj.com.br\/wp-content\/uploads\/2017\/01\/A-gripe-avi\u00e1ria-e-o-impacto-na-economia-1.jpg","type":"image\/jpeg"}],"author":"Dennis Bravo","twitter_card":"summary_large_image","twitter_creator":"@BMJconsultoria","twitter_site":"@BMJconsultoria","twitter_misc":{"Written by":"Dennis Bravo","Est. reading time":"4 minutes"},"schema":{"@context":"https:\/\/schema.org","@graph":[{"@type":"Article","@id":"https:\/\/bmj.com.br\/a-gripe-aviaria-e-o-impacto-na-economia\/#article","isPartOf":{"@id":"https:\/\/bmj.com.br\/a-gripe-aviaria-e-o-impacto-na-economia\/"},"author":{"name":"Dennis Bravo","@id":"https:\/\/bmj.com.br\/#\/schema\/person\/e3d3984837d4d1847e83b4197aa02975"},"headline":"A gripe avi\u00e1ria e o impacto na economia","datePublished":"2017-01-16T16:16:45+00:00","dateModified":"2017-05-16T15:24:25+00:00","mainEntityOfPage":{"@id":"https:\/\/bmj.com.br\/a-gripe-aviaria-e-o-impacto-na-economia\/"},"wordCount":738,"commentCount":0,"publisher":{"@id":"https:\/\/bmj.com.br\/#organization"},"image":{"@id":"https:\/\/bmj.com.br\/a-gripe-aviaria-e-o-impacto-na-economia\/#primaryimage"},"thumbnailUrl":"https:\/\/bmj.com.br\/wp-content\/uploads\/2017\/01\/A-gripe-avi\u00e1ria-e-o-impacto-na-economia-1.jpg","articleSection":["Assuntos Regulat\u00f3rios"],"inLanguage":"en-US","potentialAction":[{"@type":"CommentAction","name":"Comment","target":["https:\/\/bmj.com.br\/a-gripe-aviaria-e-o-impacto-na-economia\/#respond"]}]},{"@type":"WebPage","@id":"https:\/\/bmj.com.br\/a-gripe-aviaria-e-o-impacto-na-economia\/","url":"https:\/\/bmj.com.br\/a-gripe-aviaria-e-o-impacto-na-economia\/","name":"A gripe avi\u00e1ria e o impacto na economia - BMJ","isPartOf":{"@id":"https:\/\/bmj.com.br\/#website"},"primaryImageOfPage":{"@id":"https:\/\/bmj.com.br\/a-gripe-aviaria-e-o-impacto-na-economia\/#primaryimage"},"image":{"@id":"https:\/\/bmj.com.br\/a-gripe-aviaria-e-o-impacto-na-economia\/#primaryimage"},"thumbnailUrl":"https:\/\/bmj.com.br\/wp-content\/uploads\/2017\/01\/A-gripe-avi\u00e1ria-e-o-impacto-na-economia-1.jpg","datePublished":"2017-01-16T16:16:45+00:00","dateModified":"2017-05-16T15:24:25+00:00","breadcrumb":{"@id":"https:\/\/bmj.com.br\/a-gripe-aviaria-e-o-impacto-na-economia\/#breadcrumb"},"inLanguage":"en-US","potentialAction":[{"@type":"ReadAction","target":["https:\/\/bmj.com.br\/a-gripe-aviaria-e-o-impacto-na-economia\/"]}]},{"@type":"ImageObject","inLanguage":"en-US","@id":"https:\/\/bmj.com.br\/a-gripe-aviaria-e-o-impacto-na-economia\/#primaryimage","url":"https:\/\/bmj.com.br\/wp-content\/uploads\/2017\/01\/A-gripe-avi\u00e1ria-e-o-impacto-na-economia-1.jpg","contentUrl":"https:\/\/bmj.com.br\/wp-content\/uploads\/2017\/01\/A-gripe-avi\u00e1ria-e-o-impacto-na-economia-1.jpg","width":1024,"height":681},{"@type":"BreadcrumbList","@id":"https:\/\/bmj.com.br\/a-gripe-aviaria-e-o-impacto-na-economia\/#breadcrumb","itemListElement":[{"@type":"ListItem","position":1,"name":"Home","item":"https:\/\/bmj.com.br\/"},{"@type":"ListItem","position":2,"name":"A gripe avi\u00e1ria e o impacto na economia"}]},{"@type":"WebSite","@id":"https:\/\/bmj.com.br\/#website","url":"https:\/\/bmj.com.br\/","name":"BMJ","description":"Consultores Associados","publisher":{"@id":"https:\/\/bmj.com.br\/#organization"},"potentialAction":[{"@type":"SearchAction","target":{"@type":"EntryPoint","urlTemplate":"https:\/\/bmj.com.br\/?s={search_term_string}"},"query-input":{"@type":"PropertyValueSpecification","valueRequired":true,"valueName":"search_term_string"}}],"inLanguage":"en-US"},{"@type":"Organization","@id":"https:\/\/bmj.com.br\/#organization","name":"BMJ Consultoria","url":"https:\/\/bmj.com.br\/","logo":{"@type":"ImageObject","inLanguage":"en-US","@id":"https:\/\/bmj.com.br\/#\/schema\/logo\/image\/","url":"","contentUrl":"","caption":"BMJ Consultoria"},"image":{"@id":"https:\/\/bmj.com.br\/#\/schema\/logo\/image\/"},"sameAs":["https:\/\/www.facebook.com\/BMJAssociados\/?ref=ts","https:\/\/x.com\/BMJconsultoria","https:\/\/www.instagram.com\/bmjconsultoria\/","https:\/\/www.linkedin.com\/company\/bmjconsultoresassociados\/?originalSubdomain=br","https:\/\/www.youtube.com\/user\/bmjconsultoria"]},{"@type":"Person","@id":"https:\/\/bmj.com.br\/#\/schema\/person\/e3d3984837d4d1847e83b4197aa02975","name":"Dennis Bravo","image":{"@type":"ImageObject","inLanguage":"en-US","@id":"https:\/\/secure.gravatar.com\/avatar\/6a711d6eb2c762e1fa0b1af3d0183adea3563153cc8b6e8820177b2fec199793?s=96&d=mm&r=g","url":"https:\/\/secure.gravatar.com\/avatar\/6a711d6eb2c762e1fa0b1af3d0183adea3563153cc8b6e8820177b2fec199793?s=96&d=mm&r=g","contentUrl":"https:\/\/secure.gravatar.com\/avatar\/6a711d6eb2c762e1fa0b1af3d0183adea3563153cc8b6e8820177b2fec199793?s=96&d=mm&r=g","caption":"Dennis Bravo"},"url":"https:\/\/bmj.com.br\/en\/author\/matheus-rossi\/"}]}},"_links":{"self":[{"href":"https:\/\/bmj.com.br\/en\/wp-json\/wp\/v2\/posts\/2423","targetHints":{"allow":["GET"]}}],"collection":[{"href":"https:\/\/bmj.com.br\/en\/wp-json\/wp\/v2\/posts"}],"about":[{"href":"https:\/\/bmj.com.br\/en\/wp-json\/wp\/v2\/types\/post"}],"author":[{"embeddable":true,"href":"https:\/\/bmj.com.br\/en\/wp-json\/wp\/v2\/users\/15"}],"replies":[{"embeddable":true,"href":"https:\/\/bmj.com.br\/en\/wp-json\/wp\/v2\/comments?post=2423"}],"version-history":[{"count":0,"href":"https:\/\/bmj.com.br\/en\/wp-json\/wp\/v2\/posts\/2423\/revisions"}],"wp:featuredmedia":[{"embeddable":true,"href":"https:\/\/bmj.com.br\/en\/wp-json\/wp\/v2\/media\/2968"}],"wp:attachment":[{"href":"https:\/\/bmj.com.br\/en\/wp-json\/wp\/v2\/media?parent=2423"}],"wp:term":[{"taxonomy":"category","embeddable":true,"href":"https:\/\/bmj.com.br\/en\/wp-json\/wp\/v2\/categories?post=2423"},{"taxonomy":"post_tag","embeddable":true,"href":"https:\/\/bmj.com.br\/en\/wp-json\/wp\/v2\/tags?post=2423"}],"curies":[{"name":"wp","href":"https:\/\/api.w.org\/{rel}","templated":true}]}}