{"id":2467,"date":"2017-01-20T16:50:43","date_gmt":"2017-01-20T18:50:43","guid":{"rendered":"http:\/\/barralmjorge.pixelwolf.com.br\/?p=2467"},"modified":"2017-02-23T16:51:33","modified_gmt":"2017-02-23T19:51:33","slug":"substituicao-de-teori-quem-vai-herdar-os-processos-da-lava-jato-no-stf","status":"publish","type":"post","link":"https:\/\/bmj.com.br\/en\/substituicao-de-teori-quem-vai-herdar-os-processos-da-lava-jato-no-stf\/","title":{"rendered":"Substitui\u00e7\u00e3o de Teori: quem vai herdar os processos da Lava Jato no STF?"},"content":{"rendered":"<p><img decoding=\"async\" src=\"https:\/\/bmj.com.br\/images\/Substitui%C3%A7%C3%A3o_de_Teori_quem_vai_herdar_os_processos_da_Lava_Jato_no_STF-01.png\" alt=\"\" \/><\/p>\n<p>A sucess\u00e3o do ministro Teori Zavascki no Supremo Tribunal Federal poder\u00e1 se dar de tr\u00eas formas diferentes: o futuro ministro indicado pelo presidente Michel Temer herda os processos de Teori; a presidente da Corte redistribui a relatoria para um dos outros noves ministros ou o ministro revisor dos processos da Opera\u00e7\u00e3o Lava Jato assumiria a condu\u00e7\u00e3o do caso no STF.<\/p>\n<p>O analista pol\u00edtico da Barral M Jorge, Juliano Griebeler, deu entrevista ao portal Infomoney e afimou que o placar na 2\u00aa Turma do STF, que \u00e9 o respons\u00e1vel pelo julgamento de inqu\u00e9ritos, a\u00e7\u00f5es penais e quest\u00f5es relacionadas \u00e0 Opera\u00e7\u00e3o Lava-Jato estava acirrado, com 3 votos a 2 de decis\u00f5es &#8220;desfavor\u00e1veis&#8221; \u00e0 for\u00e7a-tarefa de Curitiba, com Teori fazendo parte da minoria. &#8220;Quem ser\u00e1 nomeado pode influenciar no destino do processo da Lava Jato. Ainda assim, Carmem L\u00facia n\u00e3o deve se precipitar na decis\u00e3o da relatoria, pela gravidade do ocorrido e com o Supremo em recesso&#8221;, aponta o analista. Neste cen\u00e1rio, Temer ter\u00e1 que indicar um novo ministro, at\u00e9 l\u00e1 a Corte ficaria com 10 ministros, o que pode levar a empates nas vota\u00e7\u00f5es.<\/p>\n<p>&nbsp;<\/p>\n<p><a href=\"https:\/\/goo.gl\/2r3hyl\">Leia a reportagem completa de Lara Riz\u00e9rio,\u00a0Marcos Mortari\u00a0e M\u00e1rio Braga\u00a0para o Infomoney.<\/a><\/p>","protected":false},"excerpt":{"rendered":"<p>A sucess\u00e3o do ministro Teori Zavascki no Supremo Tribunal Federal poder\u00e1 se dar de tr\u00eas formas diferentes: o futuro ministro indicado pelo presidente Michel Temer herda os processos de Teori;&#8230;<\/p>","protected":false},"author":15,"featured_media":2468,"comment_status":"open","ping_status":"open","sticky":false,"template":"","format":"standard","meta":{"_acf_changed":false,"_exactmetrics_skip_tracking":false,"_exactmetrics_sitenote_active":false,"_exactmetrics_sitenote_note":"","_exactmetrics_sitenote_category":0,"footnotes":""},"categories":[45],"tags":[],"class_list":{"0":"post-2467","1":"post","2":"type-post","3":"status-publish","4":"format-standard","5":"has-post-thumbnail","7":"category-relacoes-governamentais"},"acf":[],"yoast_head":"<!-- This site is optimized with the Yoast SEO plugin v27.4 - https:\/\/yoast.com\/product\/yoast-seo-wordpress\/ -->\n<title>Substitui\u00e7\u00e3o de Teori: quem vai herdar os processos da Lava Jato no STF? - BMJ<\/title>\n<meta name=\"robots\" content=\"index, follow, max-snippet:-1, max-image-preview:large, max-video-preview:-1\" \/>\n<link rel=\"canonical\" href=\"https:\/\/bmj.com.br\/en\/substituicao-de-teori-quem-vai-herdar-os-processos-da-lava-jato-no-stf\/\" \/>\n<meta property=\"og:locale\" content=\"en_US\" \/>\n<meta property=\"og:type\" content=\"article\" \/>\n<meta property=\"og:title\" content=\"Substitui\u00e7\u00e3o de Teori: quem vai herdar os processos da Lava Jato no STF? - BMJ\" \/>\n<meta property=\"og:description\" content=\"A sucess\u00e3o do ministro Teori Zavascki no Supremo Tribunal Federal poder\u00e1 se dar de tr\u00eas formas diferentes: o futuro ministro indicado pelo presidente Michel Temer herda os processos de Teori;...\" \/>\n<meta property=\"og:url\" content=\"https:\/\/bmj.com.br\/en\/substituicao-de-teori-quem-vai-herdar-os-processos-da-lava-jato-no-stf\/\" \/>\n<meta property=\"og:site_name\" content=\"BMJ\" \/>\n<meta property=\"article:publisher\" content=\"https:\/\/www.facebook.com\/BMJAssociados\/?ref=ts\" \/>\n<meta property=\"article:published_time\" content=\"2017-01-20T18:50:43+00:00\" \/>\n<meta property=\"article:modified_time\" content=\"2017-02-23T19:51:33+00:00\" \/>\n<meta property=\"og:image\" content=\"https:\/\/bmj.com.br\/wp-content\/uploads\/2017\/02\/Substitui\u00e7\u00e3o-de-Teori-quem-vai-herdar-os-processos-da-Lava-Jato-no-STF-01.png\" \/>\n\t<meta property=\"og:image:width\" content=\"1398\" \/>\n\t<meta property=\"og:image:height\" content=\"915\" \/>\n\t<meta property=\"og:image:type\" content=\"image\/png\" \/>\n<meta name=\"author\" content=\"Dennis Bravo\" \/>\n<meta name=\"twitter:card\" content=\"summary_large_image\" \/>\n<meta name=\"twitter:creator\" content=\"@BMJconsultoria\" \/>\n<meta name=\"twitter:site\" content=\"@BMJconsultoria\" \/>\n<meta name=\"twitter:label1\" content=\"Written by\" \/>\n\t<meta name=\"twitter:data1\" content=\"Dennis Bravo\" \/>\n\t<meta name=\"twitter:label2\" content=\"Est. reading time\" \/>\n\t<meta name=\"twitter:data2\" content=\"1 minute\" \/>\n<script type=\"application\/ld+json\" class=\"yoast-schema-graph\">{\"@context\":\"https:\\\/\\\/schema.org\",\"@graph\":[{\"@type\":\"Article\",\"@id\":\"https:\\\/\\\/bmj.com.br\\\/en\\\/substituicao-de-teori-quem-vai-herdar-os-processos-da-lava-jato-no-stf\\\/#article\",\"isPartOf\":{\"@id\":\"https:\\\/\\\/bmj.com.br\\\/en\\\/substituicao-de-teori-quem-vai-herdar-os-processos-da-lava-jato-no-stf\\\/\"},\"author\":{\"name\":\"Dennis Bravo\",\"@id\":\"https:\\\/\\\/bmj.com.br\\\/#\\\/schema\\\/person\\\/e3d3984837d4d1847e83b4197aa02975\"},\"headline\":\"Substitui\u00e7\u00e3o de Teori: quem vai herdar os processos da Lava Jato no STF?\",\"datePublished\":\"2017-01-20T18:50:43+00:00\",\"dateModified\":\"2017-02-23T19:51:33+00:00\",\"mainEntityOfPage\":{\"@id\":\"https:\\\/\\\/bmj.com.br\\\/en\\\/substituicao-de-teori-quem-vai-herdar-os-processos-da-lava-jato-no-stf\\\/\"},\"wordCount\":225,\"commentCount\":0,\"publisher\":{\"@id\":\"https:\\\/\\\/bmj.com.br\\\/#organization\"},\"image\":{\"@id\":\"https:\\\/\\\/bmj.com.br\\\/en\\\/substituicao-de-teori-quem-vai-herdar-os-processos-da-lava-jato-no-stf\\\/#primaryimage\"},\"thumbnailUrl\":\"https:\\\/\\\/bmj.com.br\\\/wp-content\\\/uploads\\\/2017\\\/02\\\/Substitui\u00e7\u00e3o-de-Teori-quem-vai-herdar-os-processos-da-Lava-Jato-no-STF-01.png\",\"articleSection\":[\"Rela\u00e7\u00f5es Governamentais\"],\"inLanguage\":\"en-US\",\"potentialAction\":[{\"@type\":\"CommentAction\",\"name\":\"Comment\",\"target\":[\"https:\\\/\\\/bmj.com.br\\\/en\\\/substituicao-de-teori-quem-vai-herdar-os-processos-da-lava-jato-no-stf\\\/#respond\"]}]},{\"@type\":\"WebPage\",\"@id\":\"https:\\\/\\\/bmj.com.br\\\/en\\\/substituicao-de-teori-quem-vai-herdar-os-processos-da-lava-jato-no-stf\\\/\",\"url\":\"https:\\\/\\\/bmj.com.br\\\/en\\\/substituicao-de-teori-quem-vai-herdar-os-processos-da-lava-jato-no-stf\\\/\",\"name\":\"Substitui\u00e7\u00e3o de Teori: quem vai herdar os processos da Lava Jato no STF? - BMJ\",\"isPartOf\":{\"@id\":\"https:\\\/\\\/bmj.com.br\\\/#website\"},\"primaryImageOfPage\":{\"@id\":\"https:\\\/\\\/bmj.com.br\\\/en\\\/substituicao-de-teori-quem-vai-herdar-os-processos-da-lava-jato-no-stf\\\/#primaryimage\"},\"image\":{\"@id\":\"https:\\\/\\\/bmj.com.br\\\/en\\\/substituicao-de-teori-quem-vai-herdar-os-processos-da-lava-jato-no-stf\\\/#primaryimage\"},\"thumbnailUrl\":\"https:\\\/\\\/bmj.com.br\\\/wp-content\\\/uploads\\\/2017\\\/02\\\/Substitui\u00e7\u00e3o-de-Teori-quem-vai-herdar-os-processos-da-Lava-Jato-no-STF-01.png\",\"datePublished\":\"2017-01-20T18:50:43+00:00\",\"dateModified\":\"2017-02-23T19:51:33+00:00\",\"breadcrumb\":{\"@id\":\"https:\\\/\\\/bmj.com.br\\\/en\\\/substituicao-de-teori-quem-vai-herdar-os-processos-da-lava-jato-no-stf\\\/#breadcrumb\"},\"inLanguage\":\"en-US\",\"potentialAction\":[{\"@type\":\"ReadAction\",\"target\":[\"https:\\\/\\\/bmj.com.br\\\/en\\\/substituicao-de-teori-quem-vai-herdar-os-processos-da-lava-jato-no-stf\\\/\"]}]},{\"@type\":\"ImageObject\",\"inLanguage\":\"en-US\",\"@id\":\"https:\\\/\\\/bmj.com.br\\\/en\\\/substituicao-de-teori-quem-vai-herdar-os-processos-da-lava-jato-no-stf\\\/#primaryimage\",\"url\":\"https:\\\/\\\/bmj.com.br\\\/wp-content\\\/uploads\\\/2017\\\/02\\\/Substitui\u00e7\u00e3o-de-Teori-quem-vai-herdar-os-processos-da-Lava-Jato-no-STF-01.png\",\"contentUrl\":\"https:\\\/\\\/bmj.com.br\\\/wp-content\\\/uploads\\\/2017\\\/02\\\/Substitui\u00e7\u00e3o-de-Teori-quem-vai-herdar-os-processos-da-Lava-Jato-no-STF-01.png\",\"width\":1398,\"height\":915},{\"@type\":\"BreadcrumbList\",\"@id\":\"https:\\\/\\\/bmj.com.br\\\/en\\\/substituicao-de-teori-quem-vai-herdar-os-processos-da-lava-jato-no-stf\\\/#breadcrumb\",\"itemListElement\":[{\"@type\":\"ListItem\",\"position\":1,\"name\":\"Home\",\"item\":\"https:\\\/\\\/bmj.com.br\\\/\"},{\"@type\":\"ListItem\",\"position\":2,\"name\":\"Substitui\u00e7\u00e3o de Teori: quem vai herdar os processos da Lava Jato no STF?\"}]},{\"@type\":\"WebSite\",\"@id\":\"https:\\\/\\\/bmj.com.br\\\/#website\",\"url\":\"https:\\\/\\\/bmj.com.br\\\/\",\"name\":\"BMJ\",\"description\":\"Consultores Associados\",\"publisher\":{\"@id\":\"https:\\\/\\\/bmj.com.br\\\/#organization\"},\"potentialAction\":[{\"@type\":\"SearchAction\",\"target\":{\"@type\":\"EntryPoint\",\"urlTemplate\":\"https:\\\/\\\/bmj.com.br\\\/?s={search_term_string}\"},\"query-input\":{\"@type\":\"PropertyValueSpecification\",\"valueRequired\":true,\"valueName\":\"search_term_string\"}}],\"inLanguage\":\"en-US\"},{\"@type\":\"Organization\",\"@id\":\"https:\\\/\\\/bmj.com.br\\\/#organization\",\"name\":\"BMJ Consultoria\",\"url\":\"https:\\\/\\\/bmj.com.br\\\/\",\"logo\":{\"@type\":\"ImageObject\",\"inLanguage\":\"en-US\",\"@id\":\"https:\\\/\\\/bmj.com.br\\\/#\\\/schema\\\/logo\\\/image\\\/\",\"url\":\"\",\"contentUrl\":\"\",\"caption\":\"BMJ Consultoria\"},\"image\":{\"@id\":\"https:\\\/\\\/bmj.com.br\\\/#\\\/schema\\\/logo\\\/image\\\/\"},\"sameAs\":[\"https:\\\/\\\/www.facebook.com\\\/BMJAssociados\\\/?ref=ts\",\"https:\\\/\\\/x.com\\\/BMJconsultoria\",\"https:\\\/\\\/www.instagram.com\\\/bmjconsultoria\\\/\",\"https:\\\/\\\/www.linkedin.com\\\/company\\\/bmjconsultoresassociados\\\/?originalSubdomain=br\",\"https:\\\/\\\/www.youtube.com\\\/user\\\/bmjconsultoria\"]},{\"@type\":\"Person\",\"@id\":\"https:\\\/\\\/bmj.com.br\\\/#\\\/schema\\\/person\\\/e3d3984837d4d1847e83b4197aa02975\",\"name\":\"Dennis Bravo\",\"image\":{\"@type\":\"ImageObject\",\"inLanguage\":\"en-US\",\"@id\":\"https:\\\/\\\/secure.gravatar.com\\\/avatar\\\/6a711d6eb2c762e1fa0b1af3d0183adea3563153cc8b6e8820177b2fec199793?s=96&d=mm&r=g\",\"url\":\"https:\\\/\\\/secure.gravatar.com\\\/avatar\\\/6a711d6eb2c762e1fa0b1af3d0183adea3563153cc8b6e8820177b2fec199793?s=96&d=mm&r=g\",\"contentUrl\":\"https:\\\/\\\/secure.gravatar.com\\\/avatar\\\/6a711d6eb2c762e1fa0b1af3d0183adea3563153cc8b6e8820177b2fec199793?s=96&d=mm&r=g\",\"caption\":\"Dennis Bravo\"},\"url\":\"https:\\\/\\\/bmj.com.br\\\/en\\\/author\\\/matheus-rossi\\\/\"}]}<\/script>\n<!-- \/ Yoast SEO plugin. -->","yoast_head_json":{"title":"Substitui\u00e7\u00e3o de Teori: quem vai herdar os processos da Lava Jato no STF? - BMJ","robots":{"index":"index","follow":"follow","max-snippet":"max-snippet:-1","max-image-preview":"max-image-preview:large","max-video-preview":"max-video-preview:-1"},"canonical":"https:\/\/bmj.com.br\/en\/substituicao-de-teori-quem-vai-herdar-os-processos-da-lava-jato-no-stf\/","og_locale":"en_US","og_type":"article","og_title":"Substitui\u00e7\u00e3o de Teori: quem vai herdar os processos da Lava Jato no STF? - BMJ","og_description":"A sucess\u00e3o do ministro Teori Zavascki no Supremo Tribunal Federal poder\u00e1 se dar de tr\u00eas formas diferentes: o futuro ministro indicado pelo presidente Michel Temer herda os processos de Teori;...","og_url":"https:\/\/bmj.com.br\/en\/substituicao-de-teori-quem-vai-herdar-os-processos-da-lava-jato-no-stf\/","og_site_name":"BMJ","article_publisher":"https:\/\/www.facebook.com\/BMJAssociados\/?ref=ts","article_published_time":"2017-01-20T18:50:43+00:00","article_modified_time":"2017-02-23T19:51:33+00:00","og_image":[{"width":1398,"height":915,"url":"https:\/\/bmj.com.br\/wp-content\/uploads\/2017\/02\/Substitui\u00e7\u00e3o-de-Teori-quem-vai-herdar-os-processos-da-Lava-Jato-no-STF-01.png","type":"image\/png"}],"author":"Dennis Bravo","twitter_card":"summary_large_image","twitter_creator":"@BMJconsultoria","twitter_site":"@BMJconsultoria","twitter_misc":{"Written by":"Dennis Bravo","Est. reading time":"1 minute"},"schema":{"@context":"https:\/\/schema.org","@graph":[{"@type":"Article","@id":"https:\/\/bmj.com.br\/en\/substituicao-de-teori-quem-vai-herdar-os-processos-da-lava-jato-no-stf\/#article","isPartOf":{"@id":"https:\/\/bmj.com.br\/en\/substituicao-de-teori-quem-vai-herdar-os-processos-da-lava-jato-no-stf\/"},"author":{"name":"Dennis Bravo","@id":"https:\/\/bmj.com.br\/#\/schema\/person\/e3d3984837d4d1847e83b4197aa02975"},"headline":"Substitui\u00e7\u00e3o de Teori: quem vai herdar os processos da Lava Jato no STF?","datePublished":"2017-01-20T18:50:43+00:00","dateModified":"2017-02-23T19:51:33+00:00","mainEntityOfPage":{"@id":"https:\/\/bmj.com.br\/en\/substituicao-de-teori-quem-vai-herdar-os-processos-da-lava-jato-no-stf\/"},"wordCount":225,"commentCount":0,"publisher":{"@id":"https:\/\/bmj.com.br\/#organization"},"image":{"@id":"https:\/\/bmj.com.br\/en\/substituicao-de-teori-quem-vai-herdar-os-processos-da-lava-jato-no-stf\/#primaryimage"},"thumbnailUrl":"https:\/\/bmj.com.br\/wp-content\/uploads\/2017\/02\/Substitui\u00e7\u00e3o-de-Teori-quem-vai-herdar-os-processos-da-Lava-Jato-no-STF-01.png","articleSection":["Rela\u00e7\u00f5es Governamentais"],"inLanguage":"en-US","potentialAction":[{"@type":"CommentAction","name":"Comment","target":["https:\/\/bmj.com.br\/en\/substituicao-de-teori-quem-vai-herdar-os-processos-da-lava-jato-no-stf\/#respond"]}]},{"@type":"WebPage","@id":"https:\/\/bmj.com.br\/en\/substituicao-de-teori-quem-vai-herdar-os-processos-da-lava-jato-no-stf\/","url":"https:\/\/bmj.com.br\/en\/substituicao-de-teori-quem-vai-herdar-os-processos-da-lava-jato-no-stf\/","name":"Substitui\u00e7\u00e3o de Teori: quem vai herdar os processos da Lava Jato no STF? - BMJ","isPartOf":{"@id":"https:\/\/bmj.com.br\/#website"},"primaryImageOfPage":{"@id":"https:\/\/bmj.com.br\/en\/substituicao-de-teori-quem-vai-herdar-os-processos-da-lava-jato-no-stf\/#primaryimage"},"image":{"@id":"https:\/\/bmj.com.br\/en\/substituicao-de-teori-quem-vai-herdar-os-processos-da-lava-jato-no-stf\/#primaryimage"},"thumbnailUrl":"https:\/\/bmj.com.br\/wp-content\/uploads\/2017\/02\/Substitui\u00e7\u00e3o-de-Teori-quem-vai-herdar-os-processos-da-Lava-Jato-no-STF-01.png","datePublished":"2017-01-20T18:50:43+00:00","dateModified":"2017-02-23T19:51:33+00:00","breadcrumb":{"@id":"https:\/\/bmj.com.br\/en\/substituicao-de-teori-quem-vai-herdar-os-processos-da-lava-jato-no-stf\/#breadcrumb"},"inLanguage":"en-US","potentialAction":[{"@type":"ReadAction","target":["https:\/\/bmj.com.br\/en\/substituicao-de-teori-quem-vai-herdar-os-processos-da-lava-jato-no-stf\/"]}]},{"@type":"ImageObject","inLanguage":"en-US","@id":"https:\/\/bmj.com.br\/en\/substituicao-de-teori-quem-vai-herdar-os-processos-da-lava-jato-no-stf\/#primaryimage","url":"https:\/\/bmj.com.br\/wp-content\/uploads\/2017\/02\/Substitui\u00e7\u00e3o-de-Teori-quem-vai-herdar-os-processos-da-Lava-Jato-no-STF-01.png","contentUrl":"https:\/\/bmj.com.br\/wp-content\/uploads\/2017\/02\/Substitui\u00e7\u00e3o-de-Teori-quem-vai-herdar-os-processos-da-Lava-Jato-no-STF-01.png","width":1398,"height":915},{"@type":"BreadcrumbList","@id":"https:\/\/bmj.com.br\/en\/substituicao-de-teori-quem-vai-herdar-os-processos-da-lava-jato-no-stf\/#breadcrumb","itemListElement":[{"@type":"ListItem","position":1,"name":"Home","item":"https:\/\/bmj.com.br\/"},{"@type":"ListItem","position":2,"name":"Substitui\u00e7\u00e3o de Teori: quem vai herdar os processos da Lava Jato no STF?"}]},{"@type":"WebSite","@id":"https:\/\/bmj.com.br\/#website","url":"https:\/\/bmj.com.br\/","name":"BMJ","description":"Consultores Associados","publisher":{"@id":"https:\/\/bmj.com.br\/#organization"},"potentialAction":[{"@type":"SearchAction","target":{"@type":"EntryPoint","urlTemplate":"https:\/\/bmj.com.br\/?s={search_term_string}"},"query-input":{"@type":"PropertyValueSpecification","valueRequired":true,"valueName":"search_term_string"}}],"inLanguage":"en-US"},{"@type":"Organization","@id":"https:\/\/bmj.com.br\/#organization","name":"BMJ Consultoria","url":"https:\/\/bmj.com.br\/","logo":{"@type":"ImageObject","inLanguage":"en-US","@id":"https:\/\/bmj.com.br\/#\/schema\/logo\/image\/","url":"","contentUrl":"","caption":"BMJ Consultoria"},"image":{"@id":"https:\/\/bmj.com.br\/#\/schema\/logo\/image\/"},"sameAs":["https:\/\/www.facebook.com\/BMJAssociados\/?ref=ts","https:\/\/x.com\/BMJconsultoria","https:\/\/www.instagram.com\/bmjconsultoria\/","https:\/\/www.linkedin.com\/company\/bmjconsultoresassociados\/?originalSubdomain=br","https:\/\/www.youtube.com\/user\/bmjconsultoria"]},{"@type":"Person","@id":"https:\/\/bmj.com.br\/#\/schema\/person\/e3d3984837d4d1847e83b4197aa02975","name":"Dennis Bravo","image":{"@type":"ImageObject","inLanguage":"en-US","@id":"https:\/\/secure.gravatar.com\/avatar\/6a711d6eb2c762e1fa0b1af3d0183adea3563153cc8b6e8820177b2fec199793?s=96&d=mm&r=g","url":"https:\/\/secure.gravatar.com\/avatar\/6a711d6eb2c762e1fa0b1af3d0183adea3563153cc8b6e8820177b2fec199793?s=96&d=mm&r=g","contentUrl":"https:\/\/secure.gravatar.com\/avatar\/6a711d6eb2c762e1fa0b1af3d0183adea3563153cc8b6e8820177b2fec199793?s=96&d=mm&r=g","caption":"Dennis Bravo"},"url":"https:\/\/bmj.com.br\/en\/author\/matheus-rossi\/"}]}},"_links":{"self":[{"href":"https:\/\/bmj.com.br\/en\/wp-json\/wp\/v2\/posts\/2467","targetHints":{"allow":["GET"]}}],"collection":[{"href":"https:\/\/bmj.com.br\/en\/wp-json\/wp\/v2\/posts"}],"about":[{"href":"https:\/\/bmj.com.br\/en\/wp-json\/wp\/v2\/types\/post"}],"author":[{"embeddable":true,"href":"https:\/\/bmj.com.br\/en\/wp-json\/wp\/v2\/users\/15"}],"replies":[{"embeddable":true,"href":"https:\/\/bmj.com.br\/en\/wp-json\/wp\/v2\/comments?post=2467"}],"version-history":[{"count":0,"href":"https:\/\/bmj.com.br\/en\/wp-json\/wp\/v2\/posts\/2467\/revisions"}],"wp:featuredmedia":[{"embeddable":true,"href":"https:\/\/bmj.com.br\/en\/wp-json\/wp\/v2\/media\/2468"}],"wp:attachment":[{"href":"https:\/\/bmj.com.br\/en\/wp-json\/wp\/v2\/media?parent=2467"}],"wp:term":[{"taxonomy":"category","embeddable":true,"href":"https:\/\/bmj.com.br\/en\/wp-json\/wp\/v2\/categories?post=2467"},{"taxonomy":"post_tag","embeddable":true,"href":"https:\/\/bmj.com.br\/en\/wp-json\/wp\/v2\/tags?post=2467"}],"curies":[{"name":"wp","href":"https:\/\/api.w.org\/{rel}","templated":true}]}}