{"id":2480,"date":"2017-01-27T17:25:07","date_gmt":"2017-01-27T19:25:07","guid":{"rendered":"http:\/\/barralmjorge.pixelwolf.com.br\/?p=2480"},"modified":"2017-02-23T17:26:42","modified_gmt":"2017-02-23T20:26:42","slug":"de-lula-a-bolsonaro-o-que-os-7-candidatos-mais-provaveis-ao-planalto-podem-esperar-para-2018","status":"publish","type":"post","link":"https:\/\/bmj.com.br\/en\/de-lula-a-bolsonaro-o-que-os-7-candidatos-mais-provaveis-ao-planalto-podem-esperar-para-2018\/","title":{"rendered":"De Lula a Bolsonaro: o que os 7 candidatos mais prov\u00e1veis ao Planalto podem esperar para 2018"},"content":{"rendered":"<p><img decoding=\"async\" src=\"https:\/\/bmj.com.br\/images\/De_Lula_a_Bolsonaro_o_que_os_7_candidatos_mais_prov%C3%A1veis_ao_Planalto_podem_esperar_para_2018.JPG\" alt=\"\" \/><\/p>\n<p>Desde que a crise pol\u00edtica brasileira ganhou contornos dram\u00e1ticos, no come\u00e7o de 2015, o notici\u00e1rio sobre a inten\u00e7\u00e3o dos pol\u00edticos para as pr\u00f3ximas elei\u00e7\u00f5es presidenciais vem ganhando destaque. Mesmo o pleito ocorrendo apenas no final de 2018, \u00e9 poss\u00edvel observar diversas movimenta\u00e7\u00f5es entre os &#8220;caciques&#8221; de partidos, que vem se intensificando \u00e0 medida que a elei\u00e7\u00e3o se aproxima.<\/p>\n<p>O\u00a0portal de not\u00edcias Infomoney com Bloomberg publicou parte do relat\u00f3rio Brazil Outlook 2017, elaborado pela Barral M. Jorge, que destacou sete nomes que est\u00e3o no radar e a for\u00e7a que cada um deles possui para a elei\u00e7\u00e3o do ano que vem. Grandes nomes foram enfraquecidos, disputas intrapartid\u00e1rias come\u00e7aram a ser travadas e outsiders tomaram f\u00f4lego para o que pode se tornar uma das elei\u00e7\u00f5es mais disputadas desde 1989.<\/p>\n<p><a href=\"https:\/\/goo.gl\/eBCXEb\">Veja os candidatos.<\/a><\/p>\n<p>Em quem voc\u00ea aposta?<\/p>","protected":false},"excerpt":{"rendered":"<p>Desde que a crise pol\u00edtica brasileira ganhou contornos dram\u00e1ticos, no come\u00e7o de 2015, o notici\u00e1rio sobre a inten\u00e7\u00e3o dos pol\u00edticos para as pr\u00f3ximas elei\u00e7\u00f5es presidenciais vem ganhando destaque. Mesmo o&#8230;<\/p>","protected":false},"author":15,"featured_media":2481,"comment_status":"open","ping_status":"open","sticky":false,"template":"","format":"standard","meta":{"_acf_changed":false,"_exactmetrics_skip_tracking":false,"_exactmetrics_sitenote_active":false,"_exactmetrics_sitenote_note":"","_exactmetrics_sitenote_category":0,"footnotes":""},"categories":[45],"tags":[],"class_list":{"0":"post-2480","1":"post","2":"type-post","3":"status-publish","4":"format-standard","5":"has-post-thumbnail","7":"category-relacoes-governamentais"},"acf":[],"yoast_head":"<!-- This site is optimized with the Yoast SEO plugin v27.4 - https:\/\/yoast.com\/product\/yoast-seo-wordpress\/ -->\n<title>De Lula a Bolsonaro: o que os 7 candidatos mais prov\u00e1veis ao Planalto podem esperar para 2018 - BMJ<\/title>\n<meta name=\"robots\" content=\"index, follow, max-snippet:-1, max-image-preview:large, max-video-preview:-1\" \/>\n<link rel=\"canonical\" href=\"https:\/\/bmj.com.br\/en\/de-lula-a-bolsonaro-o-que-os-7-candidatos-mais-provaveis-ao-planalto-podem-esperar-para-2018\/\" \/>\n<meta property=\"og:locale\" content=\"en_US\" \/>\n<meta property=\"og:type\" content=\"article\" \/>\n<meta property=\"og:title\" content=\"De Lula a Bolsonaro: o que os 7 candidatos mais prov\u00e1veis ao Planalto podem esperar para 2018 - BMJ\" \/>\n<meta property=\"og:description\" content=\"Desde que a crise pol\u00edtica brasileira ganhou contornos dram\u00e1ticos, no come\u00e7o de 2015, o notici\u00e1rio sobre a inten\u00e7\u00e3o dos pol\u00edticos para as pr\u00f3ximas elei\u00e7\u00f5es presidenciais vem ganhando destaque. Mesmo o...\" \/>\n<meta property=\"og:url\" content=\"https:\/\/bmj.com.br\/en\/de-lula-a-bolsonaro-o-que-os-7-candidatos-mais-provaveis-ao-planalto-podem-esperar-para-2018\/\" \/>\n<meta property=\"og:site_name\" content=\"BMJ\" \/>\n<meta property=\"article:publisher\" content=\"https:\/\/www.facebook.com\/BMJAssociados\/?ref=ts\" \/>\n<meta property=\"article:published_time\" content=\"2017-01-27T19:25:07+00:00\" \/>\n<meta property=\"article:modified_time\" content=\"2017-02-23T20:26:42+00:00\" \/>\n<meta property=\"og:image\" content=\"https:\/\/bmj.com.br\/wp-content\/uploads\/2017\/02\/De-Lula-a-Bolsonaro-o-que-os-7-candidatos-mais-prov\u00e1veis-ao-Planalto-podem-esperar-para-2018.jpg\" \/>\n\t<meta property=\"og:image:width\" content=\"665\" \/>\n\t<meta property=\"og:image:height\" content=\"314\" \/>\n\t<meta property=\"og:image:type\" content=\"image\/jpeg\" \/>\n<meta name=\"author\" content=\"Dennis Bravo\" \/>\n<meta name=\"twitter:card\" content=\"summary_large_image\" \/>\n<meta name=\"twitter:creator\" content=\"@BMJconsultoria\" \/>\n<meta name=\"twitter:site\" content=\"@BMJconsultoria\" \/>\n<meta name=\"twitter:label1\" content=\"Written by\" \/>\n\t<meta name=\"twitter:data1\" content=\"Dennis Bravo\" \/>\n\t<meta name=\"twitter:label2\" content=\"Est. reading time\" \/>\n\t<meta name=\"twitter:data2\" content=\"1 minute\" \/>\n<script type=\"application\/ld+json\" class=\"yoast-schema-graph\">{\"@context\":\"https:\\\/\\\/schema.org\",\"@graph\":[{\"@type\":\"Article\",\"@id\":\"https:\\\/\\\/bmj.com.br\\\/de-lula-a-bolsonaro-o-que-os-7-candidatos-mais-provaveis-ao-planalto-podem-esperar-para-2018\\\/#article\",\"isPartOf\":{\"@id\":\"https:\\\/\\\/bmj.com.br\\\/de-lula-a-bolsonaro-o-que-os-7-candidatos-mais-provaveis-ao-planalto-podem-esperar-para-2018\\\/\"},\"author\":{\"name\":\"Dennis Bravo\",\"@id\":\"https:\\\/\\\/bmj.com.br\\\/#\\\/schema\\\/person\\\/e3d3984837d4d1847e83b4197aa02975\"},\"headline\":\"De Lula a Bolsonaro: o que os 7 candidatos mais prov\u00e1veis ao Planalto podem esperar para 2018\",\"datePublished\":\"2017-01-27T19:25:07+00:00\",\"dateModified\":\"2017-02-23T20:26:42+00:00\",\"mainEntityOfPage\":{\"@id\":\"https:\\\/\\\/bmj.com.br\\\/de-lula-a-bolsonaro-o-que-os-7-candidatos-mais-provaveis-ao-planalto-podem-esperar-para-2018\\\/\"},\"wordCount\":164,\"commentCount\":0,\"publisher\":{\"@id\":\"https:\\\/\\\/bmj.com.br\\\/#organization\"},\"image\":{\"@id\":\"https:\\\/\\\/bmj.com.br\\\/de-lula-a-bolsonaro-o-que-os-7-candidatos-mais-provaveis-ao-planalto-podem-esperar-para-2018\\\/#primaryimage\"},\"thumbnailUrl\":\"https:\\\/\\\/bmj.com.br\\\/wp-content\\\/uploads\\\/2017\\\/02\\\/De-Lula-a-Bolsonaro-o-que-os-7-candidatos-mais-prov\u00e1veis-ao-Planalto-podem-esperar-para-2018.jpg\",\"articleSection\":[\"Rela\u00e7\u00f5es Governamentais\"],\"inLanguage\":\"en-US\",\"potentialAction\":[{\"@type\":\"CommentAction\",\"name\":\"Comment\",\"target\":[\"https:\\\/\\\/bmj.com.br\\\/de-lula-a-bolsonaro-o-que-os-7-candidatos-mais-provaveis-ao-planalto-podem-esperar-para-2018\\\/#respond\"]}]},{\"@type\":\"WebPage\",\"@id\":\"https:\\\/\\\/bmj.com.br\\\/de-lula-a-bolsonaro-o-que-os-7-candidatos-mais-provaveis-ao-planalto-podem-esperar-para-2018\\\/\",\"url\":\"https:\\\/\\\/bmj.com.br\\\/de-lula-a-bolsonaro-o-que-os-7-candidatos-mais-provaveis-ao-planalto-podem-esperar-para-2018\\\/\",\"name\":\"De Lula a Bolsonaro: o que os 7 candidatos mais prov\u00e1veis ao Planalto podem esperar para 2018 - BMJ\",\"isPartOf\":{\"@id\":\"https:\\\/\\\/bmj.com.br\\\/#website\"},\"primaryImageOfPage\":{\"@id\":\"https:\\\/\\\/bmj.com.br\\\/de-lula-a-bolsonaro-o-que-os-7-candidatos-mais-provaveis-ao-planalto-podem-esperar-para-2018\\\/#primaryimage\"},\"image\":{\"@id\":\"https:\\\/\\\/bmj.com.br\\\/de-lula-a-bolsonaro-o-que-os-7-candidatos-mais-provaveis-ao-planalto-podem-esperar-para-2018\\\/#primaryimage\"},\"thumbnailUrl\":\"https:\\\/\\\/bmj.com.br\\\/wp-content\\\/uploads\\\/2017\\\/02\\\/De-Lula-a-Bolsonaro-o-que-os-7-candidatos-mais-prov\u00e1veis-ao-Planalto-podem-esperar-para-2018.jpg\",\"datePublished\":\"2017-01-27T19:25:07+00:00\",\"dateModified\":\"2017-02-23T20:26:42+00:00\",\"breadcrumb\":{\"@id\":\"https:\\\/\\\/bmj.com.br\\\/de-lula-a-bolsonaro-o-que-os-7-candidatos-mais-provaveis-ao-planalto-podem-esperar-para-2018\\\/#breadcrumb\"},\"inLanguage\":\"en-US\",\"potentialAction\":[{\"@type\":\"ReadAction\",\"target\":[\"https:\\\/\\\/bmj.com.br\\\/de-lula-a-bolsonaro-o-que-os-7-candidatos-mais-provaveis-ao-planalto-podem-esperar-para-2018\\\/\"]}]},{\"@type\":\"ImageObject\",\"inLanguage\":\"en-US\",\"@id\":\"https:\\\/\\\/bmj.com.br\\\/de-lula-a-bolsonaro-o-que-os-7-candidatos-mais-provaveis-ao-planalto-podem-esperar-para-2018\\\/#primaryimage\",\"url\":\"https:\\\/\\\/bmj.com.br\\\/wp-content\\\/uploads\\\/2017\\\/02\\\/De-Lula-a-Bolsonaro-o-que-os-7-candidatos-mais-prov\u00e1veis-ao-Planalto-podem-esperar-para-2018.jpg\",\"contentUrl\":\"https:\\\/\\\/bmj.com.br\\\/wp-content\\\/uploads\\\/2017\\\/02\\\/De-Lula-a-Bolsonaro-o-que-os-7-candidatos-mais-prov\u00e1veis-ao-Planalto-podem-esperar-para-2018.jpg\",\"width\":665,\"height\":314},{\"@type\":\"BreadcrumbList\",\"@id\":\"https:\\\/\\\/bmj.com.br\\\/de-lula-a-bolsonaro-o-que-os-7-candidatos-mais-provaveis-ao-planalto-podem-esperar-para-2018\\\/#breadcrumb\",\"itemListElement\":[{\"@type\":\"ListItem\",\"position\":1,\"name\":\"Home\",\"item\":\"https:\\\/\\\/bmj.com.br\\\/\"},{\"@type\":\"ListItem\",\"position\":2,\"name\":\"De Lula a Bolsonaro: o que os 7 candidatos mais prov\u00e1veis ao Planalto podem esperar para 2018\"}]},{\"@type\":\"WebSite\",\"@id\":\"https:\\\/\\\/bmj.com.br\\\/#website\",\"url\":\"https:\\\/\\\/bmj.com.br\\\/\",\"name\":\"BMJ\",\"description\":\"Consultores Associados\",\"publisher\":{\"@id\":\"https:\\\/\\\/bmj.com.br\\\/#organization\"},\"potentialAction\":[{\"@type\":\"SearchAction\",\"target\":{\"@type\":\"EntryPoint\",\"urlTemplate\":\"https:\\\/\\\/bmj.com.br\\\/?s={search_term_string}\"},\"query-input\":{\"@type\":\"PropertyValueSpecification\",\"valueRequired\":true,\"valueName\":\"search_term_string\"}}],\"inLanguage\":\"en-US\"},{\"@type\":\"Organization\",\"@id\":\"https:\\\/\\\/bmj.com.br\\\/#organization\",\"name\":\"BMJ Consultoria\",\"url\":\"https:\\\/\\\/bmj.com.br\\\/\",\"logo\":{\"@type\":\"ImageObject\",\"inLanguage\":\"en-US\",\"@id\":\"https:\\\/\\\/bmj.com.br\\\/#\\\/schema\\\/logo\\\/image\\\/\",\"url\":\"\",\"contentUrl\":\"\",\"caption\":\"BMJ Consultoria\"},\"image\":{\"@id\":\"https:\\\/\\\/bmj.com.br\\\/#\\\/schema\\\/logo\\\/image\\\/\"},\"sameAs\":[\"https:\\\/\\\/www.facebook.com\\\/BMJAssociados\\\/?ref=ts\",\"https:\\\/\\\/x.com\\\/BMJconsultoria\",\"https:\\\/\\\/www.instagram.com\\\/bmjconsultoria\\\/\",\"https:\\\/\\\/www.linkedin.com\\\/company\\\/bmjconsultoresassociados\\\/?originalSubdomain=br\",\"https:\\\/\\\/www.youtube.com\\\/user\\\/bmjconsultoria\"]},{\"@type\":\"Person\",\"@id\":\"https:\\\/\\\/bmj.com.br\\\/#\\\/schema\\\/person\\\/e3d3984837d4d1847e83b4197aa02975\",\"name\":\"Dennis Bravo\",\"image\":{\"@type\":\"ImageObject\",\"inLanguage\":\"en-US\",\"@id\":\"https:\\\/\\\/secure.gravatar.com\\\/avatar\\\/6a711d6eb2c762e1fa0b1af3d0183adea3563153cc8b6e8820177b2fec199793?s=96&d=mm&r=g\",\"url\":\"https:\\\/\\\/secure.gravatar.com\\\/avatar\\\/6a711d6eb2c762e1fa0b1af3d0183adea3563153cc8b6e8820177b2fec199793?s=96&d=mm&r=g\",\"contentUrl\":\"https:\\\/\\\/secure.gravatar.com\\\/avatar\\\/6a711d6eb2c762e1fa0b1af3d0183adea3563153cc8b6e8820177b2fec199793?s=96&d=mm&r=g\",\"caption\":\"Dennis Bravo\"},\"url\":\"https:\\\/\\\/bmj.com.br\\\/en\\\/author\\\/matheus-rossi\\\/\"}]}<\/script>\n<!-- \/ Yoast SEO plugin. -->","yoast_head_json":{"title":"De Lula a Bolsonaro: o que os 7 candidatos mais prov\u00e1veis ao Planalto podem esperar para 2018 - BMJ","robots":{"index":"index","follow":"follow","max-snippet":"max-snippet:-1","max-image-preview":"max-image-preview:large","max-video-preview":"max-video-preview:-1"},"canonical":"https:\/\/bmj.com.br\/en\/de-lula-a-bolsonaro-o-que-os-7-candidatos-mais-provaveis-ao-planalto-podem-esperar-para-2018\/","og_locale":"en_US","og_type":"article","og_title":"De Lula a Bolsonaro: o que os 7 candidatos mais prov\u00e1veis ao Planalto podem esperar para 2018 - BMJ","og_description":"Desde que a crise pol\u00edtica brasileira ganhou contornos dram\u00e1ticos, no come\u00e7o de 2015, o notici\u00e1rio sobre a inten\u00e7\u00e3o dos pol\u00edticos para as pr\u00f3ximas elei\u00e7\u00f5es presidenciais vem ganhando destaque. Mesmo o...","og_url":"https:\/\/bmj.com.br\/en\/de-lula-a-bolsonaro-o-que-os-7-candidatos-mais-provaveis-ao-planalto-podem-esperar-para-2018\/","og_site_name":"BMJ","article_publisher":"https:\/\/www.facebook.com\/BMJAssociados\/?ref=ts","article_published_time":"2017-01-27T19:25:07+00:00","article_modified_time":"2017-02-23T20:26:42+00:00","og_image":[{"width":665,"height":314,"url":"https:\/\/bmj.com.br\/wp-content\/uploads\/2017\/02\/De-Lula-a-Bolsonaro-o-que-os-7-candidatos-mais-prov\u00e1veis-ao-Planalto-podem-esperar-para-2018.jpg","type":"image\/jpeg"}],"author":"Dennis Bravo","twitter_card":"summary_large_image","twitter_creator":"@BMJconsultoria","twitter_site":"@BMJconsultoria","twitter_misc":{"Written by":"Dennis Bravo","Est. reading time":"1 minute"},"schema":{"@context":"https:\/\/schema.org","@graph":[{"@type":"Article","@id":"https:\/\/bmj.com.br\/de-lula-a-bolsonaro-o-que-os-7-candidatos-mais-provaveis-ao-planalto-podem-esperar-para-2018\/#article","isPartOf":{"@id":"https:\/\/bmj.com.br\/de-lula-a-bolsonaro-o-que-os-7-candidatos-mais-provaveis-ao-planalto-podem-esperar-para-2018\/"},"author":{"name":"Dennis Bravo","@id":"https:\/\/bmj.com.br\/#\/schema\/person\/e3d3984837d4d1847e83b4197aa02975"},"headline":"De Lula a Bolsonaro: o que os 7 candidatos mais prov\u00e1veis ao Planalto podem esperar para 2018","datePublished":"2017-01-27T19:25:07+00:00","dateModified":"2017-02-23T20:26:42+00:00","mainEntityOfPage":{"@id":"https:\/\/bmj.com.br\/de-lula-a-bolsonaro-o-que-os-7-candidatos-mais-provaveis-ao-planalto-podem-esperar-para-2018\/"},"wordCount":164,"commentCount":0,"publisher":{"@id":"https:\/\/bmj.com.br\/#organization"},"image":{"@id":"https:\/\/bmj.com.br\/de-lula-a-bolsonaro-o-que-os-7-candidatos-mais-provaveis-ao-planalto-podem-esperar-para-2018\/#primaryimage"},"thumbnailUrl":"https:\/\/bmj.com.br\/wp-content\/uploads\/2017\/02\/De-Lula-a-Bolsonaro-o-que-os-7-candidatos-mais-prov\u00e1veis-ao-Planalto-podem-esperar-para-2018.jpg","articleSection":["Rela\u00e7\u00f5es Governamentais"],"inLanguage":"en-US","potentialAction":[{"@type":"CommentAction","name":"Comment","target":["https:\/\/bmj.com.br\/de-lula-a-bolsonaro-o-que-os-7-candidatos-mais-provaveis-ao-planalto-podem-esperar-para-2018\/#respond"]}]},{"@type":"WebPage","@id":"https:\/\/bmj.com.br\/de-lula-a-bolsonaro-o-que-os-7-candidatos-mais-provaveis-ao-planalto-podem-esperar-para-2018\/","url":"https:\/\/bmj.com.br\/de-lula-a-bolsonaro-o-que-os-7-candidatos-mais-provaveis-ao-planalto-podem-esperar-para-2018\/","name":"De Lula a Bolsonaro: o que os 7 candidatos mais prov\u00e1veis ao Planalto podem esperar para 2018 - BMJ","isPartOf":{"@id":"https:\/\/bmj.com.br\/#website"},"primaryImageOfPage":{"@id":"https:\/\/bmj.com.br\/de-lula-a-bolsonaro-o-que-os-7-candidatos-mais-provaveis-ao-planalto-podem-esperar-para-2018\/#primaryimage"},"image":{"@id":"https:\/\/bmj.com.br\/de-lula-a-bolsonaro-o-que-os-7-candidatos-mais-provaveis-ao-planalto-podem-esperar-para-2018\/#primaryimage"},"thumbnailUrl":"https:\/\/bmj.com.br\/wp-content\/uploads\/2017\/02\/De-Lula-a-Bolsonaro-o-que-os-7-candidatos-mais-prov\u00e1veis-ao-Planalto-podem-esperar-para-2018.jpg","datePublished":"2017-01-27T19:25:07+00:00","dateModified":"2017-02-23T20:26:42+00:00","breadcrumb":{"@id":"https:\/\/bmj.com.br\/de-lula-a-bolsonaro-o-que-os-7-candidatos-mais-provaveis-ao-planalto-podem-esperar-para-2018\/#breadcrumb"},"inLanguage":"en-US","potentialAction":[{"@type":"ReadAction","target":["https:\/\/bmj.com.br\/de-lula-a-bolsonaro-o-que-os-7-candidatos-mais-provaveis-ao-planalto-podem-esperar-para-2018\/"]}]},{"@type":"ImageObject","inLanguage":"en-US","@id":"https:\/\/bmj.com.br\/de-lula-a-bolsonaro-o-que-os-7-candidatos-mais-provaveis-ao-planalto-podem-esperar-para-2018\/#primaryimage","url":"https:\/\/bmj.com.br\/wp-content\/uploads\/2017\/02\/De-Lula-a-Bolsonaro-o-que-os-7-candidatos-mais-prov\u00e1veis-ao-Planalto-podem-esperar-para-2018.jpg","contentUrl":"https:\/\/bmj.com.br\/wp-content\/uploads\/2017\/02\/De-Lula-a-Bolsonaro-o-que-os-7-candidatos-mais-prov\u00e1veis-ao-Planalto-podem-esperar-para-2018.jpg","width":665,"height":314},{"@type":"BreadcrumbList","@id":"https:\/\/bmj.com.br\/de-lula-a-bolsonaro-o-que-os-7-candidatos-mais-provaveis-ao-planalto-podem-esperar-para-2018\/#breadcrumb","itemListElement":[{"@type":"ListItem","position":1,"name":"Home","item":"https:\/\/bmj.com.br\/"},{"@type":"ListItem","position":2,"name":"De Lula a Bolsonaro: o que os 7 candidatos mais prov\u00e1veis ao Planalto podem esperar para 2018"}]},{"@type":"WebSite","@id":"https:\/\/bmj.com.br\/#website","url":"https:\/\/bmj.com.br\/","name":"BMJ","description":"Consultores Associados","publisher":{"@id":"https:\/\/bmj.com.br\/#organization"},"potentialAction":[{"@type":"SearchAction","target":{"@type":"EntryPoint","urlTemplate":"https:\/\/bmj.com.br\/?s={search_term_string}"},"query-input":{"@type":"PropertyValueSpecification","valueRequired":true,"valueName":"search_term_string"}}],"inLanguage":"en-US"},{"@type":"Organization","@id":"https:\/\/bmj.com.br\/#organization","name":"BMJ Consultoria","url":"https:\/\/bmj.com.br\/","logo":{"@type":"ImageObject","inLanguage":"en-US","@id":"https:\/\/bmj.com.br\/#\/schema\/logo\/image\/","url":"","contentUrl":"","caption":"BMJ Consultoria"},"image":{"@id":"https:\/\/bmj.com.br\/#\/schema\/logo\/image\/"},"sameAs":["https:\/\/www.facebook.com\/BMJAssociados\/?ref=ts","https:\/\/x.com\/BMJconsultoria","https:\/\/www.instagram.com\/bmjconsultoria\/","https:\/\/www.linkedin.com\/company\/bmjconsultoresassociados\/?originalSubdomain=br","https:\/\/www.youtube.com\/user\/bmjconsultoria"]},{"@type":"Person","@id":"https:\/\/bmj.com.br\/#\/schema\/person\/e3d3984837d4d1847e83b4197aa02975","name":"Dennis Bravo","image":{"@type":"ImageObject","inLanguage":"en-US","@id":"https:\/\/secure.gravatar.com\/avatar\/6a711d6eb2c762e1fa0b1af3d0183adea3563153cc8b6e8820177b2fec199793?s=96&d=mm&r=g","url":"https:\/\/secure.gravatar.com\/avatar\/6a711d6eb2c762e1fa0b1af3d0183adea3563153cc8b6e8820177b2fec199793?s=96&d=mm&r=g","contentUrl":"https:\/\/secure.gravatar.com\/avatar\/6a711d6eb2c762e1fa0b1af3d0183adea3563153cc8b6e8820177b2fec199793?s=96&d=mm&r=g","caption":"Dennis Bravo"},"url":"https:\/\/bmj.com.br\/en\/author\/matheus-rossi\/"}]}},"_links":{"self":[{"href":"https:\/\/bmj.com.br\/en\/wp-json\/wp\/v2\/posts\/2480","targetHints":{"allow":["GET"]}}],"collection":[{"href":"https:\/\/bmj.com.br\/en\/wp-json\/wp\/v2\/posts"}],"about":[{"href":"https:\/\/bmj.com.br\/en\/wp-json\/wp\/v2\/types\/post"}],"author":[{"embeddable":true,"href":"https:\/\/bmj.com.br\/en\/wp-json\/wp\/v2\/users\/15"}],"replies":[{"embeddable":true,"href":"https:\/\/bmj.com.br\/en\/wp-json\/wp\/v2\/comments?post=2480"}],"version-history":[{"count":0,"href":"https:\/\/bmj.com.br\/en\/wp-json\/wp\/v2\/posts\/2480\/revisions"}],"wp:featuredmedia":[{"embeddable":true,"href":"https:\/\/bmj.com.br\/en\/wp-json\/wp\/v2\/media\/2481"}],"wp:attachment":[{"href":"https:\/\/bmj.com.br\/en\/wp-json\/wp\/v2\/media?parent=2480"}],"wp:term":[{"taxonomy":"category","embeddable":true,"href":"https:\/\/bmj.com.br\/en\/wp-json\/wp\/v2\/categories?post=2480"},{"taxonomy":"post_tag","embeddable":true,"href":"https:\/\/bmj.com.br\/en\/wp-json\/wp\/v2\/tags?post=2480"}],"curies":[{"name":"wp","href":"https:\/\/api.w.org\/{rel}","templated":true}]}}