{"id":3280,"date":"2017-06-19T15:00:55","date_gmt":"2017-06-19T18:00:55","guid":{"rendered":"https:\/\/bmj.com.br\/?p=3280"},"modified":"2017-06-19T15:02:31","modified_gmt":"2017-06-19T18:02:31","slug":"temer-inicia-viagens-a-russia-e-noruega-para-se-afastar-de-crise-politica","status":"publish","type":"post","link":"https:\/\/bmj.com.br\/en\/temer-inicia-viagens-a-russia-e-noruega-para-se-afastar-de-crise-politica\/","title":{"rendered":"Temer inicia viagens \u00e0 R\u00fassia e Noruega para se afastar de crise pol\u00edtica"},"content":{"rendered":"<div id=\"attachment_3281\" style=\"width: 710px\" class=\"wp-caption alignnone\"><img fetchpriority=\"high\" decoding=\"async\" aria-describedby=\"caption-attachment-3281\" class=\"size-full wp-image-3281\" src=\"https:\/\/bmj.com.br\/wp-content\/uploads\/2017\/06\/Temer-inicia-viagens-\u00e0-R\u00fassia-e-Noruega-para-se-afastar-de-crise-pol\u00edtica.jpg\" alt=\"\" width=\"700\" height=\"410\" srcset=\"https:\/\/bmj.com.br\/wp-content\/uploads\/2017\/06\/Temer-inicia-viagens-\u00e0-R\u00fassia-e-Noruega-para-se-afastar-de-crise-pol\u00edtica.jpg 700w, https:\/\/bmj.com.br\/wp-content\/uploads\/2017\/06\/Temer-inicia-viagens-\u00e0-R\u00fassia-e-Noruega-para-se-afastar-de-crise-pol\u00edtica-290x170.jpg 290w, https:\/\/bmj.com.br\/wp-content\/uploads\/2017\/06\/Temer-inicia-viagens-\u00e0-R\u00fassia-e-Noruega-para-se-afastar-de-crise-pol\u00edtica-177x104.jpg 177w\" sizes=\"(max-width: 700px) 100vw, 700px\" \/><p id=\"caption-attachment-3281\" class=\"wp-caption-text\">Beto Barata\/PR. Correio Braziliense<\/p><\/div>\n<p>O presidente da Rep\u00fablica, Michel Temer, resgata, hoje, miss\u00f5es diplom\u00e1ticas e comerciais com o exterior. Uma clara etapa na tentativa de fortalecimento da imagem do governo federal. Ap\u00f3s a vit\u00f3ria no julgamento do Tribunal Superior Eleitoral (TSE), o peemedebista embarca para a R\u00fassia e a Noruega com a miss\u00e3o de mostrar que o pa\u00eds n\u00e3o parou e segue como porto seguro para investimentos. Temer deixa o Brasil no mesmo dia em que deve processar o empres\u00e1rio Joesley Batista, dono da JBS. Ontem, o presidente se reuniu com ministros para detalhar a estrat\u00e9gia que ser\u00e1 posta em pr\u00e1tica no Congresso com a chegada da den\u00fancia do procurador-geral da Rep\u00fablica, Rodrigo Janot, prevista para os pr\u00f3ximos dias.<\/p>\n<p>A viagem \u00e9 a primeira de Temer desde que esteve em Lisboa, em 10 de janeiro. De l\u00e1 para c\u00e1, o presidente viveu altos e baixos, mas segue de p\u00e9 e procurando mostrar trabalho, apesar do aprofundamento da crise. Se por um lado a dela\u00e7\u00e3o de Joesley Batista, s\u00f3cio da J&amp;F \u2014 uma das duas maiores processadoras de carne do mundo \u2014, provocou uma hecatombe na Rep\u00fablica, por outro, o presidente quer passar a imagem de que os de que os efeitos n\u00e3o minaram a for\u00e7a pol\u00edtica do governo.<\/p>\n<p>Ao lado de comitiva composta por auxiliares e parlamentares, Temer ressaltar\u00e1 alguns pontos: conseguiu manter o PSDB na base aliada; a infla\u00e7\u00e3o no acumulado em 12 meses se encontra no menor patamar desde maio de 2007 \u2014 e que fechar\u00e1 abaixo do centro da meta estabelecido pelo Conselho Monet\u00e1rio Nacional (CMN); a taxa b\u00e1sica de juros (Selic) ficar\u00e1 abaixo de dois d\u00edgitos, o que reduz o custo de investimento; a reforma trabalhista se encontra no Senado, com chances de ser aprovada; e a da Previd\u00eancia pode ser votada na C\u00e2mara antes do recesso parlamentar, que se inicia em 18 de julho.<\/p>\n<p>Com as medidas macroecon\u00f4micas sendo adotadas para recolocar o pa\u00eds nos trilhos, aliadas ao argumento de fortalecimento pol\u00edtico p\u00f3s-TSE, Temer pretende voltar a mostrar que, do ponto de vista diplom\u00e1tico, quer atuar. Ele sabe que, para provar ao mundo a capacidade do governo em permanecer no governo at\u00e9 2018, precisa marcar presen\u00e7a nas agendas internacionais. A visita \u00e0 R\u00fassia, por exemplo, encorpa o ciclo de visitas feitas a pa\u00edses do Brics, grupo composto por Brasil, R\u00fassia, \u00cdndia, China e \u00c1frica do Sul.<\/p>\n<p>Desde quando assumiu a Presid\u00eancia, em 2016, ele visitou sete pa\u00edses: China; Estados Unidos; Argentina; Paraguai; \u00cdndia; Jap\u00e3o; e Portugal. Ap\u00f3s a visita \u00e0 R\u00fassia, faltar\u00e1 uma viagem \u00e0 \u00c1frica do Sul para completar o ciclo. E essa visita n\u00e3o deve estar longe, avalia o analista pol\u00edtico Lucas Fernandes, do Barral M Jorge Consultores Associados.<\/p>\n<blockquote><p>\u201cO governo est\u00e1 em vias de finalizar a reforma trabalhista na C\u00e2mara. Com a implementa\u00e7\u00e3o de uma das reformas, que \u00e9 uma das principais metas do governo, Temer pode come\u00e7ar a se preocupar mais com o cen\u00e1rio internacional, sobretudo em rela\u00e7\u00e3o aos investimentos\u201d, avalia.<\/p><\/blockquote>\n<p>A ret\u00f3rica do governo de tirar o pa\u00eds da crise passa pelas rela\u00e7\u00f5es comerciais com o mundo, refor\u00e7a Fernandes.<\/p>\n<blockquote><p>\u201cSer\u00e1 um papel importante procurar novas parcerias e come\u00e7ar saindo desse caos. At\u00e9 o momento, s\u00f3 havia aprovado (de mais relevante) a PEC do teto dos gastos. Com a aprova\u00e7\u00e3o da reforma trabalhista, Temer come\u00e7ar\u00e1 a ter outros horizontes a se preocupar com a percep\u00e7\u00e3o internacional do Brasil\u201d, pondera.<\/p><\/blockquote>\n<p>A tempo da den\u00fancia da PGR tamb\u00e9m \u00e9 levado em conta. \u201cEntendo que ele n\u00e3o quer viajar como um presidente denunciado\u201d, avalia. \u201cA viagem neste momento o coloca como um presidente em plena posse das fun\u00e7\u00f5es administrativas que tem.\u201d<\/p>\n<p>O deputado federal Darc\u00edsio Perondi (PMDB-RS), vice-l\u00edder do governo na C\u00e2mara, que estar\u00e1 na comitiva com o chefe do Executivo Federal, mostra confian\u00e7a de que o governo deixar\u00e1 uma boa impress\u00e3o. \u201cPor que as corpora\u00e7\u00f5es milion\u00e1rias est\u00e3o em campanha violenta contra Michel? Porque, pela primeira vez, elas est\u00e3o sendo enfrentadas e est\u00e3o perdendo com o andamento das discuss\u00f5es das reformas.<\/p>\n<p>Perondi admite que, com a viagem, ainda que em meio a uma crise pol\u00edtica, Temer pretende passar o tom de que o pa\u00eds segue funcionando. \u201c\u00c9 uma crise fabricada por fabricantes de crise. A ida dele mostra que n\u00e3o h\u00e1 risco nenhum em sair do pa\u00eds. Vai procurar investidores para superar a trag\u00e9dia do desemprego. Ele est\u00e1 em paz e tranquilo\u201d, destaca.<\/p>\n<p>Na chegada \u00e0 R\u00fassia, Temer participa de reuni\u00e3o com investidores e falar\u00e1 sobre reformas que \u201cmodernizam a economia brasileira\u201d. A R\u00fassia, destaca a Presid\u00eancia, \u00e9 um pa\u00eds-chave para o desenho e a configura\u00e7\u00e3o da ordem internacional. \u201cO di\u00e1logo estrat\u00e9gico \u00e9 parte da defesa da diplomacia brasileira por uma ordem internacional multipolar. Os pa\u00edses mant\u00eam di\u00e1logo privilegiado em foros como o G20 e o BRICS\u201d, destaca Temer, em nota.<\/p>\n<h3><\/h3>\n<p><strong>Com\u00e9rcio em jogo<\/strong><\/p>\n<p>Na R\u00fassia, Michel Temer se reunir\u00e1 com autoridades do Executivo e do Legislativo da R\u00fassia, como o pr\u00f3prio presidente Vladimir Putin, o primeiro-ministro Dmitry Medvedev, com a presidente do Conselho da Federa\u00e7\u00e3o, Valentina Matvienko, e com o presidente da Duma de Estado, Vyacheslav Volodin. O pa\u00eds \u00e9 estrat\u00e9gico para o Brasil. Entre janeiro e maio, o volume de exporta\u00e7\u00f5es de mercadorias brasileiras somou um total de R$ 1,08 bilh\u00e3o, o que representa um aumento de 24,8% em rela\u00e7\u00e3o a igual per\u00edodo do ano passado.<br \/>\nNa Noruega, os discursos n\u00e3o ser\u00e3o diferentes dos apresentados aos russos. Temer se reunir\u00e1 com investidores para falar das \u201coportunidades abertas pelas reformas em curso\u201d. O pa\u00eds, por sinal, j\u00e1 \u00e9 oitavo maior investidor estrangeiro no Brasil, com forte presen\u00e7a no setor de energia. O chefe do Executivo Federal se encontrar\u00e1 com o Rei Harald V, com a primeira-ministra Erna Solberg e com o presidente do Parlamento noruegu\u00eas, Olemic Thommessen.<\/p>\n<p>&nbsp;<\/p>\n<p><strong>A pauta econ\u00f4mica<\/strong><\/p>\n<p>Ap\u00f3s mais de cinco meses, Temer volta a fazer uma viagem internacional:<\/p>\n<p><strong>\u00bb Roteiro<\/strong><\/p>\n<p>Temer ficar\u00e1 fora do pa\u00eds por quatro dias. Ele embarca hoje em um percurso de 12.282km at\u00e9 Moscou, capital da R\u00fassia. L\u00e1, permanecer\u00e1 por quase dois dias. Na quarta-feira, ele se deslocar\u00e1 para Oslo, capital da Noruega, em um trajeto de 1.643km. Somente na sexta-feira, Temer volta a Bras\u00edlia, em um itiner\u00e1rio de 9.941km.<\/p>\n<p><strong>\u00bb Simbologia<\/strong><br \/>\nA viagem tem uma representatividade importante, afinal, desde que assumiu a Presid\u00eancia, Temer foi apenas a sete pa\u00edses. Com a ida \u00e0 R\u00fassia, Temer visitar\u00e1 o quarto parceiro do BRICs. Faltar\u00e1 uma ida apenas \u00e0 \u00c1frica do Sul. E o embarque para o exterior ocorre justamente em um momento delicado, de crise pol\u00edtica.<\/p>\n<p><strong>\u00bb Recado<\/strong><br \/>\nEmbora Temer garanta que a viagem tem como tema central o estreitamento de rela\u00e7\u00f5es de comerciais, a comitiva do presidente admite que, como pano de fundo, o governo quer mostrar que est\u00e1 trabalhando. Apesar da crise pol\u00edtica, a inten\u00e7\u00e3o \u00e9 mostrar que n\u00e3o h\u00e1 riscos e que os investidores estrangeiros podem aportar com seguran\u00e7a no pa\u00eds.<br \/>\n<strong><br \/>\n\u00bb Investimento<\/strong><br \/>\nOs dois pa\u00edses s\u00e3o importantes aliados comerciais do Brasil. No caso da R\u00fassia (17\u00ba lugar como mercado de destino das exporta\u00e7\u00f5es), o governo planeja aprofundar mais os la\u00e7os com o governo e investidores. J\u00e1 em rela\u00e7\u00e3o \u00e0 Noruega (43\u00ba lugar como destino das exporta\u00e7\u00f5es), a inten\u00e7\u00e3o \u00e9 reaquecer os neg\u00f3cios, que deca\u00edram ap\u00f3s a crise econ\u00f4mica.<\/p>","protected":false},"excerpt":{"rendered":"<p>O presidente da Rep\u00fablica, Michel Temer, resgata, hoje, miss\u00f5es diplom\u00e1ticas e comerciais com o exterior. Uma clara etapa na tentativa de fortalecimento da imagem do governo federal. Ap\u00f3s a vit\u00f3ria&#8230;<\/p>","protected":false},"author":15,"featured_media":3281,"comment_status":"open","ping_status":"open","sticky":false,"template":"","format":"standard","meta":{"_acf_changed":false,"_exactmetrics_skip_tracking":false,"_exactmetrics_sitenote_active":false,"_exactmetrics_sitenote_note":"","_exactmetrics_sitenote_category":0,"footnotes":""},"categories":[45],"tags":[164,131],"class_list":{"0":"post-3280","1":"post","2":"type-post","3":"status-publish","4":"format-standard","5":"has-post-thumbnail","7":"category-relacoes-governamentais","8":"tag-crise-politica","9":"tag-michel-temer"},"acf":[],"yoast_head":"<!-- This site is optimized with the Yoast SEO plugin v27.4 - https:\/\/yoast.com\/product\/yoast-seo-wordpress\/ -->\n<title>Temer inicia viagens \u00e0 R\u00fassia e Noruega para se afastar de crise pol\u00edtica - BMJ<\/title>\n<meta name=\"robots\" content=\"index, follow, max-snippet:-1, max-image-preview:large, max-video-preview:-1\" \/>\n<link rel=\"canonical\" href=\"https:\/\/bmj.com.br\/en\/temer-inicia-viagens-a-russia-e-noruega-para-se-afastar-de-crise-politica\/\" \/>\n<meta property=\"og:locale\" content=\"en_US\" \/>\n<meta property=\"og:type\" content=\"article\" \/>\n<meta property=\"og:title\" content=\"Temer inicia viagens \u00e0 R\u00fassia e Noruega para se afastar de crise pol\u00edtica - BMJ\" \/>\n<meta property=\"og:description\" content=\"O presidente da Rep\u00fablica, Michel Temer, resgata, hoje, miss\u00f5es diplom\u00e1ticas e comerciais com o exterior. Uma clara etapa na tentativa de fortalecimento da imagem do governo federal. Ap\u00f3s a vit\u00f3ria...\" \/>\n<meta property=\"og:url\" content=\"https:\/\/bmj.com.br\/en\/temer-inicia-viagens-a-russia-e-noruega-para-se-afastar-de-crise-politica\/\" \/>\n<meta property=\"og:site_name\" content=\"BMJ\" \/>\n<meta property=\"article:publisher\" content=\"https:\/\/www.facebook.com\/BMJAssociados\/?ref=ts\" \/>\n<meta property=\"article:published_time\" content=\"2017-06-19T18:00:55+00:00\" \/>\n<meta property=\"article:modified_time\" content=\"2017-06-19T18:02:31+00:00\" \/>\n<meta property=\"og:image\" content=\"https:\/\/bmj.com.br\/wp-content\/uploads\/2017\/06\/Temer-inicia-viagens-\u00e0-R\u00fassia-e-Noruega-para-se-afastar-de-crise-pol\u00edtica.jpg\" \/>\n\t<meta property=\"og:image:width\" content=\"700\" \/>\n\t<meta property=\"og:image:height\" content=\"410\" \/>\n\t<meta property=\"og:image:type\" content=\"image\/jpeg\" \/>\n<meta name=\"author\" content=\"Dennis Bravo\" \/>\n<meta name=\"twitter:card\" content=\"summary_large_image\" \/>\n<meta name=\"twitter:creator\" content=\"@BMJconsultoria\" \/>\n<meta name=\"twitter:site\" content=\"@BMJconsultoria\" \/>\n<meta name=\"twitter:label1\" content=\"Written by\" \/>\n\t<meta name=\"twitter:data1\" content=\"Dennis Bravo\" \/>\n\t<meta name=\"twitter:label2\" content=\"Est. reading time\" \/>\n\t<meta name=\"twitter:data2\" content=\"6 minutes\" \/>\n<script type=\"application\/ld+json\" class=\"yoast-schema-graph\">{\"@context\":\"https:\\\/\\\/schema.org\",\"@graph\":[{\"@type\":\"Article\",\"@id\":\"https:\\\/\\\/bmj.com.br\\\/es\\\/temer-inicia-viagens-a-russia-e-noruega-para-se-afastar-de-crise-politica\\\/#article\",\"isPartOf\":{\"@id\":\"https:\\\/\\\/bmj.com.br\\\/es\\\/temer-inicia-viagens-a-russia-e-noruega-para-se-afastar-de-crise-politica\\\/\"},\"author\":{\"name\":\"Dennis Bravo\",\"@id\":\"https:\\\/\\\/bmj.com.br\\\/#\\\/schema\\\/person\\\/e3d3984837d4d1847e83b4197aa02975\"},\"headline\":\"Temer inicia viagens \u00e0 R\u00fassia e Noruega para se afastar de crise pol\u00edtica\",\"datePublished\":\"2017-06-19T18:00:55+00:00\",\"dateModified\":\"2017-06-19T18:02:31+00:00\",\"mainEntityOfPage\":{\"@id\":\"https:\\\/\\\/bmj.com.br\\\/es\\\/temer-inicia-viagens-a-russia-e-noruega-para-se-afastar-de-crise-politica\\\/\"},\"wordCount\":1308,\"commentCount\":0,\"publisher\":{\"@id\":\"https:\\\/\\\/bmj.com.br\\\/#organization\"},\"image\":{\"@id\":\"https:\\\/\\\/bmj.com.br\\\/es\\\/temer-inicia-viagens-a-russia-e-noruega-para-se-afastar-de-crise-politica\\\/#primaryimage\"},\"thumbnailUrl\":\"https:\\\/\\\/bmj.com.br\\\/wp-content\\\/uploads\\\/2017\\\/06\\\/Temer-inicia-viagens-\u00e0-R\u00fassia-e-Noruega-para-se-afastar-de-crise-pol\u00edtica.jpg\",\"keywords\":[\"Crise pol\u00edtica\",\"Michel Temer\"],\"articleSection\":[\"Rela\u00e7\u00f5es Governamentais\"],\"inLanguage\":\"en-US\",\"potentialAction\":[{\"@type\":\"CommentAction\",\"name\":\"Comment\",\"target\":[\"https:\\\/\\\/bmj.com.br\\\/es\\\/temer-inicia-viagens-a-russia-e-noruega-para-se-afastar-de-crise-politica\\\/#respond\"]}]},{\"@type\":\"WebPage\",\"@id\":\"https:\\\/\\\/bmj.com.br\\\/es\\\/temer-inicia-viagens-a-russia-e-noruega-para-se-afastar-de-crise-politica\\\/\",\"url\":\"https:\\\/\\\/bmj.com.br\\\/es\\\/temer-inicia-viagens-a-russia-e-noruega-para-se-afastar-de-crise-politica\\\/\",\"name\":\"Temer inicia viagens \u00e0 R\u00fassia e Noruega para se afastar de crise pol\u00edtica - BMJ\",\"isPartOf\":{\"@id\":\"https:\\\/\\\/bmj.com.br\\\/#website\"},\"primaryImageOfPage\":{\"@id\":\"https:\\\/\\\/bmj.com.br\\\/es\\\/temer-inicia-viagens-a-russia-e-noruega-para-se-afastar-de-crise-politica\\\/#primaryimage\"},\"image\":{\"@id\":\"https:\\\/\\\/bmj.com.br\\\/es\\\/temer-inicia-viagens-a-russia-e-noruega-para-se-afastar-de-crise-politica\\\/#primaryimage\"},\"thumbnailUrl\":\"https:\\\/\\\/bmj.com.br\\\/wp-content\\\/uploads\\\/2017\\\/06\\\/Temer-inicia-viagens-\u00e0-R\u00fassia-e-Noruega-para-se-afastar-de-crise-pol\u00edtica.jpg\",\"datePublished\":\"2017-06-19T18:00:55+00:00\",\"dateModified\":\"2017-06-19T18:02:31+00:00\",\"breadcrumb\":{\"@id\":\"https:\\\/\\\/bmj.com.br\\\/es\\\/temer-inicia-viagens-a-russia-e-noruega-para-se-afastar-de-crise-politica\\\/#breadcrumb\"},\"inLanguage\":\"en-US\",\"potentialAction\":[{\"@type\":\"ReadAction\",\"target\":[\"https:\\\/\\\/bmj.com.br\\\/es\\\/temer-inicia-viagens-a-russia-e-noruega-para-se-afastar-de-crise-politica\\\/\"]}]},{\"@type\":\"ImageObject\",\"inLanguage\":\"en-US\",\"@id\":\"https:\\\/\\\/bmj.com.br\\\/es\\\/temer-inicia-viagens-a-russia-e-noruega-para-se-afastar-de-crise-politica\\\/#primaryimage\",\"url\":\"https:\\\/\\\/bmj.com.br\\\/wp-content\\\/uploads\\\/2017\\\/06\\\/Temer-inicia-viagens-\u00e0-R\u00fassia-e-Noruega-para-se-afastar-de-crise-pol\u00edtica.jpg\",\"contentUrl\":\"https:\\\/\\\/bmj.com.br\\\/wp-content\\\/uploads\\\/2017\\\/06\\\/Temer-inicia-viagens-\u00e0-R\u00fassia-e-Noruega-para-se-afastar-de-crise-pol\u00edtica.jpg\",\"width\":700,\"height\":410,\"caption\":\"13\\\/06\\\/2017. Cr\u00e9dito: Beto Barata\\\/PR. Brasil. Brasilia - DF. Presidente Michel Temer.\"},{\"@type\":\"BreadcrumbList\",\"@id\":\"https:\\\/\\\/bmj.com.br\\\/es\\\/temer-inicia-viagens-a-russia-e-noruega-para-se-afastar-de-crise-politica\\\/#breadcrumb\",\"itemListElement\":[{\"@type\":\"ListItem\",\"position\":1,\"name\":\"Home\",\"item\":\"https:\\\/\\\/bmj.com.br\\\/\"},{\"@type\":\"ListItem\",\"position\":2,\"name\":\"Temer inicia viagens \u00e0 R\u00fassia e Noruega para se afastar de crise pol\u00edtica\"}]},{\"@type\":\"WebSite\",\"@id\":\"https:\\\/\\\/bmj.com.br\\\/#website\",\"url\":\"https:\\\/\\\/bmj.com.br\\\/\",\"name\":\"BMJ\",\"description\":\"Consultores Associados\",\"publisher\":{\"@id\":\"https:\\\/\\\/bmj.com.br\\\/#organization\"},\"potentialAction\":[{\"@type\":\"SearchAction\",\"target\":{\"@type\":\"EntryPoint\",\"urlTemplate\":\"https:\\\/\\\/bmj.com.br\\\/?s={search_term_string}\"},\"query-input\":{\"@type\":\"PropertyValueSpecification\",\"valueRequired\":true,\"valueName\":\"search_term_string\"}}],\"inLanguage\":\"en-US\"},{\"@type\":\"Organization\",\"@id\":\"https:\\\/\\\/bmj.com.br\\\/#organization\",\"name\":\"BMJ Consultoria\",\"url\":\"https:\\\/\\\/bmj.com.br\\\/\",\"logo\":{\"@type\":\"ImageObject\",\"inLanguage\":\"en-US\",\"@id\":\"https:\\\/\\\/bmj.com.br\\\/#\\\/schema\\\/logo\\\/image\\\/\",\"url\":\"\",\"contentUrl\":\"\",\"caption\":\"BMJ Consultoria\"},\"image\":{\"@id\":\"https:\\\/\\\/bmj.com.br\\\/#\\\/schema\\\/logo\\\/image\\\/\"},\"sameAs\":[\"https:\\\/\\\/www.facebook.com\\\/BMJAssociados\\\/?ref=ts\",\"https:\\\/\\\/x.com\\\/BMJconsultoria\",\"https:\\\/\\\/www.instagram.com\\\/bmjconsultoria\\\/\",\"https:\\\/\\\/www.linkedin.com\\\/company\\\/bmjconsultoresassociados\\\/?originalSubdomain=br\",\"https:\\\/\\\/www.youtube.com\\\/user\\\/bmjconsultoria\"]},{\"@type\":\"Person\",\"@id\":\"https:\\\/\\\/bmj.com.br\\\/#\\\/schema\\\/person\\\/e3d3984837d4d1847e83b4197aa02975\",\"name\":\"Dennis Bravo\",\"image\":{\"@type\":\"ImageObject\",\"inLanguage\":\"en-US\",\"@id\":\"https:\\\/\\\/secure.gravatar.com\\\/avatar\\\/6a711d6eb2c762e1fa0b1af3d0183adea3563153cc8b6e8820177b2fec199793?s=96&d=mm&r=g\",\"url\":\"https:\\\/\\\/secure.gravatar.com\\\/avatar\\\/6a711d6eb2c762e1fa0b1af3d0183adea3563153cc8b6e8820177b2fec199793?s=96&d=mm&r=g\",\"contentUrl\":\"https:\\\/\\\/secure.gravatar.com\\\/avatar\\\/6a711d6eb2c762e1fa0b1af3d0183adea3563153cc8b6e8820177b2fec199793?s=96&d=mm&r=g\",\"caption\":\"Dennis Bravo\"},\"url\":\"https:\\\/\\\/bmj.com.br\\\/en\\\/author\\\/matheus-rossi\\\/\"}]}<\/script>\n<!-- \/ Yoast SEO plugin. -->","yoast_head_json":{"title":"Temer inicia viagens \u00e0 R\u00fassia e Noruega para se afastar de crise pol\u00edtica - BMJ","robots":{"index":"index","follow":"follow","max-snippet":"max-snippet:-1","max-image-preview":"max-image-preview:large","max-video-preview":"max-video-preview:-1"},"canonical":"https:\/\/bmj.com.br\/en\/temer-inicia-viagens-a-russia-e-noruega-para-se-afastar-de-crise-politica\/","og_locale":"en_US","og_type":"article","og_title":"Temer inicia viagens \u00e0 R\u00fassia e Noruega para se afastar de crise pol\u00edtica - BMJ","og_description":"O presidente da Rep\u00fablica, Michel Temer, resgata, hoje, miss\u00f5es diplom\u00e1ticas e comerciais com o exterior. Uma clara etapa na tentativa de fortalecimento da imagem do governo federal. Ap\u00f3s a vit\u00f3ria...","og_url":"https:\/\/bmj.com.br\/en\/temer-inicia-viagens-a-russia-e-noruega-para-se-afastar-de-crise-politica\/","og_site_name":"BMJ","article_publisher":"https:\/\/www.facebook.com\/BMJAssociados\/?ref=ts","article_published_time":"2017-06-19T18:00:55+00:00","article_modified_time":"2017-06-19T18:02:31+00:00","og_image":[{"width":700,"height":410,"url":"https:\/\/bmj.com.br\/wp-content\/uploads\/2017\/06\/Temer-inicia-viagens-\u00e0-R\u00fassia-e-Noruega-para-se-afastar-de-crise-pol\u00edtica.jpg","type":"image\/jpeg"}],"author":"Dennis Bravo","twitter_card":"summary_large_image","twitter_creator":"@BMJconsultoria","twitter_site":"@BMJconsultoria","twitter_misc":{"Written by":"Dennis Bravo","Est. reading time":"6 minutes"},"schema":{"@context":"https:\/\/schema.org","@graph":[{"@type":"Article","@id":"https:\/\/bmj.com.br\/es\/temer-inicia-viagens-a-russia-e-noruega-para-se-afastar-de-crise-politica\/#article","isPartOf":{"@id":"https:\/\/bmj.com.br\/es\/temer-inicia-viagens-a-russia-e-noruega-para-se-afastar-de-crise-politica\/"},"author":{"name":"Dennis Bravo","@id":"https:\/\/bmj.com.br\/#\/schema\/person\/e3d3984837d4d1847e83b4197aa02975"},"headline":"Temer inicia viagens \u00e0 R\u00fassia e Noruega para se afastar de crise pol\u00edtica","datePublished":"2017-06-19T18:00:55+00:00","dateModified":"2017-06-19T18:02:31+00:00","mainEntityOfPage":{"@id":"https:\/\/bmj.com.br\/es\/temer-inicia-viagens-a-russia-e-noruega-para-se-afastar-de-crise-politica\/"},"wordCount":1308,"commentCount":0,"publisher":{"@id":"https:\/\/bmj.com.br\/#organization"},"image":{"@id":"https:\/\/bmj.com.br\/es\/temer-inicia-viagens-a-russia-e-noruega-para-se-afastar-de-crise-politica\/#primaryimage"},"thumbnailUrl":"https:\/\/bmj.com.br\/wp-content\/uploads\/2017\/06\/Temer-inicia-viagens-\u00e0-R\u00fassia-e-Noruega-para-se-afastar-de-crise-pol\u00edtica.jpg","keywords":["Crise pol\u00edtica","Michel Temer"],"articleSection":["Rela\u00e7\u00f5es Governamentais"],"inLanguage":"en-US","potentialAction":[{"@type":"CommentAction","name":"Comment","target":["https:\/\/bmj.com.br\/es\/temer-inicia-viagens-a-russia-e-noruega-para-se-afastar-de-crise-politica\/#respond"]}]},{"@type":"WebPage","@id":"https:\/\/bmj.com.br\/es\/temer-inicia-viagens-a-russia-e-noruega-para-se-afastar-de-crise-politica\/","url":"https:\/\/bmj.com.br\/es\/temer-inicia-viagens-a-russia-e-noruega-para-se-afastar-de-crise-politica\/","name":"Temer inicia viagens \u00e0 R\u00fassia e Noruega para se afastar de crise pol\u00edtica - BMJ","isPartOf":{"@id":"https:\/\/bmj.com.br\/#website"},"primaryImageOfPage":{"@id":"https:\/\/bmj.com.br\/es\/temer-inicia-viagens-a-russia-e-noruega-para-se-afastar-de-crise-politica\/#primaryimage"},"image":{"@id":"https:\/\/bmj.com.br\/es\/temer-inicia-viagens-a-russia-e-noruega-para-se-afastar-de-crise-politica\/#primaryimage"},"thumbnailUrl":"https:\/\/bmj.com.br\/wp-content\/uploads\/2017\/06\/Temer-inicia-viagens-\u00e0-R\u00fassia-e-Noruega-para-se-afastar-de-crise-pol\u00edtica.jpg","datePublished":"2017-06-19T18:00:55+00:00","dateModified":"2017-06-19T18:02:31+00:00","breadcrumb":{"@id":"https:\/\/bmj.com.br\/es\/temer-inicia-viagens-a-russia-e-noruega-para-se-afastar-de-crise-politica\/#breadcrumb"},"inLanguage":"en-US","potentialAction":[{"@type":"ReadAction","target":["https:\/\/bmj.com.br\/es\/temer-inicia-viagens-a-russia-e-noruega-para-se-afastar-de-crise-politica\/"]}]},{"@type":"ImageObject","inLanguage":"en-US","@id":"https:\/\/bmj.com.br\/es\/temer-inicia-viagens-a-russia-e-noruega-para-se-afastar-de-crise-politica\/#primaryimage","url":"https:\/\/bmj.com.br\/wp-content\/uploads\/2017\/06\/Temer-inicia-viagens-\u00e0-R\u00fassia-e-Noruega-para-se-afastar-de-crise-pol\u00edtica.jpg","contentUrl":"https:\/\/bmj.com.br\/wp-content\/uploads\/2017\/06\/Temer-inicia-viagens-\u00e0-R\u00fassia-e-Noruega-para-se-afastar-de-crise-pol\u00edtica.jpg","width":700,"height":410,"caption":"13\/06\/2017. Cr\u00e9dito: Beto Barata\/PR. Brasil. Brasilia - DF. Presidente Michel Temer."},{"@type":"BreadcrumbList","@id":"https:\/\/bmj.com.br\/es\/temer-inicia-viagens-a-russia-e-noruega-para-se-afastar-de-crise-politica\/#breadcrumb","itemListElement":[{"@type":"ListItem","position":1,"name":"Home","item":"https:\/\/bmj.com.br\/"},{"@type":"ListItem","position":2,"name":"Temer inicia viagens \u00e0 R\u00fassia e Noruega para se afastar de crise pol\u00edtica"}]},{"@type":"WebSite","@id":"https:\/\/bmj.com.br\/#website","url":"https:\/\/bmj.com.br\/","name":"BMJ","description":"Consultores Associados","publisher":{"@id":"https:\/\/bmj.com.br\/#organization"},"potentialAction":[{"@type":"SearchAction","target":{"@type":"EntryPoint","urlTemplate":"https:\/\/bmj.com.br\/?s={search_term_string}"},"query-input":{"@type":"PropertyValueSpecification","valueRequired":true,"valueName":"search_term_string"}}],"inLanguage":"en-US"},{"@type":"Organization","@id":"https:\/\/bmj.com.br\/#organization","name":"BMJ Consultoria","url":"https:\/\/bmj.com.br\/","logo":{"@type":"ImageObject","inLanguage":"en-US","@id":"https:\/\/bmj.com.br\/#\/schema\/logo\/image\/","url":"","contentUrl":"","caption":"BMJ Consultoria"},"image":{"@id":"https:\/\/bmj.com.br\/#\/schema\/logo\/image\/"},"sameAs":["https:\/\/www.facebook.com\/BMJAssociados\/?ref=ts","https:\/\/x.com\/BMJconsultoria","https:\/\/www.instagram.com\/bmjconsultoria\/","https:\/\/www.linkedin.com\/company\/bmjconsultoresassociados\/?originalSubdomain=br","https:\/\/www.youtube.com\/user\/bmjconsultoria"]},{"@type":"Person","@id":"https:\/\/bmj.com.br\/#\/schema\/person\/e3d3984837d4d1847e83b4197aa02975","name":"Dennis Bravo","image":{"@type":"ImageObject","inLanguage":"en-US","@id":"https:\/\/secure.gravatar.com\/avatar\/6a711d6eb2c762e1fa0b1af3d0183adea3563153cc8b6e8820177b2fec199793?s=96&d=mm&r=g","url":"https:\/\/secure.gravatar.com\/avatar\/6a711d6eb2c762e1fa0b1af3d0183adea3563153cc8b6e8820177b2fec199793?s=96&d=mm&r=g","contentUrl":"https:\/\/secure.gravatar.com\/avatar\/6a711d6eb2c762e1fa0b1af3d0183adea3563153cc8b6e8820177b2fec199793?s=96&d=mm&r=g","caption":"Dennis Bravo"},"url":"https:\/\/bmj.com.br\/en\/author\/matheus-rossi\/"}]}},"_links":{"self":[{"href":"https:\/\/bmj.com.br\/en\/wp-json\/wp\/v2\/posts\/3280","targetHints":{"allow":["GET"]}}],"collection":[{"href":"https:\/\/bmj.com.br\/en\/wp-json\/wp\/v2\/posts"}],"about":[{"href":"https:\/\/bmj.com.br\/en\/wp-json\/wp\/v2\/types\/post"}],"author":[{"embeddable":true,"href":"https:\/\/bmj.com.br\/en\/wp-json\/wp\/v2\/users\/15"}],"replies":[{"embeddable":true,"href":"https:\/\/bmj.com.br\/en\/wp-json\/wp\/v2\/comments?post=3280"}],"version-history":[{"count":0,"href":"https:\/\/bmj.com.br\/en\/wp-json\/wp\/v2\/posts\/3280\/revisions"}],"wp:featuredmedia":[{"embeddable":true,"href":"https:\/\/bmj.com.br\/en\/wp-json\/wp\/v2\/media\/3281"}],"wp:attachment":[{"href":"https:\/\/bmj.com.br\/en\/wp-json\/wp\/v2\/media?parent=3280"}],"wp:term":[{"taxonomy":"category","embeddable":true,"href":"https:\/\/bmj.com.br\/en\/wp-json\/wp\/v2\/categories?post=3280"},{"taxonomy":"post_tag","embeddable":true,"href":"https:\/\/bmj.com.br\/en\/wp-json\/wp\/v2\/tags?post=3280"}],"curies":[{"name":"wp","href":"https:\/\/api.w.org\/{rel}","templated":true}]}}