{"id":3327,"date":"2017-06-28T17:22:32","date_gmt":"2017-06-28T20:22:32","guid":{"rendered":"https:\/\/bmj.com.br\/?p=3327"},"modified":"2017-06-28T17:23:18","modified_gmt":"2017-06-28T20:23:18","slug":"juliano-griebeler-fara-palestra-em-curitiba-sobre-relacoes-governamentais","status":"publish","type":"post","link":"https:\/\/bmj.com.br\/en\/juliano-griebeler-fara-palestra-em-curitiba-sobre-relacoes-governamentais\/","title":{"rendered":"Juliano Griebeler far\u00e1 palestra em Curitiba sobre Rela\u00e7\u00f5es Governamentais"},"content":{"rendered":"<p>O diretor de Rela\u00e7\u00f5es Governamentais da BMJ, Juliano Griebeler, ser\u00e1 um dos palestrantes convidados do evento da Assembleia Legislativa do Estado do Paran\u00e1. A palestra ser\u00e1 na pr\u00f3xima ter\u00e7a-feira em Curitiba.<\/p>\n<h4><strong>Inscri\u00e7\u00f5es:\u00a0<a href=\"https:\/\/goo.gl\/zkkxrY\" target=\"_blank\" rel=\"nofollow noopener noreferrer\">https:\/\/goo.gl\/zkkxrY<\/a>.<\/strong><\/h4>\n<p>&nbsp;<\/p>\n<p><img fetchpriority=\"high\" decoding=\"async\" class=\"alignnone size-full wp-image-3328\" src=\"https:\/\/bmj.com.br\/wp-content\/uploads\/2017\/06\/palestra-Rela\u00e7\u00f5es-Governamentais-perspectivas.jpg\" alt=\"\" width=\"509\" height=\"720\" srcset=\"https:\/\/bmj.com.br\/wp-content\/uploads\/2017\/06\/palestra-Rela\u00e7\u00f5es-Governamentais-perspectivas.jpg 509w, https:\/\/bmj.com.br\/wp-content\/uploads\/2017\/06\/palestra-Rela\u00e7\u00f5es-Governamentais-perspectivas-120x170.jpg 120w, https:\/\/bmj.com.br\/wp-content\/uploads\/2017\/06\/palestra-Rela\u00e7\u00f5es-Governamentais-perspectivas-177x250.jpg 177w\" sizes=\"(max-width: 509px) 100vw, 509px\" \/><\/p>","protected":false},"excerpt":{"rendered":"<p>O diretor de Rela\u00e7\u00f5es Governamentais da BMJ, Juliano Griebeler, ser\u00e1 um dos palestrantes convidados do evento da Assembleia Legislativa do Estado do Paran\u00e1. A palestra ser\u00e1 na pr\u00f3xima ter\u00e7a-feira em&#8230;<\/p>","protected":false},"author":15,"featured_media":3328,"comment_status":"open","ping_status":"open","sticky":false,"template":"","format":"standard","meta":{"_acf_changed":false,"_exactmetrics_skip_tracking":false,"_exactmetrics_sitenote_active":false,"_exactmetrics_sitenote_note":"","_exactmetrics_sitenote_category":0,"footnotes":""},"categories":[45],"tags":[193,194,191,192,81],"class_list":{"0":"post-3327","1":"post","2":"type-post","3":"status-publish","4":"format-standard","5":"has-post-thumbnail","7":"category-relacoes-governamentais","8":"tag-assembleia-legislativa-do-estado-do-parana","9":"tag-escola-do-legislativo","10":"tag-juliano-gribeler","11":"tag-palestra","12":"tag-relacoes-governamentais"},"acf":[],"yoast_head":"<!-- This site is optimized with the Yoast SEO plugin v27.4 - https:\/\/yoast.com\/product\/yoast-seo-wordpress\/ -->\n<title>Juliano Griebeler far\u00e1 palestra em Curitiba sobre Rela\u00e7\u00f5es Governamentais - BMJ<\/title>\n<meta name=\"robots\" content=\"index, follow, max-snippet:-1, max-image-preview:large, max-video-preview:-1\" \/>\n<link rel=\"canonical\" href=\"https:\/\/bmj.com.br\/en\/juliano-griebeler-fara-palestra-em-curitiba-sobre-relacoes-governamentais\/\" \/>\n<meta property=\"og:locale\" content=\"en_US\" \/>\n<meta property=\"og:type\" content=\"article\" \/>\n<meta property=\"og:title\" content=\"Juliano Griebeler far\u00e1 palestra em Curitiba sobre Rela\u00e7\u00f5es Governamentais - BMJ\" \/>\n<meta property=\"og:description\" content=\"O diretor de Rela\u00e7\u00f5es Governamentais da BMJ, Juliano Griebeler, ser\u00e1 um dos palestrantes convidados do evento da Assembleia Legislativa do Estado do Paran\u00e1. A palestra ser\u00e1 na pr\u00f3xima ter\u00e7a-feira em...\" \/>\n<meta property=\"og:url\" content=\"https:\/\/bmj.com.br\/en\/juliano-griebeler-fara-palestra-em-curitiba-sobre-relacoes-governamentais\/\" \/>\n<meta property=\"og:site_name\" content=\"BMJ\" \/>\n<meta property=\"article:publisher\" content=\"https:\/\/www.facebook.com\/BMJAssociados\/?ref=ts\" \/>\n<meta property=\"article:published_time\" content=\"2017-06-28T20:22:32+00:00\" \/>\n<meta property=\"article:modified_time\" content=\"2017-06-28T20:23:18+00:00\" \/>\n<meta property=\"og:image\" content=\"https:\/\/bmj.com.br\/wp-content\/uploads\/2017\/06\/palestra-Rela\u00e7\u00f5es-Governamentais-perspectivas.jpg\" \/>\n\t<meta property=\"og:image:width\" content=\"509\" \/>\n\t<meta property=\"og:image:height\" content=\"720\" \/>\n\t<meta property=\"og:image:type\" content=\"image\/jpeg\" \/>\n<meta name=\"author\" content=\"Dennis Bravo\" \/>\n<meta name=\"twitter:card\" content=\"summary_large_image\" \/>\n<meta name=\"twitter:creator\" content=\"@BMJconsultoria\" \/>\n<meta name=\"twitter:site\" content=\"@BMJconsultoria\" \/>\n<meta name=\"twitter:label1\" content=\"Written by\" \/>\n\t<meta name=\"twitter:data1\" content=\"Dennis Bravo\" \/>\n<script type=\"application\/ld+json\" class=\"yoast-schema-graph\">{\"@context\":\"https:\\\/\\\/schema.org\",\"@graph\":[{\"@type\":\"Article\",\"@id\":\"https:\\\/\\\/bmj.com.br\\\/en\\\/juliano-griebeler-fara-palestra-em-curitiba-sobre-relacoes-governamentais\\\/#article\",\"isPartOf\":{\"@id\":\"https:\\\/\\\/bmj.com.br\\\/en\\\/juliano-griebeler-fara-palestra-em-curitiba-sobre-relacoes-governamentais\\\/\"},\"author\":{\"name\":\"Dennis Bravo\",\"@id\":\"https:\\\/\\\/bmj.com.br\\\/#\\\/schema\\\/person\\\/e3d3984837d4d1847e83b4197aa02975\"},\"headline\":\"Juliano Griebeler far\u00e1 palestra em Curitiba sobre Rela\u00e7\u00f5es Governamentais\",\"datePublished\":\"2017-06-28T20:22:32+00:00\",\"dateModified\":\"2017-06-28T20:23:18+00:00\",\"mainEntityOfPage\":{\"@id\":\"https:\\\/\\\/bmj.com.br\\\/en\\\/juliano-griebeler-fara-palestra-em-curitiba-sobre-relacoes-governamentais\\\/\"},\"wordCount\":51,\"commentCount\":0,\"publisher\":{\"@id\":\"https:\\\/\\\/bmj.com.br\\\/#organization\"},\"image\":{\"@id\":\"https:\\\/\\\/bmj.com.br\\\/en\\\/juliano-griebeler-fara-palestra-em-curitiba-sobre-relacoes-governamentais\\\/#primaryimage\"},\"thumbnailUrl\":\"https:\\\/\\\/bmj.com.br\\\/wp-content\\\/uploads\\\/2017\\\/06\\\/palestra-Rela\u00e7\u00f5es-Governamentais-perspectivas.jpg\",\"keywords\":[\"Assembleia Legislativa do Estado do Paran\u00e1\",\"Escola do Legislativo\",\"Juliano Gribeler\",\"Palestra\",\"Rela\u00e7\u00f5es Governamentais\"],\"articleSection\":[\"Rela\u00e7\u00f5es Governamentais\"],\"inLanguage\":\"en-US\",\"potentialAction\":[{\"@type\":\"CommentAction\",\"name\":\"Comment\",\"target\":[\"https:\\\/\\\/bmj.com.br\\\/en\\\/juliano-griebeler-fara-palestra-em-curitiba-sobre-relacoes-governamentais\\\/#respond\"]}]},{\"@type\":\"WebPage\",\"@id\":\"https:\\\/\\\/bmj.com.br\\\/en\\\/juliano-griebeler-fara-palestra-em-curitiba-sobre-relacoes-governamentais\\\/\",\"url\":\"https:\\\/\\\/bmj.com.br\\\/en\\\/juliano-griebeler-fara-palestra-em-curitiba-sobre-relacoes-governamentais\\\/\",\"name\":\"Juliano Griebeler far\u00e1 palestra em Curitiba sobre Rela\u00e7\u00f5es Governamentais - BMJ\",\"isPartOf\":{\"@id\":\"https:\\\/\\\/bmj.com.br\\\/#website\"},\"primaryImageOfPage\":{\"@id\":\"https:\\\/\\\/bmj.com.br\\\/en\\\/juliano-griebeler-fara-palestra-em-curitiba-sobre-relacoes-governamentais\\\/#primaryimage\"},\"image\":{\"@id\":\"https:\\\/\\\/bmj.com.br\\\/en\\\/juliano-griebeler-fara-palestra-em-curitiba-sobre-relacoes-governamentais\\\/#primaryimage\"},\"thumbnailUrl\":\"https:\\\/\\\/bmj.com.br\\\/wp-content\\\/uploads\\\/2017\\\/06\\\/palestra-Rela\u00e7\u00f5es-Governamentais-perspectivas.jpg\",\"datePublished\":\"2017-06-28T20:22:32+00:00\",\"dateModified\":\"2017-06-28T20:23:18+00:00\",\"breadcrumb\":{\"@id\":\"https:\\\/\\\/bmj.com.br\\\/en\\\/juliano-griebeler-fara-palestra-em-curitiba-sobre-relacoes-governamentais\\\/#breadcrumb\"},\"inLanguage\":\"en-US\",\"potentialAction\":[{\"@type\":\"ReadAction\",\"target\":[\"https:\\\/\\\/bmj.com.br\\\/en\\\/juliano-griebeler-fara-palestra-em-curitiba-sobre-relacoes-governamentais\\\/\"]}]},{\"@type\":\"ImageObject\",\"inLanguage\":\"en-US\",\"@id\":\"https:\\\/\\\/bmj.com.br\\\/en\\\/juliano-griebeler-fara-palestra-em-curitiba-sobre-relacoes-governamentais\\\/#primaryimage\",\"url\":\"https:\\\/\\\/bmj.com.br\\\/wp-content\\\/uploads\\\/2017\\\/06\\\/palestra-Rela\u00e7\u00f5es-Governamentais-perspectivas.jpg\",\"contentUrl\":\"https:\\\/\\\/bmj.com.br\\\/wp-content\\\/uploads\\\/2017\\\/06\\\/palestra-Rela\u00e7\u00f5es-Governamentais-perspectivas.jpg\",\"width\":509,\"height\":720},{\"@type\":\"BreadcrumbList\",\"@id\":\"https:\\\/\\\/bmj.com.br\\\/en\\\/juliano-griebeler-fara-palestra-em-curitiba-sobre-relacoes-governamentais\\\/#breadcrumb\",\"itemListElement\":[{\"@type\":\"ListItem\",\"position\":1,\"name\":\"Home\",\"item\":\"https:\\\/\\\/bmj.com.br\\\/\"},{\"@type\":\"ListItem\",\"position\":2,\"name\":\"Juliano Griebeler far\u00e1 palestra em Curitiba sobre Rela\u00e7\u00f5es Governamentais\"}]},{\"@type\":\"WebSite\",\"@id\":\"https:\\\/\\\/bmj.com.br\\\/#website\",\"url\":\"https:\\\/\\\/bmj.com.br\\\/\",\"name\":\"BMJ\",\"description\":\"Consultores Associados\",\"publisher\":{\"@id\":\"https:\\\/\\\/bmj.com.br\\\/#organization\"},\"potentialAction\":[{\"@type\":\"SearchAction\",\"target\":{\"@type\":\"EntryPoint\",\"urlTemplate\":\"https:\\\/\\\/bmj.com.br\\\/?s={search_term_string}\"},\"query-input\":{\"@type\":\"PropertyValueSpecification\",\"valueRequired\":true,\"valueName\":\"search_term_string\"}}],\"inLanguage\":\"en-US\"},{\"@type\":\"Organization\",\"@id\":\"https:\\\/\\\/bmj.com.br\\\/#organization\",\"name\":\"BMJ Consultoria\",\"url\":\"https:\\\/\\\/bmj.com.br\\\/\",\"logo\":{\"@type\":\"ImageObject\",\"inLanguage\":\"en-US\",\"@id\":\"https:\\\/\\\/bmj.com.br\\\/#\\\/schema\\\/logo\\\/image\\\/\",\"url\":\"\",\"contentUrl\":\"\",\"caption\":\"BMJ Consultoria\"},\"image\":{\"@id\":\"https:\\\/\\\/bmj.com.br\\\/#\\\/schema\\\/logo\\\/image\\\/\"},\"sameAs\":[\"https:\\\/\\\/www.facebook.com\\\/BMJAssociados\\\/?ref=ts\",\"https:\\\/\\\/x.com\\\/BMJconsultoria\",\"https:\\\/\\\/www.instagram.com\\\/bmjconsultoria\\\/\",\"https:\\\/\\\/www.linkedin.com\\\/company\\\/bmjconsultoresassociados\\\/?originalSubdomain=br\",\"https:\\\/\\\/www.youtube.com\\\/user\\\/bmjconsultoria\"]},{\"@type\":\"Person\",\"@id\":\"https:\\\/\\\/bmj.com.br\\\/#\\\/schema\\\/person\\\/e3d3984837d4d1847e83b4197aa02975\",\"name\":\"Dennis Bravo\",\"image\":{\"@type\":\"ImageObject\",\"inLanguage\":\"en-US\",\"@id\":\"https:\\\/\\\/secure.gravatar.com\\\/avatar\\\/6a711d6eb2c762e1fa0b1af3d0183adea3563153cc8b6e8820177b2fec199793?s=96&d=mm&r=g\",\"url\":\"https:\\\/\\\/secure.gravatar.com\\\/avatar\\\/6a711d6eb2c762e1fa0b1af3d0183adea3563153cc8b6e8820177b2fec199793?s=96&d=mm&r=g\",\"contentUrl\":\"https:\\\/\\\/secure.gravatar.com\\\/avatar\\\/6a711d6eb2c762e1fa0b1af3d0183adea3563153cc8b6e8820177b2fec199793?s=96&d=mm&r=g\",\"caption\":\"Dennis Bravo\"},\"url\":\"https:\\\/\\\/bmj.com.br\\\/en\\\/author\\\/matheus-rossi\\\/\"}]}<\/script>\n<!-- \/ Yoast SEO plugin. -->","yoast_head_json":{"title":"Juliano Griebeler far\u00e1 palestra em Curitiba sobre Rela\u00e7\u00f5es Governamentais - BMJ","robots":{"index":"index","follow":"follow","max-snippet":"max-snippet:-1","max-image-preview":"max-image-preview:large","max-video-preview":"max-video-preview:-1"},"canonical":"https:\/\/bmj.com.br\/en\/juliano-griebeler-fara-palestra-em-curitiba-sobre-relacoes-governamentais\/","og_locale":"en_US","og_type":"article","og_title":"Juliano Griebeler far\u00e1 palestra em Curitiba sobre Rela\u00e7\u00f5es Governamentais - BMJ","og_description":"O diretor de Rela\u00e7\u00f5es Governamentais da BMJ, Juliano Griebeler, ser\u00e1 um dos palestrantes convidados do evento da Assembleia Legislativa do Estado do Paran\u00e1. A palestra ser\u00e1 na pr\u00f3xima ter\u00e7a-feira em...","og_url":"https:\/\/bmj.com.br\/en\/juliano-griebeler-fara-palestra-em-curitiba-sobre-relacoes-governamentais\/","og_site_name":"BMJ","article_publisher":"https:\/\/www.facebook.com\/BMJAssociados\/?ref=ts","article_published_time":"2017-06-28T20:22:32+00:00","article_modified_time":"2017-06-28T20:23:18+00:00","og_image":[{"width":509,"height":720,"url":"https:\/\/bmj.com.br\/wp-content\/uploads\/2017\/06\/palestra-Rela\u00e7\u00f5es-Governamentais-perspectivas.jpg","type":"image\/jpeg"}],"author":"Dennis Bravo","twitter_card":"summary_large_image","twitter_creator":"@BMJconsultoria","twitter_site":"@BMJconsultoria","twitter_misc":{"Written by":"Dennis Bravo"},"schema":{"@context":"https:\/\/schema.org","@graph":[{"@type":"Article","@id":"https:\/\/bmj.com.br\/en\/juliano-griebeler-fara-palestra-em-curitiba-sobre-relacoes-governamentais\/#article","isPartOf":{"@id":"https:\/\/bmj.com.br\/en\/juliano-griebeler-fara-palestra-em-curitiba-sobre-relacoes-governamentais\/"},"author":{"name":"Dennis Bravo","@id":"https:\/\/bmj.com.br\/#\/schema\/person\/e3d3984837d4d1847e83b4197aa02975"},"headline":"Juliano Griebeler far\u00e1 palestra em Curitiba sobre Rela\u00e7\u00f5es Governamentais","datePublished":"2017-06-28T20:22:32+00:00","dateModified":"2017-06-28T20:23:18+00:00","mainEntityOfPage":{"@id":"https:\/\/bmj.com.br\/en\/juliano-griebeler-fara-palestra-em-curitiba-sobre-relacoes-governamentais\/"},"wordCount":51,"commentCount":0,"publisher":{"@id":"https:\/\/bmj.com.br\/#organization"},"image":{"@id":"https:\/\/bmj.com.br\/en\/juliano-griebeler-fara-palestra-em-curitiba-sobre-relacoes-governamentais\/#primaryimage"},"thumbnailUrl":"https:\/\/bmj.com.br\/wp-content\/uploads\/2017\/06\/palestra-Rela\u00e7\u00f5es-Governamentais-perspectivas.jpg","keywords":["Assembleia Legislativa do Estado do Paran\u00e1","Escola do Legislativo","Juliano Gribeler","Palestra","Rela\u00e7\u00f5es Governamentais"],"articleSection":["Rela\u00e7\u00f5es Governamentais"],"inLanguage":"en-US","potentialAction":[{"@type":"CommentAction","name":"Comment","target":["https:\/\/bmj.com.br\/en\/juliano-griebeler-fara-palestra-em-curitiba-sobre-relacoes-governamentais\/#respond"]}]},{"@type":"WebPage","@id":"https:\/\/bmj.com.br\/en\/juliano-griebeler-fara-palestra-em-curitiba-sobre-relacoes-governamentais\/","url":"https:\/\/bmj.com.br\/en\/juliano-griebeler-fara-palestra-em-curitiba-sobre-relacoes-governamentais\/","name":"Juliano Griebeler far\u00e1 palestra em Curitiba sobre Rela\u00e7\u00f5es Governamentais - BMJ","isPartOf":{"@id":"https:\/\/bmj.com.br\/#website"},"primaryImageOfPage":{"@id":"https:\/\/bmj.com.br\/en\/juliano-griebeler-fara-palestra-em-curitiba-sobre-relacoes-governamentais\/#primaryimage"},"image":{"@id":"https:\/\/bmj.com.br\/en\/juliano-griebeler-fara-palestra-em-curitiba-sobre-relacoes-governamentais\/#primaryimage"},"thumbnailUrl":"https:\/\/bmj.com.br\/wp-content\/uploads\/2017\/06\/palestra-Rela\u00e7\u00f5es-Governamentais-perspectivas.jpg","datePublished":"2017-06-28T20:22:32+00:00","dateModified":"2017-06-28T20:23:18+00:00","breadcrumb":{"@id":"https:\/\/bmj.com.br\/en\/juliano-griebeler-fara-palestra-em-curitiba-sobre-relacoes-governamentais\/#breadcrumb"},"inLanguage":"en-US","potentialAction":[{"@type":"ReadAction","target":["https:\/\/bmj.com.br\/en\/juliano-griebeler-fara-palestra-em-curitiba-sobre-relacoes-governamentais\/"]}]},{"@type":"ImageObject","inLanguage":"en-US","@id":"https:\/\/bmj.com.br\/en\/juliano-griebeler-fara-palestra-em-curitiba-sobre-relacoes-governamentais\/#primaryimage","url":"https:\/\/bmj.com.br\/wp-content\/uploads\/2017\/06\/palestra-Rela\u00e7\u00f5es-Governamentais-perspectivas.jpg","contentUrl":"https:\/\/bmj.com.br\/wp-content\/uploads\/2017\/06\/palestra-Rela\u00e7\u00f5es-Governamentais-perspectivas.jpg","width":509,"height":720},{"@type":"BreadcrumbList","@id":"https:\/\/bmj.com.br\/en\/juliano-griebeler-fara-palestra-em-curitiba-sobre-relacoes-governamentais\/#breadcrumb","itemListElement":[{"@type":"ListItem","position":1,"name":"Home","item":"https:\/\/bmj.com.br\/"},{"@type":"ListItem","position":2,"name":"Juliano Griebeler far\u00e1 palestra em Curitiba sobre Rela\u00e7\u00f5es Governamentais"}]},{"@type":"WebSite","@id":"https:\/\/bmj.com.br\/#website","url":"https:\/\/bmj.com.br\/","name":"BMJ","description":"Consultores Associados","publisher":{"@id":"https:\/\/bmj.com.br\/#organization"},"potentialAction":[{"@type":"SearchAction","target":{"@type":"EntryPoint","urlTemplate":"https:\/\/bmj.com.br\/?s={search_term_string}"},"query-input":{"@type":"PropertyValueSpecification","valueRequired":true,"valueName":"search_term_string"}}],"inLanguage":"en-US"},{"@type":"Organization","@id":"https:\/\/bmj.com.br\/#organization","name":"BMJ Consultoria","url":"https:\/\/bmj.com.br\/","logo":{"@type":"ImageObject","inLanguage":"en-US","@id":"https:\/\/bmj.com.br\/#\/schema\/logo\/image\/","url":"","contentUrl":"","caption":"BMJ Consultoria"},"image":{"@id":"https:\/\/bmj.com.br\/#\/schema\/logo\/image\/"},"sameAs":["https:\/\/www.facebook.com\/BMJAssociados\/?ref=ts","https:\/\/x.com\/BMJconsultoria","https:\/\/www.instagram.com\/bmjconsultoria\/","https:\/\/www.linkedin.com\/company\/bmjconsultoresassociados\/?originalSubdomain=br","https:\/\/www.youtube.com\/user\/bmjconsultoria"]},{"@type":"Person","@id":"https:\/\/bmj.com.br\/#\/schema\/person\/e3d3984837d4d1847e83b4197aa02975","name":"Dennis Bravo","image":{"@type":"ImageObject","inLanguage":"en-US","@id":"https:\/\/secure.gravatar.com\/avatar\/6a711d6eb2c762e1fa0b1af3d0183adea3563153cc8b6e8820177b2fec199793?s=96&d=mm&r=g","url":"https:\/\/secure.gravatar.com\/avatar\/6a711d6eb2c762e1fa0b1af3d0183adea3563153cc8b6e8820177b2fec199793?s=96&d=mm&r=g","contentUrl":"https:\/\/secure.gravatar.com\/avatar\/6a711d6eb2c762e1fa0b1af3d0183adea3563153cc8b6e8820177b2fec199793?s=96&d=mm&r=g","caption":"Dennis Bravo"},"url":"https:\/\/bmj.com.br\/en\/author\/matheus-rossi\/"}]}},"_links":{"self":[{"href":"https:\/\/bmj.com.br\/en\/wp-json\/wp\/v2\/posts\/3327","targetHints":{"allow":["GET"]}}],"collection":[{"href":"https:\/\/bmj.com.br\/en\/wp-json\/wp\/v2\/posts"}],"about":[{"href":"https:\/\/bmj.com.br\/en\/wp-json\/wp\/v2\/types\/post"}],"author":[{"embeddable":true,"href":"https:\/\/bmj.com.br\/en\/wp-json\/wp\/v2\/users\/15"}],"replies":[{"embeddable":true,"href":"https:\/\/bmj.com.br\/en\/wp-json\/wp\/v2\/comments?post=3327"}],"version-history":[{"count":0,"href":"https:\/\/bmj.com.br\/en\/wp-json\/wp\/v2\/posts\/3327\/revisions"}],"wp:featuredmedia":[{"embeddable":true,"href":"https:\/\/bmj.com.br\/en\/wp-json\/wp\/v2\/media\/3328"}],"wp:attachment":[{"href":"https:\/\/bmj.com.br\/en\/wp-json\/wp\/v2\/media?parent=3327"}],"wp:term":[{"taxonomy":"category","embeddable":true,"href":"https:\/\/bmj.com.br\/en\/wp-json\/wp\/v2\/categories?post=3327"},{"taxonomy":"post_tag","embeddable":true,"href":"https:\/\/bmj.com.br\/en\/wp-json\/wp\/v2\/tags?post=3327"}],"curies":[{"name":"wp","href":"https:\/\/api.w.org\/{rel}","templated":true}]}}