{"id":3337,"date":"2017-06-27T16:00:23","date_gmt":"2017-06-27T19:00:23","guid":{"rendered":"https:\/\/bmj.com.br\/?p=3337"},"modified":"2017-06-28T17:53:50","modified_gmt":"2017-06-28T20:53:50","slug":"temer-foi-denunciado-e-agora-para-analistas-presidente-nao-e-o-mais-ameacado-com-acao-de-janot","status":"publish","type":"post","link":"https:\/\/bmj.com.br\/en\/temer-foi-denunciado-e-agora-para-analistas-presidente-nao-e-o-mais-ameacado-com-acao-de-janot\/","title":{"rendered":"Temer foi denunciado: e agora? Para analistas, presidente n\u00e3o \u00e9 o &#8220;mais amea\u00e7ado&#8221; com a\u00e7\u00e3o de Janot"},"content":{"rendered":"<div id=\"attachment_3338\" style=\"width: 690px\" class=\"wp-caption aligncenter\"><img fetchpriority=\"high\" decoding=\"async\" aria-describedby=\"caption-attachment-3338\" class=\"wp-image-3338 size-full\" src=\"https:\/\/bmj.com.br\/wp-content\/uploads\/2017\/06\/Temer-coloca-em-pr\u00e1tica-estrat\u00e9gia-para-se-manter-na-presid\u00eancia.jpg\" alt=\"\" width=\"680\" height=\"453\" srcset=\"https:\/\/bmj.com.br\/wp-content\/uploads\/2017\/06\/Temer-coloca-em-pr\u00e1tica-estrat\u00e9gia-para-se-manter-na-presid\u00eancia.jpg 680w, https:\/\/bmj.com.br\/wp-content\/uploads\/2017\/06\/Temer-coloca-em-pr\u00e1tica-estrat\u00e9gia-para-se-manter-na-presid\u00eancia-255x170.jpg 255w, https:\/\/bmj.com.br\/wp-content\/uploads\/2017\/06\/Temer-coloca-em-pr\u00e1tica-estrat\u00e9gia-para-se-manter-na-presid\u00eancia-177x118.jpg 177w\" sizes=\"(max-width: 680px) 100vw, 680px\" \/><p id=\"caption-attachment-3338\" class=\"wp-caption-text\">Presidente deve sobreviver \u00e0s den\u00fancias, apontam analistas, mas a um custo muito alto &#8211; o cen\u00e1rio de reformas tamb\u00e9m ser\u00e1 (ainda mais) abalado<\/p><\/div>\n<p>O que j\u00e1 era t\u00e3o esperado nalmente aconteceu na noite da \u00faltima segunda-feira (26). O procurador-geral apresentou den\u00fancia contra o presidente da Rep\u00fablica Michel Temer por pr\u00e1tica de corrup\u00e7\u00e3o passiva. A acusa\u00e7\u00e3o est\u00e1 baseada nas investiga\u00e7\u00f5es iniciadas a partir do acordo de dela\u00e7\u00e3o premiada da JBS. O \u00e1udio da conversa gravada pelo empres\u00e1rio Joesley Batista, um dos donos da empresa , com o presidente, em mar\u00e7o, no Pal\u00e1cio do Jaburu, tamb\u00e9m \u00e9 uma das provas usadas no processo. O MPF (Minist\u00e9rio P\u00fablico Federal) sustenta que a pr\u00e1tica iniciou no encontro entre Joesley e Temer e culminou com a entrega de uma mala de dinheiro para Rodrigo Rocha Loures, ent\u00e3o assessor especial do presidente.<\/p>\n<p>Conforme destaca o diretor de Rela\u00e7\u00f5es Governamentais da Barral M. Jorge, Juliano Griebeler,<\/p>\n<blockquote><p>a den\u00fancia apresentada por Rodrigo Janot contra Temer \u00e9 apenas o primeiro passo da PGR, uma vez que a ideia \u00e9 fatias as acusa\u00e7\u00f5es.<\/p><\/blockquote>\n<p>Neste cen\u00e1rio, mesmo com a avalia\u00e7\u00e3o de que o presidente tem capital pol\u00edtico para sobreviver \u00e0s den\u00fancias, uma vez que elas precisam de apoio de pelo menos dois ter\u00e7os da C\u00e2mara para avan\u00e7arem, a avalia\u00e7\u00e3o \u00e9 de que o calend\u00e1rio de reformas seja prejudicado &#8211; e o siologismo aumente.<\/p>\n<p>&nbsp;<\/p>\n<p><strong>Impacto nas reformas<\/strong><\/p>\n<p>Griebeler aponta que esta \u00e9 a primeira das poss\u00edveis quatro den\u00fancias que Janot deve apresentar contra Temer, o que pode prolongar o desgaste do governo com sucessivas vota\u00e7\u00f5es na C\u00e2mara.<\/p>\n<blockquote><p>&#8220;Mais ainda, prejudica a agendade vota\u00e7\u00f5es C\u00e2mara dos Deputados e coloca uma grande incerteza sobre a aprova\u00e7\u00e3o da reforma da previd\u00eancia&#8221;.<\/p><\/blockquote>\n<p>De acordo com ele, a manuten\u00e7\u00e3o da coes\u00e3o da base ter\u00e1 um custo muito alto para o Pal\u00e1cio do Planalto, que precisar\u00e1 ceder muito mais do que o j\u00e1 cedido at\u00e9 agora aos parlamentares para garantir sua perman\u00eancia.<\/p>\n<p>Al\u00e9m disso, ressalta o analista, quanto mais r\u00e1pido o tr\u00e2mite da den\u00fancia no Legislativo, melhor para o presidente, uma vez que fatos novos podem provocar mais instabilidade e rachas na base &#8211; e uma eventual sa\u00edda do PSDB da base poderia signicar o m do governo.<\/p>\n<blockquote><p>&#8220;O cen\u00e1rio atual \u00e9 de manuten\u00e7\u00e3o de uma administra\u00e7\u00e3o com baixa governabilidade e com alto custo, com tend\u00eancia ao aprofundamento do desgaste pol\u00edtico. A situa\u00e7\u00e3o retarda a implementa\u00e7\u00e3o da agenda de reformas e moderniza\u00e7\u00e3o programada pelo governo&#8221;, aponta Griebeler.<\/p><\/blockquote>\n<p>Em entrevista \u00e0 Ag\u00eancia Estado, o analista pol\u00edtico da Tend\u00eancias Consultoria Integrada Rafael Cortez apontou que a chance de novas den\u00fancias levar\u00e1 o mercado a passar a incorporar paulatinamente riscos em rela\u00e7\u00e3o \u00e0 aprova\u00e7\u00e3o das reformas estruturantes. Para ele, embora a den\u00fancia estivesse sendo esperada, ela gera um fato novo que aumenta as repercuss\u00f5es politicas, dicultando a comunica\u00e7\u00e3o do governo, seja na esfera legislativa, em rela\u00e7\u00e3o \u00e0 tramita\u00e7\u00e3o das reformas, seja no processo de defesa do mandato. &#8220;Afeta tamb\u00e9m a rela\u00e7\u00e3o do governo e os sinais que ele emite para o mercado&#8221;, disse o analista.<\/p>\n<p>Al\u00e9m disso, dado que o ministro da Fazenda Henrique Meirelles j\u00e1 disse que n\u00e3o h\u00e1 um plano B no tocante \u00e0s reformas, o governo precisar\u00e1 fazer algumas mudan\u00e7as de conte\u00fado para tentar viabilizar as mesmas. &#8220;Mas isso passa a ser secund\u00e1rio porque o pouco capital pol\u00edtico do governo dever\u00e1 ser usado para tentar afastar o risco da interrup\u00e7\u00e3o (do mandato de Temer)&#8221;, aponta Cortez.<\/p>\n<p>&nbsp;<\/p>\n<p><strong>O que est\u00e1 a favor de Temer? <\/strong><\/p>\n<blockquote><p>De acordo com Griebeler: h\u00e1 quatro fatores que pesam a favor de Temer.\u00a0S\u00e3o eles:<\/p>\n<p>i) os sinais de melhora da economia;<\/p>\n<p>ii) a diculdade em remov\u00ea-lo da presid\u00eancia pelas vias formais;<\/p>\n<p>iii) a inexist\u00eancia de um nome e de consenso para sua substitui\u00e7\u00e3o e;<\/p>\n<p>iv) a falta de mobiliza\u00e7\u00e3o por parte da popula\u00e7\u00e3o e dos empres\u00e1rios pedindo sua sa\u00edda.<\/p><\/blockquote>\n<p>Por\u00e9m, pondera, apesar do bom desempenho que Temer e sua equipe tem apresentado em determinados setores, com a aproxima\u00e7\u00e3o das elei\u00e7\u00f5es de 2018 e com a vota\u00e7\u00e3o das reformas, o presidente pode perder a sua base de sustento.<\/p>\n<blockquote><p>&#8220;Sua baixa popularidade, que tende a cair ainda mais, far\u00e1 com que os parlamentares pensem duas vezes antes de atrelar sua imagem \u00e0 de um governo t\u00e3o mal visto pelo eleitorado. O impeachment de Dilma Rousseff abriu um precedente perigoso relacionado \u00e0 remo\u00e7\u00e3o de presidentes, de certa forma, tornou o ato tang\u00edvel e, por isso, uma situa\u00e7\u00e3o pass\u00edvel de ser repetida&#8221;, arma o diretor da Barral M. Jorge.<\/p><\/blockquote>\n<p>Para Rafael Cortez, o que pode levar este governo a seguir at\u00e9 2018 \u00e9 o elevado custo de se tentar encontrar um outro plano pol\u00edtico alternativo que contemple uma s\u00e9rie de interesses partid\u00e1rios e na rela\u00e7\u00e3o com a sociedade.<\/p>\n<p>Em entrevista \u00e0 Bloomberg, o analista pol\u00edtico da MCM Consultores, Ricardo Ribeiro, ainda apontou outro fator que pode favorecer a perman\u00eancia de Temer: o peemedebista deve se manter na Presid\u00eancia enquanto parlamentares travarem guerra pol\u00edtica contra a PGR e a Lava Jato, j\u00e1 que passar a den\u00fancia de Janot signicaria dar mais poder a ele e ao Judici\u00e1rio, empenhado em investigar pol\u00edticos. &#8220;\u00c9 um conjunto de fatos que determinar\u00e1 vota\u00e7\u00e3o, come\u00e7ando pela falta de um sucessor que consiga aglutinar apoio pol\u00edtico o suciente para suceder o presidente Temer. A guerra pol\u00edtica contra a PGR e a Lava Jato e ideia de que, se Temer sair, crise econ\u00f4mica tende a se ampliar, inviabilizam sa\u00edda do presidente neste momento&#8221;, ressalta Ribeiro.<\/p>\n<p>Assim, conforme destaca a Eurasia, quanto mais o processo demorar para se desenvolver, mais ventos contr\u00e1rios se acumular\u00e3o contra a aprova\u00e7\u00e3o das reformas, com destaque para a Previd\u00eancia. Por\u00e9m, apesar de haver poucos incentivos para que os parlamentares apoiem abertamente o governo Temer, h\u00e1 ainda menos incentivos para que eles removam Temer de seu cargo.<\/p>\n<p>&nbsp;<\/p>\n<p><strong>Pr\u00f3ximos passos <\/strong><\/p>\n<p>O relator do caso, ministro do STF Edson Fachin, pode conceder prazo de at\u00e9 15 dias para que Temer e Rodrigo Rocha Loures se manifestem antes de enviar a den\u00fancia para a C\u00e2mara dos Deputados, que dever\u00e1 decidir se autoriza a abertura do processo. Conforme aponta Griebeler, quando o Supremo enviar para a C\u00e2mara dos Deputados, o rito \u00e9 semelhante ao seguido no impeachment de Dilma Rousseff. A CCJC (Comiss\u00e3o de Constitui\u00e7\u00e3o e Justi\u00e7a e de Cidadania) dever\u00e1 apresentar um relat\u00f3rio acatando ou n\u00e3o o pedido de den\u00fancia. Para tal, Temer ter\u00e1 o prazo de 10 sess\u00f5es para apresentar sua defesa e a CCJC ter\u00e1 5 sess\u00f5es para apresentar seu relat\u00f3rio. Independente do teor do relat\u00f3rio, pela aceita\u00e7\u00e3o da den\u00fancia ou n\u00e3o, a mat\u00e9ria deve ser deliberada pelo plen\u00e1rio da casa. No plen\u00e1rio da C\u00e2mara, \u00e9 preciso que dois ter\u00e7os dos deputados &#8211; ou 342 votos &#8211; para acatar a den\u00fancia. Caso aprovado, o caso ser\u00e1 encaminhado para o plen\u00e1rio do STF, que precisar\u00e1 fazer uma vota\u00e7\u00e3o para iniciar o processo e afastar Temer por 180 dias.<\/p>\n<p>E, segundo destaca a LCA Consultores, vale lembrar que Janot tem um prazo de cinco dias para apresentar os pedidos de abertura de a\u00e7\u00e3o penal por forma\u00e7\u00e3o de quadrilha e obstru\u00e7\u00e3o de Justi\u00e7a, ap\u00f3s a conclus\u00e3o da per\u00edcia nos \u00e1udios entregues pelo empres\u00e1rio Joesley Batista. Ou seja, uma nova den\u00fancia deve ser apresentada at\u00e9 a pr\u00f3xima segundafeira.<\/p>\n<p>Desta forma, o governo defender\u00e1 junto \u00e0 C\u00e2mara que os deputados votem essas duas den\u00fancias conjuntamente. O embasamento jur\u00eddico da proposta do governo \u00e9 o artigo 142 do regimento da C\u00e2mara que dene como l\u00edcito promover a tramita\u00e7\u00e3o conjunta de duas ou mais proposi\u00e7\u00f5es de mat\u00e9ria id\u00eantica ou correlata.<\/p>","protected":false},"excerpt":{"rendered":"<p>O que j\u00e1 era t\u00e3o esperado nalmente aconteceu na noite da \u00faltima segunda-feira (26). O procurador-geral apresentou den\u00fancia contra o presidente da Rep\u00fablica Michel Temer por pr\u00e1tica de corrup\u00e7\u00e3o passiva&#8230;.<\/p>","protected":false},"author":15,"featured_media":3338,"comment_status":"open","ping_status":"open","sticky":false,"template":"","format":"standard","meta":{"_acf_changed":false,"_exactmetrics_skip_tracking":false,"_exactmetrics_sitenote_active":false,"_exactmetrics_sitenote_note":"","_exactmetrics_sitenote_category":0,"footnotes":""},"categories":[45],"tags":[164,204,168,132,108,81,203],"class_list":{"0":"post-3337","1":"post","2":"type-post","3":"status-publish","4":"format-standard","5":"has-post-thumbnail","7":"category-relacoes-governamentais","8":"tag-crise-politica","9":"tag-janot","10":"tag-juliano-griebeler","11":"tag-presidente","12":"tag-reforma-da-previdencia","13":"tag-relacoes-governamentais","14":"tag-temer"},"acf":[],"yoast_head":"<!-- This site is optimized with the Yoast SEO plugin v27.4 - https:\/\/yoast.com\/product\/yoast-seo-wordpress\/ -->\n<title>Temer foi denunciado: e agora? Para analistas, presidente n\u00e3o \u00e9 o &quot;mais amea\u00e7ado&quot; com a\u00e7\u00e3o de Janot - BMJ<\/title>\n<meta name=\"robots\" content=\"index, follow, max-snippet:-1, max-image-preview:large, max-video-preview:-1\" \/>\n<link rel=\"canonical\" href=\"https:\/\/bmj.com.br\/en\/temer-foi-denunciado-e-agora-para-analistas-presidente-nao-e-o-mais-ameacado-com-acao-de-janot\/\" \/>\n<meta property=\"og:locale\" content=\"en_US\" \/>\n<meta property=\"og:type\" content=\"article\" \/>\n<meta property=\"og:title\" content=\"Temer foi denunciado: e agora? Para analistas, presidente n\u00e3o \u00e9 o &quot;mais amea\u00e7ado&quot; com a\u00e7\u00e3o de Janot - BMJ\" \/>\n<meta property=\"og:description\" content=\"O que j\u00e1 era t\u00e3o esperado nalmente aconteceu na noite da \u00faltima segunda-feira (26). O procurador-geral apresentou den\u00fancia contra o presidente da Rep\u00fablica Michel Temer por pr\u00e1tica de corrup\u00e7\u00e3o passiva....\" \/>\n<meta property=\"og:url\" content=\"https:\/\/bmj.com.br\/en\/temer-foi-denunciado-e-agora-para-analistas-presidente-nao-e-o-mais-ameacado-com-acao-de-janot\/\" \/>\n<meta property=\"og:site_name\" content=\"BMJ\" \/>\n<meta property=\"article:publisher\" content=\"https:\/\/www.facebook.com\/BMJAssociados\/?ref=ts\" \/>\n<meta property=\"article:published_time\" content=\"2017-06-27T19:00:23+00:00\" \/>\n<meta property=\"article:modified_time\" content=\"2017-06-28T20:53:50+00:00\" \/>\n<meta property=\"og:image\" content=\"https:\/\/bmj.com.br\/wp-content\/uploads\/2017\/06\/Temer-coloca-em-pr\u00e1tica-estrat\u00e9gia-para-se-manter-na-presid\u00eancia.jpg\" \/>\n\t<meta property=\"og:image:width\" content=\"680\" \/>\n\t<meta property=\"og:image:height\" content=\"453\" \/>\n\t<meta property=\"og:image:type\" content=\"image\/jpeg\" \/>\n<meta name=\"author\" content=\"Dennis Bravo\" \/>\n<meta name=\"twitter:card\" content=\"summary_large_image\" \/>\n<meta name=\"twitter:creator\" content=\"@BMJconsultoria\" \/>\n<meta name=\"twitter:site\" content=\"@BMJconsultoria\" \/>\n<meta name=\"twitter:label1\" content=\"Written by\" \/>\n\t<meta name=\"twitter:data1\" content=\"Dennis Bravo\" \/>\n\t<meta name=\"twitter:label2\" content=\"Est. reading time\" \/>\n\t<meta name=\"twitter:data2\" content=\"7 minutes\" \/>\n<script type=\"application\/ld+json\" class=\"yoast-schema-graph\">{\"@context\":\"https:\\\/\\\/schema.org\",\"@graph\":[{\"@type\":\"Article\",\"@id\":\"https:\\\/\\\/bmj.com.br\\\/temer-foi-denunciado-e-agora-para-analistas-presidente-nao-e-o-mais-ameacado-com-acao-de-janot\\\/#article\",\"isPartOf\":{\"@id\":\"https:\\\/\\\/bmj.com.br\\\/temer-foi-denunciado-e-agora-para-analistas-presidente-nao-e-o-mais-ameacado-com-acao-de-janot\\\/\"},\"author\":{\"name\":\"Dennis Bravo\",\"@id\":\"https:\\\/\\\/bmj.com.br\\\/#\\\/schema\\\/person\\\/e3d3984837d4d1847e83b4197aa02975\"},\"headline\":\"Temer foi denunciado: e agora? Para analistas, presidente n\u00e3o \u00e9 o &#8220;mais amea\u00e7ado&#8221; com a\u00e7\u00e3o de Janot\",\"datePublished\":\"2017-06-27T19:00:23+00:00\",\"dateModified\":\"2017-06-28T20:53:50+00:00\",\"mainEntityOfPage\":{\"@id\":\"https:\\\/\\\/bmj.com.br\\\/temer-foi-denunciado-e-agora-para-analistas-presidente-nao-e-o-mais-ameacado-com-acao-de-janot\\\/\"},\"wordCount\":1390,\"commentCount\":0,\"publisher\":{\"@id\":\"https:\\\/\\\/bmj.com.br\\\/#organization\"},\"image\":{\"@id\":\"https:\\\/\\\/bmj.com.br\\\/temer-foi-denunciado-e-agora-para-analistas-presidente-nao-e-o-mais-ameacado-com-acao-de-janot\\\/#primaryimage\"},\"thumbnailUrl\":\"https:\\\/\\\/bmj.com.br\\\/wp-content\\\/uploads\\\/2017\\\/06\\\/Temer-coloca-em-pr\u00e1tica-estrat\u00e9gia-para-se-manter-na-presid\u00eancia.jpg\",\"keywords\":[\"Crise pol\u00edtica\",\"Janot\",\"Juliano Griebeler\",\"Presidente\",\"Reforma da Previd\u00eancia\",\"Rela\u00e7\u00f5es Governamentais\",\"Temer\"],\"articleSection\":[\"Rela\u00e7\u00f5es Governamentais\"],\"inLanguage\":\"en-US\",\"potentialAction\":[{\"@type\":\"CommentAction\",\"name\":\"Comment\",\"target\":[\"https:\\\/\\\/bmj.com.br\\\/temer-foi-denunciado-e-agora-para-analistas-presidente-nao-e-o-mais-ameacado-com-acao-de-janot\\\/#respond\"]}]},{\"@type\":\"WebPage\",\"@id\":\"https:\\\/\\\/bmj.com.br\\\/temer-foi-denunciado-e-agora-para-analistas-presidente-nao-e-o-mais-ameacado-com-acao-de-janot\\\/\",\"url\":\"https:\\\/\\\/bmj.com.br\\\/temer-foi-denunciado-e-agora-para-analistas-presidente-nao-e-o-mais-ameacado-com-acao-de-janot\\\/\",\"name\":\"Temer foi denunciado: e agora? Para analistas, presidente n\u00e3o \u00e9 o \\\"mais amea\u00e7ado\\\" com a\u00e7\u00e3o de Janot - BMJ\",\"isPartOf\":{\"@id\":\"https:\\\/\\\/bmj.com.br\\\/#website\"},\"primaryImageOfPage\":{\"@id\":\"https:\\\/\\\/bmj.com.br\\\/temer-foi-denunciado-e-agora-para-analistas-presidente-nao-e-o-mais-ameacado-com-acao-de-janot\\\/#primaryimage\"},\"image\":{\"@id\":\"https:\\\/\\\/bmj.com.br\\\/temer-foi-denunciado-e-agora-para-analistas-presidente-nao-e-o-mais-ameacado-com-acao-de-janot\\\/#primaryimage\"},\"thumbnailUrl\":\"https:\\\/\\\/bmj.com.br\\\/wp-content\\\/uploads\\\/2017\\\/06\\\/Temer-coloca-em-pr\u00e1tica-estrat\u00e9gia-para-se-manter-na-presid\u00eancia.jpg\",\"datePublished\":\"2017-06-27T19:00:23+00:00\",\"dateModified\":\"2017-06-28T20:53:50+00:00\",\"breadcrumb\":{\"@id\":\"https:\\\/\\\/bmj.com.br\\\/temer-foi-denunciado-e-agora-para-analistas-presidente-nao-e-o-mais-ameacado-com-acao-de-janot\\\/#breadcrumb\"},\"inLanguage\":\"en-US\",\"potentialAction\":[{\"@type\":\"ReadAction\",\"target\":[\"https:\\\/\\\/bmj.com.br\\\/temer-foi-denunciado-e-agora-para-analistas-presidente-nao-e-o-mais-ameacado-com-acao-de-janot\\\/\"]}]},{\"@type\":\"ImageObject\",\"inLanguage\":\"en-US\",\"@id\":\"https:\\\/\\\/bmj.com.br\\\/temer-foi-denunciado-e-agora-para-analistas-presidente-nao-e-o-mais-ameacado-com-acao-de-janot\\\/#primaryimage\",\"url\":\"https:\\\/\\\/bmj.com.br\\\/wp-content\\\/uploads\\\/2017\\\/06\\\/Temer-coloca-em-pr\u00e1tica-estrat\u00e9gia-para-se-manter-na-presid\u00eancia.jpg\",\"contentUrl\":\"https:\\\/\\\/bmj.com.br\\\/wp-content\\\/uploads\\\/2017\\\/06\\\/Temer-coloca-em-pr\u00e1tica-estrat\u00e9gia-para-se-manter-na-presid\u00eancia.jpg\",\"width\":680,\"height\":453},{\"@type\":\"BreadcrumbList\",\"@id\":\"https:\\\/\\\/bmj.com.br\\\/temer-foi-denunciado-e-agora-para-analistas-presidente-nao-e-o-mais-ameacado-com-acao-de-janot\\\/#breadcrumb\",\"itemListElement\":[{\"@type\":\"ListItem\",\"position\":1,\"name\":\"Home\",\"item\":\"https:\\\/\\\/bmj.com.br\\\/\"},{\"@type\":\"ListItem\",\"position\":2,\"name\":\"Temer foi denunciado: e agora? Para analistas, presidente n\u00e3o \u00e9 o &#8220;mais amea\u00e7ado&#8221; com a\u00e7\u00e3o de Janot\"}]},{\"@type\":\"WebSite\",\"@id\":\"https:\\\/\\\/bmj.com.br\\\/#website\",\"url\":\"https:\\\/\\\/bmj.com.br\\\/\",\"name\":\"BMJ\",\"description\":\"Consultores Associados\",\"publisher\":{\"@id\":\"https:\\\/\\\/bmj.com.br\\\/#organization\"},\"potentialAction\":[{\"@type\":\"SearchAction\",\"target\":{\"@type\":\"EntryPoint\",\"urlTemplate\":\"https:\\\/\\\/bmj.com.br\\\/?s={search_term_string}\"},\"query-input\":{\"@type\":\"PropertyValueSpecification\",\"valueRequired\":true,\"valueName\":\"search_term_string\"}}],\"inLanguage\":\"en-US\"},{\"@type\":\"Organization\",\"@id\":\"https:\\\/\\\/bmj.com.br\\\/#organization\",\"name\":\"BMJ Consultoria\",\"url\":\"https:\\\/\\\/bmj.com.br\\\/\",\"logo\":{\"@type\":\"ImageObject\",\"inLanguage\":\"en-US\",\"@id\":\"https:\\\/\\\/bmj.com.br\\\/#\\\/schema\\\/logo\\\/image\\\/\",\"url\":\"\",\"contentUrl\":\"\",\"caption\":\"BMJ Consultoria\"},\"image\":{\"@id\":\"https:\\\/\\\/bmj.com.br\\\/#\\\/schema\\\/logo\\\/image\\\/\"},\"sameAs\":[\"https:\\\/\\\/www.facebook.com\\\/BMJAssociados\\\/?ref=ts\",\"https:\\\/\\\/x.com\\\/BMJconsultoria\",\"https:\\\/\\\/www.instagram.com\\\/bmjconsultoria\\\/\",\"https:\\\/\\\/www.linkedin.com\\\/company\\\/bmjconsultoresassociados\\\/?originalSubdomain=br\",\"https:\\\/\\\/www.youtube.com\\\/user\\\/bmjconsultoria\"]},{\"@type\":\"Person\",\"@id\":\"https:\\\/\\\/bmj.com.br\\\/#\\\/schema\\\/person\\\/e3d3984837d4d1847e83b4197aa02975\",\"name\":\"Dennis Bravo\",\"image\":{\"@type\":\"ImageObject\",\"inLanguage\":\"en-US\",\"@id\":\"https:\\\/\\\/secure.gravatar.com\\\/avatar\\\/6a711d6eb2c762e1fa0b1af3d0183adea3563153cc8b6e8820177b2fec199793?s=96&d=mm&r=g\",\"url\":\"https:\\\/\\\/secure.gravatar.com\\\/avatar\\\/6a711d6eb2c762e1fa0b1af3d0183adea3563153cc8b6e8820177b2fec199793?s=96&d=mm&r=g\",\"contentUrl\":\"https:\\\/\\\/secure.gravatar.com\\\/avatar\\\/6a711d6eb2c762e1fa0b1af3d0183adea3563153cc8b6e8820177b2fec199793?s=96&d=mm&r=g\",\"caption\":\"Dennis Bravo\"},\"url\":\"https:\\\/\\\/bmj.com.br\\\/en\\\/author\\\/matheus-rossi\\\/\"}]}<\/script>\n<!-- \/ Yoast SEO plugin. -->","yoast_head_json":{"title":"Temer foi denunciado: e agora? Para analistas, presidente n\u00e3o \u00e9 o \"mais amea\u00e7ado\" com a\u00e7\u00e3o de Janot - BMJ","robots":{"index":"index","follow":"follow","max-snippet":"max-snippet:-1","max-image-preview":"max-image-preview:large","max-video-preview":"max-video-preview:-1"},"canonical":"https:\/\/bmj.com.br\/en\/temer-foi-denunciado-e-agora-para-analistas-presidente-nao-e-o-mais-ameacado-com-acao-de-janot\/","og_locale":"en_US","og_type":"article","og_title":"Temer foi denunciado: e agora? Para analistas, presidente n\u00e3o \u00e9 o \"mais amea\u00e7ado\" com a\u00e7\u00e3o de Janot - BMJ","og_description":"O que j\u00e1 era t\u00e3o esperado nalmente aconteceu na noite da \u00faltima segunda-feira (26). O procurador-geral apresentou den\u00fancia contra o presidente da Rep\u00fablica Michel Temer por pr\u00e1tica de corrup\u00e7\u00e3o passiva....","og_url":"https:\/\/bmj.com.br\/en\/temer-foi-denunciado-e-agora-para-analistas-presidente-nao-e-o-mais-ameacado-com-acao-de-janot\/","og_site_name":"BMJ","article_publisher":"https:\/\/www.facebook.com\/BMJAssociados\/?ref=ts","article_published_time":"2017-06-27T19:00:23+00:00","article_modified_time":"2017-06-28T20:53:50+00:00","og_image":[{"width":680,"height":453,"url":"https:\/\/bmj.com.br\/wp-content\/uploads\/2017\/06\/Temer-coloca-em-pr\u00e1tica-estrat\u00e9gia-para-se-manter-na-presid\u00eancia.jpg","type":"image\/jpeg"}],"author":"Dennis Bravo","twitter_card":"summary_large_image","twitter_creator":"@BMJconsultoria","twitter_site":"@BMJconsultoria","twitter_misc":{"Written by":"Dennis Bravo","Est. reading time":"7 minutes"},"schema":{"@context":"https:\/\/schema.org","@graph":[{"@type":"Article","@id":"https:\/\/bmj.com.br\/temer-foi-denunciado-e-agora-para-analistas-presidente-nao-e-o-mais-ameacado-com-acao-de-janot\/#article","isPartOf":{"@id":"https:\/\/bmj.com.br\/temer-foi-denunciado-e-agora-para-analistas-presidente-nao-e-o-mais-ameacado-com-acao-de-janot\/"},"author":{"name":"Dennis Bravo","@id":"https:\/\/bmj.com.br\/#\/schema\/person\/e3d3984837d4d1847e83b4197aa02975"},"headline":"Temer foi denunciado: e agora? Para analistas, presidente n\u00e3o \u00e9 o &#8220;mais amea\u00e7ado&#8221; com a\u00e7\u00e3o de Janot","datePublished":"2017-06-27T19:00:23+00:00","dateModified":"2017-06-28T20:53:50+00:00","mainEntityOfPage":{"@id":"https:\/\/bmj.com.br\/temer-foi-denunciado-e-agora-para-analistas-presidente-nao-e-o-mais-ameacado-com-acao-de-janot\/"},"wordCount":1390,"commentCount":0,"publisher":{"@id":"https:\/\/bmj.com.br\/#organization"},"image":{"@id":"https:\/\/bmj.com.br\/temer-foi-denunciado-e-agora-para-analistas-presidente-nao-e-o-mais-ameacado-com-acao-de-janot\/#primaryimage"},"thumbnailUrl":"https:\/\/bmj.com.br\/wp-content\/uploads\/2017\/06\/Temer-coloca-em-pr\u00e1tica-estrat\u00e9gia-para-se-manter-na-presid\u00eancia.jpg","keywords":["Crise pol\u00edtica","Janot","Juliano Griebeler","Presidente","Reforma da Previd\u00eancia","Rela\u00e7\u00f5es Governamentais","Temer"],"articleSection":["Rela\u00e7\u00f5es Governamentais"],"inLanguage":"en-US","potentialAction":[{"@type":"CommentAction","name":"Comment","target":["https:\/\/bmj.com.br\/temer-foi-denunciado-e-agora-para-analistas-presidente-nao-e-o-mais-ameacado-com-acao-de-janot\/#respond"]}]},{"@type":"WebPage","@id":"https:\/\/bmj.com.br\/temer-foi-denunciado-e-agora-para-analistas-presidente-nao-e-o-mais-ameacado-com-acao-de-janot\/","url":"https:\/\/bmj.com.br\/temer-foi-denunciado-e-agora-para-analistas-presidente-nao-e-o-mais-ameacado-com-acao-de-janot\/","name":"Temer foi denunciado: e agora? Para analistas, presidente n\u00e3o \u00e9 o \"mais amea\u00e7ado\" com a\u00e7\u00e3o de Janot - BMJ","isPartOf":{"@id":"https:\/\/bmj.com.br\/#website"},"primaryImageOfPage":{"@id":"https:\/\/bmj.com.br\/temer-foi-denunciado-e-agora-para-analistas-presidente-nao-e-o-mais-ameacado-com-acao-de-janot\/#primaryimage"},"image":{"@id":"https:\/\/bmj.com.br\/temer-foi-denunciado-e-agora-para-analistas-presidente-nao-e-o-mais-ameacado-com-acao-de-janot\/#primaryimage"},"thumbnailUrl":"https:\/\/bmj.com.br\/wp-content\/uploads\/2017\/06\/Temer-coloca-em-pr\u00e1tica-estrat\u00e9gia-para-se-manter-na-presid\u00eancia.jpg","datePublished":"2017-06-27T19:00:23+00:00","dateModified":"2017-06-28T20:53:50+00:00","breadcrumb":{"@id":"https:\/\/bmj.com.br\/temer-foi-denunciado-e-agora-para-analistas-presidente-nao-e-o-mais-ameacado-com-acao-de-janot\/#breadcrumb"},"inLanguage":"en-US","potentialAction":[{"@type":"ReadAction","target":["https:\/\/bmj.com.br\/temer-foi-denunciado-e-agora-para-analistas-presidente-nao-e-o-mais-ameacado-com-acao-de-janot\/"]}]},{"@type":"ImageObject","inLanguage":"en-US","@id":"https:\/\/bmj.com.br\/temer-foi-denunciado-e-agora-para-analistas-presidente-nao-e-o-mais-ameacado-com-acao-de-janot\/#primaryimage","url":"https:\/\/bmj.com.br\/wp-content\/uploads\/2017\/06\/Temer-coloca-em-pr\u00e1tica-estrat\u00e9gia-para-se-manter-na-presid\u00eancia.jpg","contentUrl":"https:\/\/bmj.com.br\/wp-content\/uploads\/2017\/06\/Temer-coloca-em-pr\u00e1tica-estrat\u00e9gia-para-se-manter-na-presid\u00eancia.jpg","width":680,"height":453},{"@type":"BreadcrumbList","@id":"https:\/\/bmj.com.br\/temer-foi-denunciado-e-agora-para-analistas-presidente-nao-e-o-mais-ameacado-com-acao-de-janot\/#breadcrumb","itemListElement":[{"@type":"ListItem","position":1,"name":"Home","item":"https:\/\/bmj.com.br\/"},{"@type":"ListItem","position":2,"name":"Temer foi denunciado: e agora? Para analistas, presidente n\u00e3o \u00e9 o &#8220;mais amea\u00e7ado&#8221; com a\u00e7\u00e3o de Janot"}]},{"@type":"WebSite","@id":"https:\/\/bmj.com.br\/#website","url":"https:\/\/bmj.com.br\/","name":"BMJ","description":"Consultores Associados","publisher":{"@id":"https:\/\/bmj.com.br\/#organization"},"potentialAction":[{"@type":"SearchAction","target":{"@type":"EntryPoint","urlTemplate":"https:\/\/bmj.com.br\/?s={search_term_string}"},"query-input":{"@type":"PropertyValueSpecification","valueRequired":true,"valueName":"search_term_string"}}],"inLanguage":"en-US"},{"@type":"Organization","@id":"https:\/\/bmj.com.br\/#organization","name":"BMJ Consultoria","url":"https:\/\/bmj.com.br\/","logo":{"@type":"ImageObject","inLanguage":"en-US","@id":"https:\/\/bmj.com.br\/#\/schema\/logo\/image\/","url":"","contentUrl":"","caption":"BMJ Consultoria"},"image":{"@id":"https:\/\/bmj.com.br\/#\/schema\/logo\/image\/"},"sameAs":["https:\/\/www.facebook.com\/BMJAssociados\/?ref=ts","https:\/\/x.com\/BMJconsultoria","https:\/\/www.instagram.com\/bmjconsultoria\/","https:\/\/www.linkedin.com\/company\/bmjconsultoresassociados\/?originalSubdomain=br","https:\/\/www.youtube.com\/user\/bmjconsultoria"]},{"@type":"Person","@id":"https:\/\/bmj.com.br\/#\/schema\/person\/e3d3984837d4d1847e83b4197aa02975","name":"Dennis Bravo","image":{"@type":"ImageObject","inLanguage":"en-US","@id":"https:\/\/secure.gravatar.com\/avatar\/6a711d6eb2c762e1fa0b1af3d0183adea3563153cc8b6e8820177b2fec199793?s=96&d=mm&r=g","url":"https:\/\/secure.gravatar.com\/avatar\/6a711d6eb2c762e1fa0b1af3d0183adea3563153cc8b6e8820177b2fec199793?s=96&d=mm&r=g","contentUrl":"https:\/\/secure.gravatar.com\/avatar\/6a711d6eb2c762e1fa0b1af3d0183adea3563153cc8b6e8820177b2fec199793?s=96&d=mm&r=g","caption":"Dennis Bravo"},"url":"https:\/\/bmj.com.br\/en\/author\/matheus-rossi\/"}]}},"_links":{"self":[{"href":"https:\/\/bmj.com.br\/en\/wp-json\/wp\/v2\/posts\/3337","targetHints":{"allow":["GET"]}}],"collection":[{"href":"https:\/\/bmj.com.br\/en\/wp-json\/wp\/v2\/posts"}],"about":[{"href":"https:\/\/bmj.com.br\/en\/wp-json\/wp\/v2\/types\/post"}],"author":[{"embeddable":true,"href":"https:\/\/bmj.com.br\/en\/wp-json\/wp\/v2\/users\/15"}],"replies":[{"embeddable":true,"href":"https:\/\/bmj.com.br\/en\/wp-json\/wp\/v2\/comments?post=3337"}],"version-history":[{"count":0,"href":"https:\/\/bmj.com.br\/en\/wp-json\/wp\/v2\/posts\/3337\/revisions"}],"wp:featuredmedia":[{"embeddable":true,"href":"https:\/\/bmj.com.br\/en\/wp-json\/wp\/v2\/media\/3338"}],"wp:attachment":[{"href":"https:\/\/bmj.com.br\/en\/wp-json\/wp\/v2\/media?parent=3337"}],"wp:term":[{"taxonomy":"category","embeddable":true,"href":"https:\/\/bmj.com.br\/en\/wp-json\/wp\/v2\/categories?post=3337"},{"taxonomy":"post_tag","embeddable":true,"href":"https:\/\/bmj.com.br\/en\/wp-json\/wp\/v2\/tags?post=3337"}],"curies":[{"name":"wp","href":"https:\/\/api.w.org\/{rel}","templated":true}]}}