{"id":3529,"date":"2017-07-26T15:47:11","date_gmt":"2017-07-26T18:47:11","guid":{"rendered":"https:\/\/bmj.com.br\/?p=3529"},"modified":"2017-07-27T11:06:11","modified_gmt":"2017-07-27T14:06:11","slug":"governo-anuncia-mudancas-importantes-no-setor-da-mineracao","status":"publish","type":"post","link":"https:\/\/bmj.com.br\/en\/governo-anuncia-mudancas-importantes-no-setor-da-mineracao\/","title":{"rendered":"Governo anuncia mudan\u00e7as importantes no setor da minera\u00e7\u00e3o"},"content":{"rendered":"<p>Depois de mais de duas d\u00e9cadas, o Governo Federal anunciou importantes mudan\u00e7as destinadas a modernizar a ind\u00fastria mineral brasileira. Na ter\u00e7a (25), o Presidente Michel Temer assinou tr\u00eas Medidas Provis\u00f3rias (MP) que, em conjunto, conformam o Programa Brasileiro de Revitaliza\u00e7\u00e3o da Ind\u00fastria Mineral. Um deles cria a Ag\u00eancia Nacional de Minera\u00e7\u00e3o (ANM), outro moderniza o C\u00f3digo de Minera\u00e7\u00e3o e, por fim, o \u00faltimo aprimora a legisla\u00e7\u00e3o e atualiza os valores de Compensa\u00e7\u00e3o Financeira pela Explora\u00e7\u00e3o de Recursos Minerais (CFEM). O objetivo do governo \u00e9 atrair mais investimentos, impulsionar a produ\u00e7\u00e3o mineral no pa\u00eds e aumentar sua participa\u00e7\u00e3o no Produto Interno Bruto (PIB, soma dos bens e servi\u00e7os produzidos) de 4% para 6%. Esta regulamenta\u00e7\u00e3o do setor passar\u00e1 por uma burocratiza\u00e7\u00e3o nos procedimentos envolvendo a concess\u00e3o de licen\u00e7as.<\/p>\n<p>&nbsp;<\/p>\n<p><strong>MUDAN\u00c7AS<\/strong><\/p>\n<p><strong>Atualiza\u00e7\u00e3o sobre a CFEM \u2013<\/strong>\u00a0<a href=\"http:\/\/pesquisa.in.gov.br\/imprensa\/jsp\/visualiza\/index.jsp?jornal=1&amp;pagina=1&amp;data=26\/07\/2017\">Medida Provis\u00f3ria 789\/2017<\/a>: o governo espera aumentar as receitas da CFEM em cerca de 80% em um momento em que luta para fechar o or\u00e7amento. Em 2016, a cobran\u00e7a desses royalties totalizou cerca de R$ 1,6 bilh\u00e3o. Atualmente, o c\u00e1lculo do valor devido \u00e9 feito com base nas vendas l\u00edquidas da empresa. Com a mudan\u00e7a na base de c\u00e1lculo, a cobran\u00e7a ser\u00e1 feita com base na receita bruta da venda do min\u00e9rio, junto dos custos de transporte e seguro.<\/p>\n<p>Empresas do setor consideraram o aumento nos royalties de minera\u00e7\u00e3o inadequados para a situa\u00e7\u00e3o econ\u00f4mica atual do pa\u00eds, e declararam em uma nota que iriam transmitir o novo aumento de custos para a cadeia de produ\u00e7\u00e3o industrial.<\/p>\n<p>Abaixo, os novos valores que ser\u00e3o cobrados:<\/p>\n<p>(* As taxas s\u00f3 entrar\u00e3o em vigor em novembro de 2017)<\/p>\n<p><img fetchpriority=\"high\" decoding=\"async\" class=\"alignnone size-full wp-image-3530\" src=\"https:\/\/bmj.com.br\/wp-content\/uploads\/2017\/07\/TABELA-MINERA\u00c7\u00c3O.png\" alt=\"\" width=\"559\" height=\"410\" srcset=\"https:\/\/bmj.com.br\/wp-content\/uploads\/2017\/07\/TABELA-MINERA\u00c7\u00c3O.png 559w, https:\/\/bmj.com.br\/wp-content\/uploads\/2017\/07\/TABELA-MINERA\u00c7\u00c3O-232x170.png 232w, https:\/\/bmj.com.br\/wp-content\/uploads\/2017\/07\/TABELA-MINERA\u00c7\u00c3O-177x130.png 177w\" sizes=\"(max-width: 559px) 100vw, 559px\" \/><\/p>\n<p>&nbsp;<\/p>\n<p><strong>C\u00f3digo de Minera\u00e7\u00e3o<\/strong>\u00a0\u2013\u00a0<a href=\"http:\/\/pesquisa.in.gov.br\/imprensa\/jsp\/visualiza\/index.jsp?jornal=1&amp;pagina=3&amp;data=26\/07\/2017\">Medida Provis\u00f3ria 790\/2017<\/a>: o novo c\u00f3digo atualiza 23 t\u00f3picos &#8211; os mais importantes dos quais s\u00e3o: (i) a amplia\u00e7\u00e3o do per\u00edodo de pesquisa, que atualmente \u00e9 de um a tr\u00eas anos, passar\u00e1 a ser de dois a quatro anos ; (ii) aumento do limite m\u00e1ximo da multa por infra\u00e7\u00f5es, que passam de R$ 2,500 para R$ 30 milh\u00f5es; iii) define que a recupera\u00e7\u00e3o de \u00e1reas ambientalmente degradadas \u00e9 da responsabilidade da mineradora; (iv) cabe tamb\u00e9m ao mineiro executar o plano de fechamento da mina.<\/p>\n<p>Com a MP, o\u00a0PL 37\/2011, que abrange o mesmo tema e n\u00e3o avan\u00e7a desde 2016, deve ser arquivada.<\/p>\n<p>&nbsp;<\/p>\n<p><strong>Ag\u00eancia Nacional de Minera\u00e7\u00e3o (ANM)<\/strong>\u00a0\u2013\u00a0<a href=\"http:\/\/pesquisa.in.gov.br\/imprensa\/jsp\/visualiza\/index.jsp?jornal=1&amp;pagina=4&amp;data=26\/07\/2017\">Medida Provis\u00f3ria 791\/2017<\/a>: a ag\u00eancia substituir\u00e1 o Departamento Nacional de Produ\u00e7\u00e3o Mineral (DNPM) e, com o status de ag\u00eancia reguladora, ganha uma autonomia que o DNPM n\u00e3o tem atualmente, al\u00e9m de possuir mais for\u00e7a para inspecionar as atividades de minera\u00e7\u00e3o. A MP tamb\u00e9m cria a Taxa de Inspe\u00e7\u00e3o para Atividades Minerais, que financiar\u00e1 as atividades da ag\u00eancia. A cobran\u00e7a ser\u00e1 anual e variar\u00e1 de R$ 500 a R$ 5,000, a depender do est\u00e1gio da empresa de minera\u00e7\u00e3o. A ANM tamb\u00e9m ser\u00e1 respons\u00e1vel por executar as duas MPs acima descritas.<\/p>\n<p>Os diretores da ANM (um diretor geral e quatro diretores) ainda n\u00e3o foram nomeados, mas passar\u00e3o por sabatinas no Senado, em uma data ainda n\u00e3o determinada.<\/p>\n<p>&nbsp;<\/p>\n<p>AUTOR: <a href=\"\/?p=1614\">Victor Brand\u00e3o<\/a><\/p>","protected":false},"excerpt":{"rendered":"<p>Depois de mais de duas d\u00e9cadas, o Governo Federal anunciou importantes mudan\u00e7as destinadas a modernizar a ind\u00fastria mineral brasileira. Na ter\u00e7a (25), o Presidente Michel Temer assinou tr\u00eas Medidas Provis\u00f3rias&#8230;<\/p>","protected":false},"author":15,"featured_media":3533,"comment_status":"open","ping_status":"open","sticky":false,"template":"","format":"standard","meta":{"_acf_changed":false,"_exactmetrics_skip_tracking":false,"_exactmetrics_sitenote_active":false,"_exactmetrics_sitenote_note":"","_exactmetrics_sitenote_category":0,"footnotes":""},"categories":[45],"tags":[336,335,333,81,334,203,332],"class_list":{"0":"post-3529","1":"post","2":"type-post","3":"status-publish","4":"format-standard","5":"has-post-thumbnail","7":"category-relacoes-governamentais","8":"tag-agencia-nacional-de-mineracao","9":"tag-anm","10":"tag-mineracao","11":"tag-relacoes-governamentais","12":"tag-royalties-de-mineracao","13":"tag-temer","14":"tag-victor-brandao"},"acf":[],"yoast_head":"<!-- This site is optimized with the Yoast SEO plugin v27.4 - https:\/\/yoast.com\/product\/yoast-seo-wordpress\/ -->\n<title>Governo anuncia mudan\u00e7as importantes no setor da minera\u00e7\u00e3o - BMJ<\/title>\n<meta name=\"robots\" content=\"index, follow, max-snippet:-1, max-image-preview:large, max-video-preview:-1\" \/>\n<link rel=\"canonical\" href=\"https:\/\/bmj.com.br\/en\/governo-anuncia-mudancas-importantes-no-setor-da-mineracao\/\" \/>\n<meta property=\"og:locale\" content=\"en_US\" \/>\n<meta property=\"og:type\" content=\"article\" \/>\n<meta property=\"og:title\" content=\"Governo anuncia mudan\u00e7as importantes no setor da minera\u00e7\u00e3o - BMJ\" \/>\n<meta property=\"og:description\" content=\"Depois de mais de duas d\u00e9cadas, o Governo Federal anunciou importantes mudan\u00e7as destinadas a modernizar a ind\u00fastria mineral brasileira. Na ter\u00e7a (25), o Presidente Michel Temer assinou tr\u00eas Medidas Provis\u00f3rias...\" \/>\n<meta property=\"og:url\" content=\"https:\/\/bmj.com.br\/en\/governo-anuncia-mudancas-importantes-no-setor-da-mineracao\/\" \/>\n<meta property=\"og:site_name\" content=\"BMJ\" \/>\n<meta property=\"article:publisher\" content=\"https:\/\/www.facebook.com\/BMJAssociados\/?ref=ts\" \/>\n<meta property=\"article:published_time\" content=\"2017-07-26T18:47:11+00:00\" \/>\n<meta property=\"article:modified_time\" content=\"2017-07-27T14:06:11+00:00\" \/>\n<meta property=\"og:image\" content=\"https:\/\/bmj.com.br\/wp-content\/uploads\/2017\/07\/Governo-anuncia-mudan\u00e7as-importantes-no-setor-da-minera\u00e7\u00e3o.jpg\" \/>\n\t<meta property=\"og:image:width\" content=\"1600\" \/>\n\t<meta property=\"og:image:height\" content=\"1065\" \/>\n\t<meta property=\"og:image:type\" content=\"image\/jpeg\" \/>\n<meta name=\"author\" content=\"Dennis Bravo\" \/>\n<meta name=\"twitter:card\" content=\"summary_large_image\" \/>\n<meta name=\"twitter:creator\" content=\"@BMJconsultoria\" \/>\n<meta name=\"twitter:site\" content=\"@BMJconsultoria\" \/>\n<meta name=\"twitter:label1\" content=\"Written by\" \/>\n\t<meta name=\"twitter:data1\" content=\"Dennis Bravo\" \/>\n\t<meta name=\"twitter:label2\" content=\"Est. reading time\" \/>\n\t<meta name=\"twitter:data2\" content=\"3 minutes\" \/>\n<script type=\"application\/ld+json\" class=\"yoast-schema-graph\">{\"@context\":\"https:\\\/\\\/schema.org\",\"@graph\":[{\"@type\":\"Article\",\"@id\":\"https:\\\/\\\/bmj.com.br\\\/en\\\/governo-anuncia-mudancas-importantes-no-setor-da-mineracao\\\/#article\",\"isPartOf\":{\"@id\":\"https:\\\/\\\/bmj.com.br\\\/en\\\/governo-anuncia-mudancas-importantes-no-setor-da-mineracao\\\/\"},\"author\":{\"name\":\"Dennis Bravo\",\"@id\":\"https:\\\/\\\/bmj.com.br\\\/#\\\/schema\\\/person\\\/e3d3984837d4d1847e83b4197aa02975\"},\"headline\":\"Governo anuncia mudan\u00e7as importantes no setor da minera\u00e7\u00e3o\",\"datePublished\":\"2017-07-26T18:47:11+00:00\",\"dateModified\":\"2017-07-27T14:06:11+00:00\",\"mainEntityOfPage\":{\"@id\":\"https:\\\/\\\/bmj.com.br\\\/en\\\/governo-anuncia-mudancas-importantes-no-setor-da-mineracao\\\/\"},\"wordCount\":566,\"commentCount\":0,\"publisher\":{\"@id\":\"https:\\\/\\\/bmj.com.br\\\/#organization\"},\"image\":{\"@id\":\"https:\\\/\\\/bmj.com.br\\\/en\\\/governo-anuncia-mudancas-importantes-no-setor-da-mineracao\\\/#primaryimage\"},\"thumbnailUrl\":\"https:\\\/\\\/bmj.com.br\\\/wp-content\\\/uploads\\\/2017\\\/07\\\/Governo-anuncia-mudan\u00e7as-importantes-no-setor-da-minera\u00e7\u00e3o.jpg\",\"keywords\":[\"Ag\u00eancia Nacional de Minera\u00e7\u00e3o\",\"ANM\",\"minera\u00e7\u00e3o\",\"Rela\u00e7\u00f5es Governamentais\",\"royalties de minera\u00e7\u00e3o\",\"Temer\",\"Victor Brand\u00e3o\"],\"articleSection\":[\"Rela\u00e7\u00f5es Governamentais\"],\"inLanguage\":\"en-US\",\"potentialAction\":[{\"@type\":\"CommentAction\",\"name\":\"Comment\",\"target\":[\"https:\\\/\\\/bmj.com.br\\\/en\\\/governo-anuncia-mudancas-importantes-no-setor-da-mineracao\\\/#respond\"]}]},{\"@type\":\"WebPage\",\"@id\":\"https:\\\/\\\/bmj.com.br\\\/en\\\/governo-anuncia-mudancas-importantes-no-setor-da-mineracao\\\/\",\"url\":\"https:\\\/\\\/bmj.com.br\\\/en\\\/governo-anuncia-mudancas-importantes-no-setor-da-mineracao\\\/\",\"name\":\"Governo anuncia mudan\u00e7as importantes no setor da minera\u00e7\u00e3o - BMJ\",\"isPartOf\":{\"@id\":\"https:\\\/\\\/bmj.com.br\\\/#website\"},\"primaryImageOfPage\":{\"@id\":\"https:\\\/\\\/bmj.com.br\\\/en\\\/governo-anuncia-mudancas-importantes-no-setor-da-mineracao\\\/#primaryimage\"},\"image\":{\"@id\":\"https:\\\/\\\/bmj.com.br\\\/en\\\/governo-anuncia-mudancas-importantes-no-setor-da-mineracao\\\/#primaryimage\"},\"thumbnailUrl\":\"https:\\\/\\\/bmj.com.br\\\/wp-content\\\/uploads\\\/2017\\\/07\\\/Governo-anuncia-mudan\u00e7as-importantes-no-setor-da-minera\u00e7\u00e3o.jpg\",\"datePublished\":\"2017-07-26T18:47:11+00:00\",\"dateModified\":\"2017-07-27T14:06:11+00:00\",\"breadcrumb\":{\"@id\":\"https:\\\/\\\/bmj.com.br\\\/en\\\/governo-anuncia-mudancas-importantes-no-setor-da-mineracao\\\/#breadcrumb\"},\"inLanguage\":\"en-US\",\"potentialAction\":[{\"@type\":\"ReadAction\",\"target\":[\"https:\\\/\\\/bmj.com.br\\\/en\\\/governo-anuncia-mudancas-importantes-no-setor-da-mineracao\\\/\"]}]},{\"@type\":\"ImageObject\",\"inLanguage\":\"en-US\",\"@id\":\"https:\\\/\\\/bmj.com.br\\\/en\\\/governo-anuncia-mudancas-importantes-no-setor-da-mineracao\\\/#primaryimage\",\"url\":\"https:\\\/\\\/bmj.com.br\\\/wp-content\\\/uploads\\\/2017\\\/07\\\/Governo-anuncia-mudan\u00e7as-importantes-no-setor-da-minera\u00e7\u00e3o.jpg\",\"contentUrl\":\"https:\\\/\\\/bmj.com.br\\\/wp-content\\\/uploads\\\/2017\\\/07\\\/Governo-anuncia-mudan\u00e7as-importantes-no-setor-da-minera\u00e7\u00e3o.jpg\",\"width\":1600,\"height\":1065},{\"@type\":\"BreadcrumbList\",\"@id\":\"https:\\\/\\\/bmj.com.br\\\/en\\\/governo-anuncia-mudancas-importantes-no-setor-da-mineracao\\\/#breadcrumb\",\"itemListElement\":[{\"@type\":\"ListItem\",\"position\":1,\"name\":\"Home\",\"item\":\"https:\\\/\\\/bmj.com.br\\\/\"},{\"@type\":\"ListItem\",\"position\":2,\"name\":\"Governo anuncia mudan\u00e7as importantes no setor da minera\u00e7\u00e3o\"}]},{\"@type\":\"WebSite\",\"@id\":\"https:\\\/\\\/bmj.com.br\\\/#website\",\"url\":\"https:\\\/\\\/bmj.com.br\\\/\",\"name\":\"BMJ\",\"description\":\"Consultores Associados\",\"publisher\":{\"@id\":\"https:\\\/\\\/bmj.com.br\\\/#organization\"},\"potentialAction\":[{\"@type\":\"SearchAction\",\"target\":{\"@type\":\"EntryPoint\",\"urlTemplate\":\"https:\\\/\\\/bmj.com.br\\\/?s={search_term_string}\"},\"query-input\":{\"@type\":\"PropertyValueSpecification\",\"valueRequired\":true,\"valueName\":\"search_term_string\"}}],\"inLanguage\":\"en-US\"},{\"@type\":\"Organization\",\"@id\":\"https:\\\/\\\/bmj.com.br\\\/#organization\",\"name\":\"BMJ Consultoria\",\"url\":\"https:\\\/\\\/bmj.com.br\\\/\",\"logo\":{\"@type\":\"ImageObject\",\"inLanguage\":\"en-US\",\"@id\":\"https:\\\/\\\/bmj.com.br\\\/#\\\/schema\\\/logo\\\/image\\\/\",\"url\":\"\",\"contentUrl\":\"\",\"caption\":\"BMJ Consultoria\"},\"image\":{\"@id\":\"https:\\\/\\\/bmj.com.br\\\/#\\\/schema\\\/logo\\\/image\\\/\"},\"sameAs\":[\"https:\\\/\\\/www.facebook.com\\\/BMJAssociados\\\/?ref=ts\",\"https:\\\/\\\/x.com\\\/BMJconsultoria\",\"https:\\\/\\\/www.instagram.com\\\/bmjconsultoria\\\/\",\"https:\\\/\\\/www.linkedin.com\\\/company\\\/bmjconsultoresassociados\\\/?originalSubdomain=br\",\"https:\\\/\\\/www.youtube.com\\\/user\\\/bmjconsultoria\"]},{\"@type\":\"Person\",\"@id\":\"https:\\\/\\\/bmj.com.br\\\/#\\\/schema\\\/person\\\/e3d3984837d4d1847e83b4197aa02975\",\"name\":\"Dennis Bravo\",\"image\":{\"@type\":\"ImageObject\",\"inLanguage\":\"en-US\",\"@id\":\"https:\\\/\\\/secure.gravatar.com\\\/avatar\\\/6a711d6eb2c762e1fa0b1af3d0183adea3563153cc8b6e8820177b2fec199793?s=96&d=mm&r=g\",\"url\":\"https:\\\/\\\/secure.gravatar.com\\\/avatar\\\/6a711d6eb2c762e1fa0b1af3d0183adea3563153cc8b6e8820177b2fec199793?s=96&d=mm&r=g\",\"contentUrl\":\"https:\\\/\\\/secure.gravatar.com\\\/avatar\\\/6a711d6eb2c762e1fa0b1af3d0183adea3563153cc8b6e8820177b2fec199793?s=96&d=mm&r=g\",\"caption\":\"Dennis Bravo\"},\"url\":\"https:\\\/\\\/bmj.com.br\\\/en\\\/author\\\/matheus-rossi\\\/\"}]}<\/script>\n<!-- \/ Yoast SEO plugin. -->","yoast_head_json":{"title":"Governo anuncia mudan\u00e7as importantes no setor da minera\u00e7\u00e3o - BMJ","robots":{"index":"index","follow":"follow","max-snippet":"max-snippet:-1","max-image-preview":"max-image-preview:large","max-video-preview":"max-video-preview:-1"},"canonical":"https:\/\/bmj.com.br\/en\/governo-anuncia-mudancas-importantes-no-setor-da-mineracao\/","og_locale":"en_US","og_type":"article","og_title":"Governo anuncia mudan\u00e7as importantes no setor da minera\u00e7\u00e3o - BMJ","og_description":"Depois de mais de duas d\u00e9cadas, o Governo Federal anunciou importantes mudan\u00e7as destinadas a modernizar a ind\u00fastria mineral brasileira. Na ter\u00e7a (25), o Presidente Michel Temer assinou tr\u00eas Medidas Provis\u00f3rias...","og_url":"https:\/\/bmj.com.br\/en\/governo-anuncia-mudancas-importantes-no-setor-da-mineracao\/","og_site_name":"BMJ","article_publisher":"https:\/\/www.facebook.com\/BMJAssociados\/?ref=ts","article_published_time":"2017-07-26T18:47:11+00:00","article_modified_time":"2017-07-27T14:06:11+00:00","og_image":[{"width":1600,"height":1065,"url":"https:\/\/bmj.com.br\/wp-content\/uploads\/2017\/07\/Governo-anuncia-mudan\u00e7as-importantes-no-setor-da-minera\u00e7\u00e3o.jpg","type":"image\/jpeg"}],"author":"Dennis Bravo","twitter_card":"summary_large_image","twitter_creator":"@BMJconsultoria","twitter_site":"@BMJconsultoria","twitter_misc":{"Written by":"Dennis Bravo","Est. reading time":"3 minutes"},"schema":{"@context":"https:\/\/schema.org","@graph":[{"@type":"Article","@id":"https:\/\/bmj.com.br\/en\/governo-anuncia-mudancas-importantes-no-setor-da-mineracao\/#article","isPartOf":{"@id":"https:\/\/bmj.com.br\/en\/governo-anuncia-mudancas-importantes-no-setor-da-mineracao\/"},"author":{"name":"Dennis Bravo","@id":"https:\/\/bmj.com.br\/#\/schema\/person\/e3d3984837d4d1847e83b4197aa02975"},"headline":"Governo anuncia mudan\u00e7as importantes no setor da minera\u00e7\u00e3o","datePublished":"2017-07-26T18:47:11+00:00","dateModified":"2017-07-27T14:06:11+00:00","mainEntityOfPage":{"@id":"https:\/\/bmj.com.br\/en\/governo-anuncia-mudancas-importantes-no-setor-da-mineracao\/"},"wordCount":566,"commentCount":0,"publisher":{"@id":"https:\/\/bmj.com.br\/#organization"},"image":{"@id":"https:\/\/bmj.com.br\/en\/governo-anuncia-mudancas-importantes-no-setor-da-mineracao\/#primaryimage"},"thumbnailUrl":"https:\/\/bmj.com.br\/wp-content\/uploads\/2017\/07\/Governo-anuncia-mudan\u00e7as-importantes-no-setor-da-minera\u00e7\u00e3o.jpg","keywords":["Ag\u00eancia Nacional de Minera\u00e7\u00e3o","ANM","minera\u00e7\u00e3o","Rela\u00e7\u00f5es Governamentais","royalties de minera\u00e7\u00e3o","Temer","Victor Brand\u00e3o"],"articleSection":["Rela\u00e7\u00f5es Governamentais"],"inLanguage":"en-US","potentialAction":[{"@type":"CommentAction","name":"Comment","target":["https:\/\/bmj.com.br\/en\/governo-anuncia-mudancas-importantes-no-setor-da-mineracao\/#respond"]}]},{"@type":"WebPage","@id":"https:\/\/bmj.com.br\/en\/governo-anuncia-mudancas-importantes-no-setor-da-mineracao\/","url":"https:\/\/bmj.com.br\/en\/governo-anuncia-mudancas-importantes-no-setor-da-mineracao\/","name":"Governo anuncia mudan\u00e7as importantes no setor da minera\u00e7\u00e3o - BMJ","isPartOf":{"@id":"https:\/\/bmj.com.br\/#website"},"primaryImageOfPage":{"@id":"https:\/\/bmj.com.br\/en\/governo-anuncia-mudancas-importantes-no-setor-da-mineracao\/#primaryimage"},"image":{"@id":"https:\/\/bmj.com.br\/en\/governo-anuncia-mudancas-importantes-no-setor-da-mineracao\/#primaryimage"},"thumbnailUrl":"https:\/\/bmj.com.br\/wp-content\/uploads\/2017\/07\/Governo-anuncia-mudan\u00e7as-importantes-no-setor-da-minera\u00e7\u00e3o.jpg","datePublished":"2017-07-26T18:47:11+00:00","dateModified":"2017-07-27T14:06:11+00:00","breadcrumb":{"@id":"https:\/\/bmj.com.br\/en\/governo-anuncia-mudancas-importantes-no-setor-da-mineracao\/#breadcrumb"},"inLanguage":"en-US","potentialAction":[{"@type":"ReadAction","target":["https:\/\/bmj.com.br\/en\/governo-anuncia-mudancas-importantes-no-setor-da-mineracao\/"]}]},{"@type":"ImageObject","inLanguage":"en-US","@id":"https:\/\/bmj.com.br\/en\/governo-anuncia-mudancas-importantes-no-setor-da-mineracao\/#primaryimage","url":"https:\/\/bmj.com.br\/wp-content\/uploads\/2017\/07\/Governo-anuncia-mudan\u00e7as-importantes-no-setor-da-minera\u00e7\u00e3o.jpg","contentUrl":"https:\/\/bmj.com.br\/wp-content\/uploads\/2017\/07\/Governo-anuncia-mudan\u00e7as-importantes-no-setor-da-minera\u00e7\u00e3o.jpg","width":1600,"height":1065},{"@type":"BreadcrumbList","@id":"https:\/\/bmj.com.br\/en\/governo-anuncia-mudancas-importantes-no-setor-da-mineracao\/#breadcrumb","itemListElement":[{"@type":"ListItem","position":1,"name":"Home","item":"https:\/\/bmj.com.br\/"},{"@type":"ListItem","position":2,"name":"Governo anuncia mudan\u00e7as importantes no setor da minera\u00e7\u00e3o"}]},{"@type":"WebSite","@id":"https:\/\/bmj.com.br\/#website","url":"https:\/\/bmj.com.br\/","name":"BMJ","description":"Consultores Associados","publisher":{"@id":"https:\/\/bmj.com.br\/#organization"},"potentialAction":[{"@type":"SearchAction","target":{"@type":"EntryPoint","urlTemplate":"https:\/\/bmj.com.br\/?s={search_term_string}"},"query-input":{"@type":"PropertyValueSpecification","valueRequired":true,"valueName":"search_term_string"}}],"inLanguage":"en-US"},{"@type":"Organization","@id":"https:\/\/bmj.com.br\/#organization","name":"BMJ Consultoria","url":"https:\/\/bmj.com.br\/","logo":{"@type":"ImageObject","inLanguage":"en-US","@id":"https:\/\/bmj.com.br\/#\/schema\/logo\/image\/","url":"","contentUrl":"","caption":"BMJ Consultoria"},"image":{"@id":"https:\/\/bmj.com.br\/#\/schema\/logo\/image\/"},"sameAs":["https:\/\/www.facebook.com\/BMJAssociados\/?ref=ts","https:\/\/x.com\/BMJconsultoria","https:\/\/www.instagram.com\/bmjconsultoria\/","https:\/\/www.linkedin.com\/company\/bmjconsultoresassociados\/?originalSubdomain=br","https:\/\/www.youtube.com\/user\/bmjconsultoria"]},{"@type":"Person","@id":"https:\/\/bmj.com.br\/#\/schema\/person\/e3d3984837d4d1847e83b4197aa02975","name":"Dennis Bravo","image":{"@type":"ImageObject","inLanguage":"en-US","@id":"https:\/\/secure.gravatar.com\/avatar\/6a711d6eb2c762e1fa0b1af3d0183adea3563153cc8b6e8820177b2fec199793?s=96&d=mm&r=g","url":"https:\/\/secure.gravatar.com\/avatar\/6a711d6eb2c762e1fa0b1af3d0183adea3563153cc8b6e8820177b2fec199793?s=96&d=mm&r=g","contentUrl":"https:\/\/secure.gravatar.com\/avatar\/6a711d6eb2c762e1fa0b1af3d0183adea3563153cc8b6e8820177b2fec199793?s=96&d=mm&r=g","caption":"Dennis Bravo"},"url":"https:\/\/bmj.com.br\/en\/author\/matheus-rossi\/"}]}},"_links":{"self":[{"href":"https:\/\/bmj.com.br\/en\/wp-json\/wp\/v2\/posts\/3529","targetHints":{"allow":["GET"]}}],"collection":[{"href":"https:\/\/bmj.com.br\/en\/wp-json\/wp\/v2\/posts"}],"about":[{"href":"https:\/\/bmj.com.br\/en\/wp-json\/wp\/v2\/types\/post"}],"author":[{"embeddable":true,"href":"https:\/\/bmj.com.br\/en\/wp-json\/wp\/v2\/users\/15"}],"replies":[{"embeddable":true,"href":"https:\/\/bmj.com.br\/en\/wp-json\/wp\/v2\/comments?post=3529"}],"version-history":[{"count":0,"href":"https:\/\/bmj.com.br\/en\/wp-json\/wp\/v2\/posts\/3529\/revisions"}],"wp:featuredmedia":[{"embeddable":true,"href":"https:\/\/bmj.com.br\/en\/wp-json\/wp\/v2\/media\/3533"}],"wp:attachment":[{"href":"https:\/\/bmj.com.br\/en\/wp-json\/wp\/v2\/media?parent=3529"}],"wp:term":[{"taxonomy":"category","embeddable":true,"href":"https:\/\/bmj.com.br\/en\/wp-json\/wp\/v2\/categories?post=3529"},{"taxonomy":"post_tag","embeddable":true,"href":"https:\/\/bmj.com.br\/en\/wp-json\/wp\/v2\/tags?post=3529"}],"curies":[{"name":"wp","href":"https:\/\/api.w.org\/{rel}","templated":true}]}}