{"id":3611,"date":"2017-08-03T10:06:23","date_gmt":"2017-08-03T13:06:23","guid":{"rendered":"https:\/\/bmj.com.br\/?p=3611"},"modified":"2017-08-03T10:12:19","modified_gmt":"2017-08-03T13:12:19","slug":"eloquente-ou-balde-de-agua-fria-como-o-mercado-avalia-a-vitoria-de-temer-na-camara","status":"publish","type":"post","link":"https:\/\/bmj.com.br\/en\/eloquente-ou-balde-de-agua-fria-como-o-mercado-avalia-a-vitoria-de-temer-na-camara\/","title":{"rendered":"Eloquente ou balde de \u00e1gua fria? Como o mercado avalia a vit\u00f3ria de Temer na C\u00e2mara"},"content":{"rendered":"<p><img fetchpriority=\"high\" decoding=\"async\" class=\"size-full wp-image-3612 aligncenter\" src=\"https:\/\/bmj.com.br\/wp-content\/uploads\/2017\/08\/Eloquente-ou-balde-de-\u00e1gua-fria-Como-o-mercado-avalia-a-vit\u00f3ria-de-Temer-na-C\u00e2mara.png\" alt=\"\" width=\"515\" height=\"348\" srcset=\"https:\/\/bmj.com.br\/wp-content\/uploads\/2017\/08\/Eloquente-ou-balde-de-\u00e1gua-fria-Como-o-mercado-avalia-a-vit\u00f3ria-de-Temer-na-C\u00e2mara.png 515w, https:\/\/bmj.com.br\/wp-content\/uploads\/2017\/08\/Eloquente-ou-balde-de-\u00e1gua-fria-Como-o-mercado-avalia-a-vit\u00f3ria-de-Temer-na-C\u00e2mara-252x170.png 252w, https:\/\/bmj.com.br\/wp-content\/uploads\/2017\/08\/Eloquente-ou-balde-de-\u00e1gua-fria-Como-o-mercado-avalia-a-vit\u00f3ria-de-Temer-na-C\u00e2mara-177x120.png 177w\" sizes=\"(max-width: 515px) 100vw, 515px\" \/><\/p>\n<p>Uma p\u00e1gina foi virada para o presidente Michel Temer ap\u00f3s ter barrado a den\u00fancia contra ele na C\u00e2mara dos Deputados. Em pronunciamento, ali\u00e1s, o presidente armou que a vit\u00f3ria foi &#8220;eloquente&#8221;. Mas, mais do que a vit\u00f3ria de Temer, o grande destaque cou para o placar, que ser\u00e1 analisado com lupa pelo mercado na sess\u00e3o desta quinta-feira. 263 deputados votaram a favor do parecer do relator Paulo Abi-Ackel (PSDB-MG) que recomendava a rejei\u00e7\u00e3o da den\u00fancia, enquanto 227 votaram contra, 20 n\u00e3o compareceram \u00e0 vota\u00e7\u00e3o e 2 se abstiveram.<\/p>\n<p>Vale destacar que, na \u00faltima quarta-feira, o mercado teve forte rea\u00e7\u00e3o positiva com a perspectiva de vit\u00f3ria de Temer, com o Ibovespa subindo cerca de 1% e o d\u00f3lar fechando em queda. No nal da tarde, ali\u00e1s, a consultoria) de risco pol\u00edtico Eurasia Group fez uma previs\u00e3o de que os votos a favor de Temer chegariam a 300, o que faria o governo ganhar for\u00e7a, de modo a retomar a reforma da Previd\u00eancia. Economistas e analistas de mercado apontavam que uma vit\u00f3ria de Temer por um placar acima de 270 votos mostraria a maior for\u00e7a do governo.<\/p>\n<p>Assim, apesar da vit\u00f3ria ao impedir o andamento das investiga\u00e7\u00f5es contra o presidente Michel Temer, o resultado da vota\u00e7\u00e3o do parecer da CCJ (Comiss\u00e3o de Constitui\u00e7\u00e3o e Justi\u00e7a) contr\u00e1rio \u00e0 autoriza\u00e7\u00e3o para a investiga\u00e7\u00e3o cou levemente abaixo das proje\u00e7\u00f5es feitas pelos principais aliados do governo. Nos \u00faltimos dias e at\u00e9 o in\u00edcio da vota\u00e7\u00e3o, os governistas acreditavam que teriam mais de 270 votos com facilidade, o que pode gerar d\u00favidas sobre a for\u00e7a do governo para aprovar as reformas.<\/p>\n<p>Contudo, em relat\u00f3rio desta quinta-feira, a Eurasia destacou que a vit\u00f3ria do governo foi robusta e acima da previs\u00e3o inicial feita pela consultoria, de 250 a 270 votos, se contadas as absten\u00e7\u00f5es e faltas, levando a um total de 284 votos. Assim, os consultores elevaram a chance de Temer terminar o seu mandato de 60% para 70% e apontaram que, embora seja prov\u00e1vel que uma outra den\u00fancia da Procuradoria Geral da Rep\u00fablica seja enviada ao Congresso, h\u00e1 mais chances dela tamb\u00e9m ser arquivada. A Eurasia ainda refor\u00e7ou a vis\u00e3o de que a grande margem de votos permite que o governo retome as negocia\u00e7\u00f5es para uma vis\u00e3o mais branda da reforma da Previd\u00eancia.<\/p>\n<p>Por sinal, \u00e9 com isso que o governo trabalha. Ao Estad\u00e3o, o ministro-chefe da Casa Civil Eliseu Padilha armou que a pr\u00f3xima batalha \u00e9 a Previd\u00eancia, enquanto aliados do presidente acham que a vota\u00e7\u00e3o mostrou que a base pode ser reorganizada e dobrar a resist\u00eancia que a reforma enfrenta. Contudo, ressalta o jornal, o otimismo do Planalto diverge da realidade no Congresso, com outros aliados avaliando que a reforma pode renascer se for restrita \u00e0 quest\u00e3o da idade m\u00ednima.<\/p>\n<p>Conforme ressalta a consultoria Barral M. Jorge,<\/p>\n<blockquote><p>Temer recupera parte de sua for\u00e7a pol\u00edtica, perdida com a revela\u00e7\u00e3o da conversa com Joesley Batista, o que lhe permite retomar as negocia\u00e7\u00f5es para a reforma e ainda aponta que as chances do presidente concluir o seu mandato s\u00e3o de 60%.<\/p><\/blockquote>\n<p>Neste sentido, a agenda econ\u00f4mica ser\u00e1 o principal foco do governo. A articula\u00e7\u00e3o para a aprova\u00e7\u00e3o da reforma da previd\u00eancia j\u00e1 come\u00e7ou, mas ser\u00e1 dif\u00edcil avan\u00e7ar com o texto original, e uma proposta mais branda deve ser negociada com os parlamentares.<\/p>\n<blockquote><p>&#8220;Vale destacar que a popularidade do governo continua extremamente baixa, o que far\u00e1 com que parlamentares pensem duas vezes antes de votar uma agenda vista como extremamente impopular, principalmente \u00e0 medida que as elei\u00e7\u00f5es de 2018 se aproximam&#8221;, avalia a consultoria.<\/p><\/blockquote>\n<p>Al\u00e9m disso, ap\u00f3s a vota\u00e7\u00e3o, o Pal\u00e1cio do Planalto dever\u00e1 reequilibrar as for\u00e7as partid\u00e1rias nos minist\u00e9rios para agraciar os partidos do centr\u00e3o que garantiram a rejei\u00e7\u00e3o da den\u00fancia, como PP, PR, PSD e PTB e punir as trai\u00e7\u00f5es. &#8220;Entre eles, destaque para o PSDB, at\u00e9 ent\u00e3o principal parceiro na base aliada e detentor de quatro minist\u00e9rios, que instruiu seus deputados a votarem a favor da den\u00fancia, obtendo 21 votos a favor, 22 contra e 4 aus\u00eancias. H\u00e1 grandes riscos do PSDB perder o Minist\u00e9rio das Cidades&#8221;, aponta a Barral M. Jorge.<\/p>\n<p>H\u00e1 quem tamb\u00e9m veja com ceticismo a retomada das reformas. Conforme destacou o economista-chefe da MB Associados, Sergio Vale, em entrevista para a Bloomberg, independentemente do n\u00famero de votos favor\u00e1veis que o presidente Michel Temer conseguisse na vota\u00e7\u00e3o, seria improv\u00e1vel que a reforma da Previd\u00eancia acontecesse diante da proximidade das elei\u00e7\u00f5es de 2018. Ele ainda ressaltou que as aprova\u00e7\u00f5es de outras reformas microecon\u00f4micas, como a da TLP (Taxa de Longo Prazo), n\u00e3o s\u00e3o diretamente ligadas ao apoio demonstrado pelos parlamentares durante a sess\u00e3o desta quarta.<\/p>\n<p>Assim, o mercado car\u00e1 de olho nas demandas seguintes da \u00e1rea econ\u00f4mica, como a mudan\u00e7a da meta scal e nova lei das fal\u00eancias. &#8220;Dif\u00edcil de imaginar que um projeto que \u00e9 t\u00e3o contr\u00e1rio \u00e0 popula\u00e7\u00e3o como a reforma da Previd\u00eancia vai acontecer em ano eleitoral. Por outro lado, a agenda micro, que \u00e9 extremamente importante, ainda est\u00e1 andando&#8221;.<\/p>\n<p>O resultado da vota\u00e7\u00e3o mostrou que o governo ainda tem f\u00f4lego. Por\u00e9m, muitas d\u00favidas ainda prosseguem, principalmente sobre se ele conseguir\u00e1 andar com as reformas.<\/p>","protected":false},"excerpt":{"rendered":"<p>Uma p\u00e1gina foi virada para o presidente Michel Temer ap\u00f3s ter barrado a den\u00fancia contra ele na C\u00e2mara dos Deputados. Em pronunciamento, ali\u00e1s, o presidente armou que a vit\u00f3ria foi&#8230;<\/p>","protected":false},"author":15,"featured_media":3612,"comment_status":"open","ping_status":"open","sticky":false,"template":"","format":"standard","meta":{"_acf_changed":false,"_exactmetrics_skip_tracking":false,"_exactmetrics_sitenote_active":false,"_exactmetrics_sitenote_note":"","_exactmetrics_sitenote_category":0,"footnotes":""},"categories":[45],"tags":[383,81,203],"class_list":{"0":"post-3611","1":"post","2":"type-post","3":"status-publish","4":"format-standard","5":"has-post-thumbnail","7":"category-relacoes-governamentais","8":"tag-camara","9":"tag-relacoes-governamentais","10":"tag-temer"},"acf":[],"yoast_head":"<!-- This site is optimized with the Yoast SEO plugin v27.4 - https:\/\/yoast.com\/product\/yoast-seo-wordpress\/ -->\n<title>Eloquente ou balde de \u00e1gua fria? Como o mercado avalia a vit\u00f3ria de Temer na C\u00e2mara - BMJ<\/title>\n<meta name=\"robots\" content=\"index, follow, max-snippet:-1, max-image-preview:large, max-video-preview:-1\" \/>\n<link rel=\"canonical\" href=\"https:\/\/bmj.com.br\/en\/eloquente-ou-balde-de-agua-fria-como-o-mercado-avalia-a-vitoria-de-temer-na-camara\/\" \/>\n<meta property=\"og:locale\" content=\"en_US\" \/>\n<meta property=\"og:type\" content=\"article\" \/>\n<meta property=\"og:title\" content=\"Eloquente ou balde de \u00e1gua fria? Como o mercado avalia a vit\u00f3ria de Temer na C\u00e2mara - BMJ\" \/>\n<meta property=\"og:description\" content=\"Uma p\u00e1gina foi virada para o presidente Michel Temer ap\u00f3s ter barrado a den\u00fancia contra ele na C\u00e2mara dos Deputados. Em pronunciamento, ali\u00e1s, o presidente armou que a vit\u00f3ria foi...\" \/>\n<meta property=\"og:url\" content=\"https:\/\/bmj.com.br\/en\/eloquente-ou-balde-de-agua-fria-como-o-mercado-avalia-a-vitoria-de-temer-na-camara\/\" \/>\n<meta property=\"og:site_name\" content=\"BMJ\" \/>\n<meta property=\"article:publisher\" content=\"https:\/\/www.facebook.com\/BMJAssociados\/?ref=ts\" \/>\n<meta property=\"article:published_time\" content=\"2017-08-03T13:06:23+00:00\" \/>\n<meta property=\"article:modified_time\" content=\"2017-08-03T13:12:19+00:00\" \/>\n<meta property=\"og:image\" content=\"https:\/\/bmj.com.br\/wp-content\/uploads\/2017\/08\/Eloquente-ou-balde-de-\u00e1gua-fria-Como-o-mercado-avalia-a-vit\u00f3ria-de-Temer-na-C\u00e2mara.png\" \/>\n\t<meta property=\"og:image:width\" content=\"515\" \/>\n\t<meta property=\"og:image:height\" content=\"348\" \/>\n\t<meta property=\"og:image:type\" content=\"image\/png\" \/>\n<meta name=\"author\" content=\"Dennis Bravo\" \/>\n<meta name=\"twitter:card\" content=\"summary_large_image\" \/>\n<meta name=\"twitter:creator\" content=\"@BMJconsultoria\" \/>\n<meta name=\"twitter:site\" content=\"@BMJconsultoria\" \/>\n<meta name=\"twitter:label1\" content=\"Written by\" \/>\n\t<meta name=\"twitter:data1\" content=\"Dennis Bravo\" \/>\n\t<meta name=\"twitter:label2\" content=\"Est. reading time\" \/>\n\t<meta name=\"twitter:data2\" content=\"5 minutes\" \/>\n<script type=\"application\/ld+json\" class=\"yoast-schema-graph\">{\"@context\":\"https:\\\/\\\/schema.org\",\"@graph\":[{\"@type\":\"Article\",\"@id\":\"https:\\\/\\\/bmj.com.br\\\/en\\\/eloquente-ou-balde-de-agua-fria-como-o-mercado-avalia-a-vitoria-de-temer-na-camara\\\/#article\",\"isPartOf\":{\"@id\":\"https:\\\/\\\/bmj.com.br\\\/en\\\/eloquente-ou-balde-de-agua-fria-como-o-mercado-avalia-a-vitoria-de-temer-na-camara\\\/\"},\"author\":{\"name\":\"Dennis Bravo\",\"@id\":\"https:\\\/\\\/bmj.com.br\\\/#\\\/schema\\\/person\\\/e3d3984837d4d1847e83b4197aa02975\"},\"headline\":\"Eloquente ou balde de \u00e1gua fria? Como o mercado avalia a vit\u00f3ria de Temer na C\u00e2mara\",\"datePublished\":\"2017-08-03T13:06:23+00:00\",\"dateModified\":\"2017-08-03T13:12:19+00:00\",\"mainEntityOfPage\":{\"@id\":\"https:\\\/\\\/bmj.com.br\\\/en\\\/eloquente-ou-balde-de-agua-fria-como-o-mercado-avalia-a-vitoria-de-temer-na-camara\\\/\"},\"wordCount\":943,\"commentCount\":0,\"publisher\":{\"@id\":\"https:\\\/\\\/bmj.com.br\\\/#organization\"},\"image\":{\"@id\":\"https:\\\/\\\/bmj.com.br\\\/en\\\/eloquente-ou-balde-de-agua-fria-como-o-mercado-avalia-a-vitoria-de-temer-na-camara\\\/#primaryimage\"},\"thumbnailUrl\":\"https:\\\/\\\/bmj.com.br\\\/wp-content\\\/uploads\\\/2017\\\/08\\\/Eloquente-ou-balde-de-\u00e1gua-fria-Como-o-mercado-avalia-a-vit\u00f3ria-de-Temer-na-C\u00e2mara.png\",\"keywords\":[\"C\u00e2mara\",\"Rela\u00e7\u00f5es Governamentais\",\"Temer\"],\"articleSection\":[\"Rela\u00e7\u00f5es Governamentais\"],\"inLanguage\":\"en-US\",\"potentialAction\":[{\"@type\":\"CommentAction\",\"name\":\"Comment\",\"target\":[\"https:\\\/\\\/bmj.com.br\\\/en\\\/eloquente-ou-balde-de-agua-fria-como-o-mercado-avalia-a-vitoria-de-temer-na-camara\\\/#respond\"]}]},{\"@type\":\"WebPage\",\"@id\":\"https:\\\/\\\/bmj.com.br\\\/en\\\/eloquente-ou-balde-de-agua-fria-como-o-mercado-avalia-a-vitoria-de-temer-na-camara\\\/\",\"url\":\"https:\\\/\\\/bmj.com.br\\\/en\\\/eloquente-ou-balde-de-agua-fria-como-o-mercado-avalia-a-vitoria-de-temer-na-camara\\\/\",\"name\":\"Eloquente ou balde de \u00e1gua fria? Como o mercado avalia a vit\u00f3ria de Temer na C\u00e2mara - BMJ\",\"isPartOf\":{\"@id\":\"https:\\\/\\\/bmj.com.br\\\/#website\"},\"primaryImageOfPage\":{\"@id\":\"https:\\\/\\\/bmj.com.br\\\/en\\\/eloquente-ou-balde-de-agua-fria-como-o-mercado-avalia-a-vitoria-de-temer-na-camara\\\/#primaryimage\"},\"image\":{\"@id\":\"https:\\\/\\\/bmj.com.br\\\/en\\\/eloquente-ou-balde-de-agua-fria-como-o-mercado-avalia-a-vitoria-de-temer-na-camara\\\/#primaryimage\"},\"thumbnailUrl\":\"https:\\\/\\\/bmj.com.br\\\/wp-content\\\/uploads\\\/2017\\\/08\\\/Eloquente-ou-balde-de-\u00e1gua-fria-Como-o-mercado-avalia-a-vit\u00f3ria-de-Temer-na-C\u00e2mara.png\",\"datePublished\":\"2017-08-03T13:06:23+00:00\",\"dateModified\":\"2017-08-03T13:12:19+00:00\",\"breadcrumb\":{\"@id\":\"https:\\\/\\\/bmj.com.br\\\/en\\\/eloquente-ou-balde-de-agua-fria-como-o-mercado-avalia-a-vitoria-de-temer-na-camara\\\/#breadcrumb\"},\"inLanguage\":\"en-US\",\"potentialAction\":[{\"@type\":\"ReadAction\",\"target\":[\"https:\\\/\\\/bmj.com.br\\\/en\\\/eloquente-ou-balde-de-agua-fria-como-o-mercado-avalia-a-vitoria-de-temer-na-camara\\\/\"]}]},{\"@type\":\"ImageObject\",\"inLanguage\":\"en-US\",\"@id\":\"https:\\\/\\\/bmj.com.br\\\/en\\\/eloquente-ou-balde-de-agua-fria-como-o-mercado-avalia-a-vitoria-de-temer-na-camara\\\/#primaryimage\",\"url\":\"https:\\\/\\\/bmj.com.br\\\/wp-content\\\/uploads\\\/2017\\\/08\\\/Eloquente-ou-balde-de-\u00e1gua-fria-Como-o-mercado-avalia-a-vit\u00f3ria-de-Temer-na-C\u00e2mara.png\",\"contentUrl\":\"https:\\\/\\\/bmj.com.br\\\/wp-content\\\/uploads\\\/2017\\\/08\\\/Eloquente-ou-balde-de-\u00e1gua-fria-Como-o-mercado-avalia-a-vit\u00f3ria-de-Temer-na-C\u00e2mara.png\",\"width\":515,\"height\":348},{\"@type\":\"BreadcrumbList\",\"@id\":\"https:\\\/\\\/bmj.com.br\\\/en\\\/eloquente-ou-balde-de-agua-fria-como-o-mercado-avalia-a-vitoria-de-temer-na-camara\\\/#breadcrumb\",\"itemListElement\":[{\"@type\":\"ListItem\",\"position\":1,\"name\":\"Home\",\"item\":\"https:\\\/\\\/bmj.com.br\\\/\"},{\"@type\":\"ListItem\",\"position\":2,\"name\":\"Eloquente ou balde de \u00e1gua fria? Como o mercado avalia a vit\u00f3ria de Temer na C\u00e2mara\"}]},{\"@type\":\"WebSite\",\"@id\":\"https:\\\/\\\/bmj.com.br\\\/#website\",\"url\":\"https:\\\/\\\/bmj.com.br\\\/\",\"name\":\"BMJ\",\"description\":\"Consultores Associados\",\"publisher\":{\"@id\":\"https:\\\/\\\/bmj.com.br\\\/#organization\"},\"potentialAction\":[{\"@type\":\"SearchAction\",\"target\":{\"@type\":\"EntryPoint\",\"urlTemplate\":\"https:\\\/\\\/bmj.com.br\\\/?s={search_term_string}\"},\"query-input\":{\"@type\":\"PropertyValueSpecification\",\"valueRequired\":true,\"valueName\":\"search_term_string\"}}],\"inLanguage\":\"en-US\"},{\"@type\":\"Organization\",\"@id\":\"https:\\\/\\\/bmj.com.br\\\/#organization\",\"name\":\"BMJ Consultoria\",\"url\":\"https:\\\/\\\/bmj.com.br\\\/\",\"logo\":{\"@type\":\"ImageObject\",\"inLanguage\":\"en-US\",\"@id\":\"https:\\\/\\\/bmj.com.br\\\/#\\\/schema\\\/logo\\\/image\\\/\",\"url\":\"\",\"contentUrl\":\"\",\"caption\":\"BMJ Consultoria\"},\"image\":{\"@id\":\"https:\\\/\\\/bmj.com.br\\\/#\\\/schema\\\/logo\\\/image\\\/\"},\"sameAs\":[\"https:\\\/\\\/www.facebook.com\\\/BMJAssociados\\\/?ref=ts\",\"https:\\\/\\\/x.com\\\/BMJconsultoria\",\"https:\\\/\\\/www.instagram.com\\\/bmjconsultoria\\\/\",\"https:\\\/\\\/www.linkedin.com\\\/company\\\/bmjconsultoresassociados\\\/?originalSubdomain=br\",\"https:\\\/\\\/www.youtube.com\\\/user\\\/bmjconsultoria\"]},{\"@type\":\"Person\",\"@id\":\"https:\\\/\\\/bmj.com.br\\\/#\\\/schema\\\/person\\\/e3d3984837d4d1847e83b4197aa02975\",\"name\":\"Dennis Bravo\",\"image\":{\"@type\":\"ImageObject\",\"inLanguage\":\"en-US\",\"@id\":\"https:\\\/\\\/secure.gravatar.com\\\/avatar\\\/6a711d6eb2c762e1fa0b1af3d0183adea3563153cc8b6e8820177b2fec199793?s=96&d=mm&r=g\",\"url\":\"https:\\\/\\\/secure.gravatar.com\\\/avatar\\\/6a711d6eb2c762e1fa0b1af3d0183adea3563153cc8b6e8820177b2fec199793?s=96&d=mm&r=g\",\"contentUrl\":\"https:\\\/\\\/secure.gravatar.com\\\/avatar\\\/6a711d6eb2c762e1fa0b1af3d0183adea3563153cc8b6e8820177b2fec199793?s=96&d=mm&r=g\",\"caption\":\"Dennis Bravo\"},\"url\":\"https:\\\/\\\/bmj.com.br\\\/en\\\/author\\\/matheus-rossi\\\/\"}]}<\/script>\n<!-- \/ Yoast SEO plugin. -->","yoast_head_json":{"title":"Eloquente ou balde de \u00e1gua fria? Como o mercado avalia a vit\u00f3ria de Temer na C\u00e2mara - BMJ","robots":{"index":"index","follow":"follow","max-snippet":"max-snippet:-1","max-image-preview":"max-image-preview:large","max-video-preview":"max-video-preview:-1"},"canonical":"https:\/\/bmj.com.br\/en\/eloquente-ou-balde-de-agua-fria-como-o-mercado-avalia-a-vitoria-de-temer-na-camara\/","og_locale":"en_US","og_type":"article","og_title":"Eloquente ou balde de \u00e1gua fria? Como o mercado avalia a vit\u00f3ria de Temer na C\u00e2mara - BMJ","og_description":"Uma p\u00e1gina foi virada para o presidente Michel Temer ap\u00f3s ter barrado a den\u00fancia contra ele na C\u00e2mara dos Deputados. Em pronunciamento, ali\u00e1s, o presidente armou que a vit\u00f3ria foi...","og_url":"https:\/\/bmj.com.br\/en\/eloquente-ou-balde-de-agua-fria-como-o-mercado-avalia-a-vitoria-de-temer-na-camara\/","og_site_name":"BMJ","article_publisher":"https:\/\/www.facebook.com\/BMJAssociados\/?ref=ts","article_published_time":"2017-08-03T13:06:23+00:00","article_modified_time":"2017-08-03T13:12:19+00:00","og_image":[{"width":515,"height":348,"url":"https:\/\/bmj.com.br\/wp-content\/uploads\/2017\/08\/Eloquente-ou-balde-de-\u00e1gua-fria-Como-o-mercado-avalia-a-vit\u00f3ria-de-Temer-na-C\u00e2mara.png","type":"image\/png"}],"author":"Dennis Bravo","twitter_card":"summary_large_image","twitter_creator":"@BMJconsultoria","twitter_site":"@BMJconsultoria","twitter_misc":{"Written by":"Dennis Bravo","Est. reading time":"5 minutes"},"schema":{"@context":"https:\/\/schema.org","@graph":[{"@type":"Article","@id":"https:\/\/bmj.com.br\/en\/eloquente-ou-balde-de-agua-fria-como-o-mercado-avalia-a-vitoria-de-temer-na-camara\/#article","isPartOf":{"@id":"https:\/\/bmj.com.br\/en\/eloquente-ou-balde-de-agua-fria-como-o-mercado-avalia-a-vitoria-de-temer-na-camara\/"},"author":{"name":"Dennis Bravo","@id":"https:\/\/bmj.com.br\/#\/schema\/person\/e3d3984837d4d1847e83b4197aa02975"},"headline":"Eloquente ou balde de \u00e1gua fria? Como o mercado avalia a vit\u00f3ria de Temer na C\u00e2mara","datePublished":"2017-08-03T13:06:23+00:00","dateModified":"2017-08-03T13:12:19+00:00","mainEntityOfPage":{"@id":"https:\/\/bmj.com.br\/en\/eloquente-ou-balde-de-agua-fria-como-o-mercado-avalia-a-vitoria-de-temer-na-camara\/"},"wordCount":943,"commentCount":0,"publisher":{"@id":"https:\/\/bmj.com.br\/#organization"},"image":{"@id":"https:\/\/bmj.com.br\/en\/eloquente-ou-balde-de-agua-fria-como-o-mercado-avalia-a-vitoria-de-temer-na-camara\/#primaryimage"},"thumbnailUrl":"https:\/\/bmj.com.br\/wp-content\/uploads\/2017\/08\/Eloquente-ou-balde-de-\u00e1gua-fria-Como-o-mercado-avalia-a-vit\u00f3ria-de-Temer-na-C\u00e2mara.png","keywords":["C\u00e2mara","Rela\u00e7\u00f5es Governamentais","Temer"],"articleSection":["Rela\u00e7\u00f5es Governamentais"],"inLanguage":"en-US","potentialAction":[{"@type":"CommentAction","name":"Comment","target":["https:\/\/bmj.com.br\/en\/eloquente-ou-balde-de-agua-fria-como-o-mercado-avalia-a-vitoria-de-temer-na-camara\/#respond"]}]},{"@type":"WebPage","@id":"https:\/\/bmj.com.br\/en\/eloquente-ou-balde-de-agua-fria-como-o-mercado-avalia-a-vitoria-de-temer-na-camara\/","url":"https:\/\/bmj.com.br\/en\/eloquente-ou-balde-de-agua-fria-como-o-mercado-avalia-a-vitoria-de-temer-na-camara\/","name":"Eloquente ou balde de \u00e1gua fria? Como o mercado avalia a vit\u00f3ria de Temer na C\u00e2mara - BMJ","isPartOf":{"@id":"https:\/\/bmj.com.br\/#website"},"primaryImageOfPage":{"@id":"https:\/\/bmj.com.br\/en\/eloquente-ou-balde-de-agua-fria-como-o-mercado-avalia-a-vitoria-de-temer-na-camara\/#primaryimage"},"image":{"@id":"https:\/\/bmj.com.br\/en\/eloquente-ou-balde-de-agua-fria-como-o-mercado-avalia-a-vitoria-de-temer-na-camara\/#primaryimage"},"thumbnailUrl":"https:\/\/bmj.com.br\/wp-content\/uploads\/2017\/08\/Eloquente-ou-balde-de-\u00e1gua-fria-Como-o-mercado-avalia-a-vit\u00f3ria-de-Temer-na-C\u00e2mara.png","datePublished":"2017-08-03T13:06:23+00:00","dateModified":"2017-08-03T13:12:19+00:00","breadcrumb":{"@id":"https:\/\/bmj.com.br\/en\/eloquente-ou-balde-de-agua-fria-como-o-mercado-avalia-a-vitoria-de-temer-na-camara\/#breadcrumb"},"inLanguage":"en-US","potentialAction":[{"@type":"ReadAction","target":["https:\/\/bmj.com.br\/en\/eloquente-ou-balde-de-agua-fria-como-o-mercado-avalia-a-vitoria-de-temer-na-camara\/"]}]},{"@type":"ImageObject","inLanguage":"en-US","@id":"https:\/\/bmj.com.br\/en\/eloquente-ou-balde-de-agua-fria-como-o-mercado-avalia-a-vitoria-de-temer-na-camara\/#primaryimage","url":"https:\/\/bmj.com.br\/wp-content\/uploads\/2017\/08\/Eloquente-ou-balde-de-\u00e1gua-fria-Como-o-mercado-avalia-a-vit\u00f3ria-de-Temer-na-C\u00e2mara.png","contentUrl":"https:\/\/bmj.com.br\/wp-content\/uploads\/2017\/08\/Eloquente-ou-balde-de-\u00e1gua-fria-Como-o-mercado-avalia-a-vit\u00f3ria-de-Temer-na-C\u00e2mara.png","width":515,"height":348},{"@type":"BreadcrumbList","@id":"https:\/\/bmj.com.br\/en\/eloquente-ou-balde-de-agua-fria-como-o-mercado-avalia-a-vitoria-de-temer-na-camara\/#breadcrumb","itemListElement":[{"@type":"ListItem","position":1,"name":"Home","item":"https:\/\/bmj.com.br\/"},{"@type":"ListItem","position":2,"name":"Eloquente ou balde de \u00e1gua fria? Como o mercado avalia a vit\u00f3ria de Temer na C\u00e2mara"}]},{"@type":"WebSite","@id":"https:\/\/bmj.com.br\/#website","url":"https:\/\/bmj.com.br\/","name":"BMJ","description":"Consultores Associados","publisher":{"@id":"https:\/\/bmj.com.br\/#organization"},"potentialAction":[{"@type":"SearchAction","target":{"@type":"EntryPoint","urlTemplate":"https:\/\/bmj.com.br\/?s={search_term_string}"},"query-input":{"@type":"PropertyValueSpecification","valueRequired":true,"valueName":"search_term_string"}}],"inLanguage":"en-US"},{"@type":"Organization","@id":"https:\/\/bmj.com.br\/#organization","name":"BMJ Consultoria","url":"https:\/\/bmj.com.br\/","logo":{"@type":"ImageObject","inLanguage":"en-US","@id":"https:\/\/bmj.com.br\/#\/schema\/logo\/image\/","url":"","contentUrl":"","caption":"BMJ Consultoria"},"image":{"@id":"https:\/\/bmj.com.br\/#\/schema\/logo\/image\/"},"sameAs":["https:\/\/www.facebook.com\/BMJAssociados\/?ref=ts","https:\/\/x.com\/BMJconsultoria","https:\/\/www.instagram.com\/bmjconsultoria\/","https:\/\/www.linkedin.com\/company\/bmjconsultoresassociados\/?originalSubdomain=br","https:\/\/www.youtube.com\/user\/bmjconsultoria"]},{"@type":"Person","@id":"https:\/\/bmj.com.br\/#\/schema\/person\/e3d3984837d4d1847e83b4197aa02975","name":"Dennis Bravo","image":{"@type":"ImageObject","inLanguage":"en-US","@id":"https:\/\/secure.gravatar.com\/avatar\/6a711d6eb2c762e1fa0b1af3d0183adea3563153cc8b6e8820177b2fec199793?s=96&d=mm&r=g","url":"https:\/\/secure.gravatar.com\/avatar\/6a711d6eb2c762e1fa0b1af3d0183adea3563153cc8b6e8820177b2fec199793?s=96&d=mm&r=g","contentUrl":"https:\/\/secure.gravatar.com\/avatar\/6a711d6eb2c762e1fa0b1af3d0183adea3563153cc8b6e8820177b2fec199793?s=96&d=mm&r=g","caption":"Dennis Bravo"},"url":"https:\/\/bmj.com.br\/en\/author\/matheus-rossi\/"}]}},"_links":{"self":[{"href":"https:\/\/bmj.com.br\/en\/wp-json\/wp\/v2\/posts\/3611","targetHints":{"allow":["GET"]}}],"collection":[{"href":"https:\/\/bmj.com.br\/en\/wp-json\/wp\/v2\/posts"}],"about":[{"href":"https:\/\/bmj.com.br\/en\/wp-json\/wp\/v2\/types\/post"}],"author":[{"embeddable":true,"href":"https:\/\/bmj.com.br\/en\/wp-json\/wp\/v2\/users\/15"}],"replies":[{"embeddable":true,"href":"https:\/\/bmj.com.br\/en\/wp-json\/wp\/v2\/comments?post=3611"}],"version-history":[{"count":0,"href":"https:\/\/bmj.com.br\/en\/wp-json\/wp\/v2\/posts\/3611\/revisions"}],"wp:featuredmedia":[{"embeddable":true,"href":"https:\/\/bmj.com.br\/en\/wp-json\/wp\/v2\/media\/3612"}],"wp:attachment":[{"href":"https:\/\/bmj.com.br\/en\/wp-json\/wp\/v2\/media?parent=3611"}],"wp:term":[{"taxonomy":"category","embeddable":true,"href":"https:\/\/bmj.com.br\/en\/wp-json\/wp\/v2\/categories?post=3611"},{"taxonomy":"post_tag","embeddable":true,"href":"https:\/\/bmj.com.br\/en\/wp-json\/wp\/v2\/tags?post=3611"}],"curies":[{"name":"wp","href":"https:\/\/api.w.org\/{rel}","templated":true}]}}