{"id":4343,"date":"2018-01-03T17:49:39","date_gmt":"2018-01-03T19:49:39","guid":{"rendered":"https:\/\/bmj.com.br\/?p=4343"},"modified":"2018-01-04T09:26:26","modified_gmt":"2018-01-04T11:26:26","slug":"salvacao-no-rio-so-entre-politicos","status":"publish","type":"post","link":"https:\/\/bmj.com.br\/en\/salvacao-no-rio-so-entre-politicos\/","title":{"rendered":"Salva\u00e7\u00e3o, no Rio, s\u00f3 entre pol\u00edticos"},"content":{"rendered":"<p>Com a semana de recesso parlamentar em Bras\u00edlia, e com o soterramento das den\u00fancias contra o presidente\u00a0<strong><a href=\"https:\/\/exame.abril.com.br\/noticias-sobre\/michel-temer\/\" target=\"_blank\" rel=\"noopener noreferrer\">Michel Temer<\/a><\/strong>, o Rio de Janeiro tornou-se o expoente da crise financeira e pol\u00edtica que acomete o pa\u00eds. No dia que o ex-governador\u00a0<strong><a href=\"https:\/\/exame.abril.com.br\/noticias-sobre\/sergio-cabral\/\" target=\"_blank\" rel=\"noopener noreferrer\">S\u00e9rgio Cabral<\/a><\/strong>\u00a0(PMDB) completou um ano na cadeia, tr\u00eas deputados estaduais do partido, incluindo o presidente da Assembleia Legislativa do Rio, Jorge Picciani, foram soltos pelos colegas, que revogaram a pris\u00e3o preventiva determinada um dia antes pela Justi\u00e7a.<\/p>\n<p>Na quinta-feira, as investiga\u00e7\u00f5es de corrup\u00e7\u00e3o chegaram ao Legislativo, acusando Picciani, seu antecessor Paulo Melo e Edson Albertassi de integrarem o esquema de corrup\u00e7\u00e3o da Federa\u00e7\u00e3o das Empresas de Transportes de Passageiros do Estado do Rio, a Fetranspor. O Minist\u00e9rio P\u00fablico Federal justificou \u201ccrime continuado\u201d para prender o trio em flagrante, como determina a Constitui\u00e7\u00e3o para parlamentares com mandato.<\/p>\n<p>Para os procuradores, Picciani e Melo teriam recebido 112 milh\u00f5es de reais em propina para favorecer o empres\u00e1rio Jacob Barata Filho, o \u201crei do \u00f4nibus\u201d, em contratos com o governo. \u00c9 uma extens\u00e3o do combinado que envolve o ex-governador Cabral.<\/p>\n<p>A Alerj convocou sess\u00e3o extraordin\u00e1ria nesta sexta-feira para deliberar sobre a pris\u00e3o. A prerrogativa toma por base a decis\u00e3o do Supremo que decide que medidas cautelares contra parlamentares devem ser aprovadas pelo Congresso. Em vota\u00e7\u00e3o aberta, 39 deputados votaram pela soltura, enquanto 19 foram favor\u00e1veis a manter a preventiva. Mais uma vez, como no caso A\u00e9cio Neves (PSDB-MG), parlamentares optaram pela salva\u00e7\u00e3o.<\/p>\n<p>Com a sobreviv\u00eancia em jogo e a alta contamina\u00e7\u00e3o do ambiente pol\u00edtico no Rio, a tend\u00eancia \u00e9 que a classe pol\u00edtica siga acuada e de costas para a opini\u00e3o p\u00fablica. O esfacelamento do PMDB \u00e9 s\u00f3 mais um fator que aumenta a tens\u00e3o e torna ainda mais incerto o destino pol\u00edtico do Rio a partir de 2018.<\/p>\n<p>\u201cO problema \u00e9 que n\u00e3o houve nenhuma mudan\u00e7a na reforma pol\u00edtica que favore\u00e7a a renova\u00e7\u00e3o. Pelo contr\u00e1rio\u201d, diz Wagner Parente, diretor da consultoria pol\u00edtica Barral M Jorge. \u201cAinda que possa gerar distor\u00e7\u00f5es como estamos vendo no Rio de Janeiro, existe embasamento para que as decis\u00f5es do Judici\u00e1rio sejam submetidas ao legislativo. A \u00fanica chance de uma real mudan\u00e7a \u00e9 maior informa\u00e7\u00e3o da popula\u00e7\u00e3o e consci\u00eancia do voto\u201d.<\/p>\n<p>O PSL, que est\u00e1 em processo de renomea\u00e7\u00e3o para Livres, promete entrar com a\u00e7\u00e3o no Supremo Tribunal Federal para anular a revoga\u00e7\u00e3o das pris\u00f5es dos peemedebistas, por entenderem que a jurisprud\u00eancia criada pelo tribunal para C\u00e2mara dos Deputados e o Senado n\u00e3o cabe \u00e0s Assembleias e C\u00e2maras municipais. \u201cPrecisamos ser intransigentes no combate \u00e0 corrup\u00e7\u00e3o e a esta organiza\u00e7\u00e3o criminosa que domina a Alerj e o governo do Rio h\u00e1 muitos anos\u201d, disse em nota o presidente estadual do Livres, Paulo Gontijo.<\/p>\n<p>O mais prov\u00e1vel \u00e9 que a a\u00e7\u00e3o n\u00e3o prospere. \u201cA resolu\u00e7\u00e3o do Supremo \u00e9 um freio ao poder do Judici\u00e1rio de impor cautelares, com certeza. Mas que faz sentido por se tratar de interven\u00e7\u00e3o entre poderes. \u00c9 preciso um sistema de controle rec\u00edprocos\u201d, afirma o constitucionalista e professor da Funda\u00e7\u00e3o Get\u00falio Vargas Rubens Glezer. \u201cO fundamento da decis\u00e3o do Supremo \u00e9 que o Legislativo tenha o direito de decidir, mas tamb\u00e9m arque com o custo de tomar essa decis\u00e3o pol\u00edtica\u201d.<\/p>\n<p>Pelo jeito, o custo de manter o chefe em liberdade \u00e9 menor do que a perda de votos na urna. Afinal, a Lava-Jato mostra que abrir o bico para entregar o passado sombrio dos amigos pouco custa aos poderosos presos.<\/p>\n<p><strong>Cabral e ningu\u00e9m mais\u00a0<\/strong><\/p>\n<p>O ex-governador S\u00e9rgio Cabral (PMDB) tem tr\u00eas condena\u00e7\u00f5es e outras 13 den\u00fancias nas costas, acusado de corrup\u00e7\u00e3o nos mais variados setores da administra\u00e7\u00e3o p\u00fablica: sa\u00fade, transportes e obras p\u00fablicas, entre tantas outras. \u00c9 tamanha a gravidade da situa\u00e7\u00e3o que a for\u00e7a-tarefa da Opera\u00e7\u00e3o Lava-Jato no Rio supera em quantidade o trabalho da c\u00e9lula de Curitiba.<\/p>\n<p>Pela primeira vez desde o in\u00edcio da for\u00e7a tarefa, em 2014, Curitiba n\u00e3o \u00e9 a campe\u00e3 de opera\u00e7\u00f5es este ano \u2014 h\u00e1 tr\u00eas meses, inclusive, n\u00e3o h\u00e1 qualquer opera\u00e7\u00e3o ali. No total, Curitiba coordenou 46 opera\u00e7\u00f5es em quatro anos. Foram sete em 2014, 14 em 2015 (com 43 pris\u00f5es), 16 em 2016 (com 66 pris\u00f5es), e nove em 2017 (com 18 pris\u00f5es). No Rio de Janeiro a primeira opera\u00e7\u00e3o foi em 2015 (com duas pris\u00f5es). Em 2016, foram tr\u00eas opera\u00e7\u00f5es (com 16 pris\u00f5es); em 2017 foram, at\u00e9 aqui, 14 opera\u00e7\u00f5es (com um recorde anual de 78 pris\u00f5es). Os n\u00fameros s\u00e3o do Minist\u00e9rio P\u00fablico Federal.<\/p>\n<p>A \u00faltima delas foi a Opera\u00e7\u00e3o Cadeia Velha, que se iniciou na ter\u00e7a-feira. Al\u00e9m dos pol\u00edticos, o principal alvo foi o empres\u00e1rio Felipe Picciani, filho do presidente da Alerj. Sem foro privilegiado, Felipe foi preso. Na ocasi\u00e3o, Jacob Barata Filho voltou para a pris\u00e3o, junto com o ex-presidente da Fetranspor L\u00e9lis Teixeira. A dupla havia sido libertada por um habeas corpus concedido pelo ministro Gilmar Mendes, do Supremo Tribunal Federal.<\/p>\n<p>N\u00e3o parou por a\u00ed. Segundo o marqueteiro do PMDB e novo colaborador do MPF, Renato Pereira, o ministro do Esporte, Leonardo Picciani (PMDB-RJ), irm\u00e3o de Felipe e filho de Jorge, teria direcionado uma licita\u00e7\u00e3o de publicidade da pasta para favorecer a empresa Prole Propaganda. A Prole foi classificada entre as duas vencedoras em uma conta de 55 milh\u00f5es de reais com a pasta de Picciani, mas desistiu de prestar os servi\u00e7os dias depois que S\u00e9rgio Cabral foi preso. No lugar ficou a Calia Y2, terceira classificada na licita\u00e7\u00e3o e que pertence a outro nome ligado ao PMDB: Gustavo Mouco, irm\u00e3o do marqueteiro do presidente Michel Temer, Elsinho Mouco.<\/p>\n<p>Na imensa lista de descobertas do MPF ainda est\u00e3o o envolvimento de superempres\u00e1rios nos esquemas do governo, como Eike Batista, acusado de pagar 16,5 milh\u00f5es de reais em propinas ao grupo de Cabral, e aparelhamento do Tribunal de Contas do Estado, que teve cinco conselheiros presos na Opera\u00e7\u00e3o O Quinto do Ouro, por aceitarem suborno para fazer vista grossa nos contratos p\u00fablicos que envolviam justamente as empreiteiras, empresas de \u00f4nibus e licita\u00e7\u00f5es das mais diversas pastas da administra\u00e7\u00e3o peemedebista.<\/p>\n<p>O \u00faltimo basti\u00e3o do partido dominante do Rio, o ex-prefeito da capital Eduardo Paes, come\u00e7a tamb\u00e9m a surgir em cen\u00e1rio sob suspeita. Segundo a dela\u00e7\u00e3o premiada do marqueteiro Renato Pereira, Paes teria negociado, pessoalmente, repasses de caixa dois durante a campanha eleitoral. O valor chegaria a 20 milh\u00f5es de reais na disputa de 2012, parte pagos pela Odebrecht.<\/p>\n<p>Cabral \u00e9 o \u00fanico do cl\u00e3 peemedebista atr\u00e1s das grades. O ritmo de condena\u00e7\u00f5es, seja no Rio ou em Curitiba, est\u00e1 em quinta marcha apenas na primeira inst\u00e2ncia. Os tribunais superiores seguem em lentid\u00e3o e agora padecem de mais um fator de complica\u00e7\u00e3o contra a impunidade.<\/p>\n<p>\u201cO que enfraquece o Judici\u00e1rio \u00e9 n\u00e3o ter regras claras e transparecer parcialidade. De resto, cumprir a lei \u00e0s vezes traz resultados indesejados, mas \u00e9 o pre\u00e7o a se pagar em um Estado Democr\u00e1tico de Direito\u201d, diz Glezer, da FGV. \u201cO problema \u00e9 quando o Judici\u00e1rio quer administrar politicamente a crise e esquece do Direito\u201d.<\/p>\n<p>Em 11 meses, os eleitores do Rio v\u00e3o \u00e0s urnas e t\u00eam uma oportunidade \u00fanica de terminar de vez com a carreira pol\u00edtica de uma gera\u00e7\u00e3o que levou o estado \u00e0 lona.<\/p>","protected":false},"excerpt":{"rendered":"<p>Com a semana de recesso parlamentar em Bras\u00edlia, e com o soterramento das den\u00fancias contra o presidente\u00a0Michel Temer, o Rio de Janeiro tornou-se o expoente da crise financeira e pol\u00edtica&#8230;<\/p>","protected":false},"author":15,"featured_media":4344,"comment_status":"open","ping_status":"open","sticky":false,"template":"","format":"standard","meta":{"_acf_changed":false,"_exactmetrics_skip_tracking":false,"_exactmetrics_sitenote_active":false,"_exactmetrics_sitenote_note":"","_exactmetrics_sitenote_category":0,"footnotes":""},"categories":[45],"tags":[269,22,81,258],"class_list":{"0":"post-4343","1":"post","2":"type-post","3":"status-publish","4":"format-standard","5":"has-post-thumbnail","7":"category-relacoes-governamentais","8":"tag-politica","9":"tag-portugues","10":"tag-relacoes-governamentais","11":"tag-wagner-parente"},"acf":[],"yoast_head":"<!-- This site is optimized with the Yoast SEO plugin v27.4 - https:\/\/yoast.com\/product\/yoast-seo-wordpress\/ -->\n<title>Salva\u00e7\u00e3o, no Rio, s\u00f3 entre pol\u00edticos - BMJ<\/title>\n<meta name=\"robots\" content=\"index, follow, max-snippet:-1, max-image-preview:large, max-video-preview:-1\" \/>\n<link rel=\"canonical\" href=\"https:\/\/bmj.com.br\/en\/salvacao-no-rio-so-entre-politicos\/\" \/>\n<meta property=\"og:locale\" content=\"en_US\" \/>\n<meta property=\"og:type\" content=\"article\" \/>\n<meta property=\"og:title\" content=\"Salva\u00e7\u00e3o, no Rio, s\u00f3 entre pol\u00edticos - BMJ\" \/>\n<meta property=\"og:description\" content=\"Com a semana de recesso parlamentar em Bras\u00edlia, e com o soterramento das den\u00fancias contra o presidente\u00a0Michel Temer, o Rio de Janeiro tornou-se o expoente da crise financeira e pol\u00edtica...\" \/>\n<meta property=\"og:url\" content=\"https:\/\/bmj.com.br\/en\/salvacao-no-rio-so-entre-politicos\/\" \/>\n<meta property=\"og:site_name\" content=\"BMJ\" \/>\n<meta property=\"article:publisher\" content=\"https:\/\/www.facebook.com\/BMJAssociados\/?ref=ts\" \/>\n<meta property=\"article:published_time\" content=\"2018-01-03T19:49:39+00:00\" \/>\n<meta property=\"article:modified_time\" content=\"2018-01-04T11:26:26+00:00\" \/>\n<meta property=\"og:image\" content=\"https:\/\/bmj.com.br\/wp-content\/uploads\/2018\/01\/Exame.png\" \/>\n\t<meta property=\"og:image:width\" content=\"366\" \/>\n\t<meta property=\"og:image:height\" content=\"193\" \/>\n\t<meta property=\"og:image:type\" content=\"image\/png\" \/>\n<meta name=\"author\" content=\"Dennis Bravo\" \/>\n<meta name=\"twitter:card\" content=\"summary_large_image\" \/>\n<meta name=\"twitter:creator\" content=\"@BMJconsultoria\" \/>\n<meta name=\"twitter:site\" content=\"@BMJconsultoria\" \/>\n<meta name=\"twitter:label1\" content=\"Written by\" \/>\n\t<meta name=\"twitter:data1\" content=\"Dennis Bravo\" \/>\n\t<meta name=\"twitter:label2\" content=\"Est. reading time\" \/>\n\t<meta name=\"twitter:data2\" content=\"6 minutes\" \/>\n<script type=\"application\/ld+json\" class=\"yoast-schema-graph\">{\"@context\":\"https:\\\/\\\/schema.org\",\"@graph\":[{\"@type\":\"Article\",\"@id\":\"https:\\\/\\\/bmj.com.br\\\/salvacao-no-rio-so-entre-politicos\\\/#article\",\"isPartOf\":{\"@id\":\"https:\\\/\\\/bmj.com.br\\\/salvacao-no-rio-so-entre-politicos\\\/\"},\"author\":{\"name\":\"Dennis Bravo\",\"@id\":\"https:\\\/\\\/bmj.com.br\\\/#\\\/schema\\\/person\\\/e3d3984837d4d1847e83b4197aa02975\"},\"headline\":\"Salva\u00e7\u00e3o, no Rio, s\u00f3 entre pol\u00edticos\",\"datePublished\":\"2018-01-03T19:49:39+00:00\",\"dateModified\":\"2018-01-04T11:26:26+00:00\",\"mainEntityOfPage\":{\"@id\":\"https:\\\/\\\/bmj.com.br\\\/salvacao-no-rio-so-entre-politicos\\\/\"},\"wordCount\":1289,\"commentCount\":0,\"publisher\":{\"@id\":\"https:\\\/\\\/bmj.com.br\\\/#organization\"},\"image\":{\"@id\":\"https:\\\/\\\/bmj.com.br\\\/salvacao-no-rio-so-entre-politicos\\\/#primaryimage\"},\"thumbnailUrl\":\"https:\\\/\\\/bmj.com.br\\\/wp-content\\\/uploads\\\/2018\\\/01\\\/Exame.png\",\"keywords\":[\"politica\",\"Portugues\",\"Rela\u00e7\u00f5es Governamentais\",\"Wagner Parente\"],\"articleSection\":[\"Rela\u00e7\u00f5es Governamentais\"],\"inLanguage\":\"en-US\",\"potentialAction\":[{\"@type\":\"CommentAction\",\"name\":\"Comment\",\"target\":[\"https:\\\/\\\/bmj.com.br\\\/salvacao-no-rio-so-entre-politicos\\\/#respond\"]}]},{\"@type\":\"WebPage\",\"@id\":\"https:\\\/\\\/bmj.com.br\\\/salvacao-no-rio-so-entre-politicos\\\/\",\"url\":\"https:\\\/\\\/bmj.com.br\\\/salvacao-no-rio-so-entre-politicos\\\/\",\"name\":\"Salva\u00e7\u00e3o, no Rio, s\u00f3 entre pol\u00edticos - BMJ\",\"isPartOf\":{\"@id\":\"https:\\\/\\\/bmj.com.br\\\/#website\"},\"primaryImageOfPage\":{\"@id\":\"https:\\\/\\\/bmj.com.br\\\/salvacao-no-rio-so-entre-politicos\\\/#primaryimage\"},\"image\":{\"@id\":\"https:\\\/\\\/bmj.com.br\\\/salvacao-no-rio-so-entre-politicos\\\/#primaryimage\"},\"thumbnailUrl\":\"https:\\\/\\\/bmj.com.br\\\/wp-content\\\/uploads\\\/2018\\\/01\\\/Exame.png\",\"datePublished\":\"2018-01-03T19:49:39+00:00\",\"dateModified\":\"2018-01-04T11:26:26+00:00\",\"breadcrumb\":{\"@id\":\"https:\\\/\\\/bmj.com.br\\\/salvacao-no-rio-so-entre-politicos\\\/#breadcrumb\"},\"inLanguage\":\"en-US\",\"potentialAction\":[{\"@type\":\"ReadAction\",\"target\":[\"https:\\\/\\\/bmj.com.br\\\/salvacao-no-rio-so-entre-politicos\\\/\"]}]},{\"@type\":\"ImageObject\",\"inLanguage\":\"en-US\",\"@id\":\"https:\\\/\\\/bmj.com.br\\\/salvacao-no-rio-so-entre-politicos\\\/#primaryimage\",\"url\":\"https:\\\/\\\/bmj.com.br\\\/wp-content\\\/uploads\\\/2018\\\/01\\\/Exame.png\",\"contentUrl\":\"https:\\\/\\\/bmj.com.br\\\/wp-content\\\/uploads\\\/2018\\\/01\\\/Exame.png\",\"width\":366,\"height\":193},{\"@type\":\"BreadcrumbList\",\"@id\":\"https:\\\/\\\/bmj.com.br\\\/salvacao-no-rio-so-entre-politicos\\\/#breadcrumb\",\"itemListElement\":[{\"@type\":\"ListItem\",\"position\":1,\"name\":\"Home\",\"item\":\"https:\\\/\\\/bmj.com.br\\\/\"},{\"@type\":\"ListItem\",\"position\":2,\"name\":\"Salva\u00e7\u00e3o, no Rio, s\u00f3 entre pol\u00edticos\"}]},{\"@type\":\"WebSite\",\"@id\":\"https:\\\/\\\/bmj.com.br\\\/#website\",\"url\":\"https:\\\/\\\/bmj.com.br\\\/\",\"name\":\"BMJ\",\"description\":\"Consultores Associados\",\"publisher\":{\"@id\":\"https:\\\/\\\/bmj.com.br\\\/#organization\"},\"potentialAction\":[{\"@type\":\"SearchAction\",\"target\":{\"@type\":\"EntryPoint\",\"urlTemplate\":\"https:\\\/\\\/bmj.com.br\\\/?s={search_term_string}\"},\"query-input\":{\"@type\":\"PropertyValueSpecification\",\"valueRequired\":true,\"valueName\":\"search_term_string\"}}],\"inLanguage\":\"en-US\"},{\"@type\":\"Organization\",\"@id\":\"https:\\\/\\\/bmj.com.br\\\/#organization\",\"name\":\"BMJ Consultoria\",\"url\":\"https:\\\/\\\/bmj.com.br\\\/\",\"logo\":{\"@type\":\"ImageObject\",\"inLanguage\":\"en-US\",\"@id\":\"https:\\\/\\\/bmj.com.br\\\/#\\\/schema\\\/logo\\\/image\\\/\",\"url\":\"\",\"contentUrl\":\"\",\"caption\":\"BMJ Consultoria\"},\"image\":{\"@id\":\"https:\\\/\\\/bmj.com.br\\\/#\\\/schema\\\/logo\\\/image\\\/\"},\"sameAs\":[\"https:\\\/\\\/www.facebook.com\\\/BMJAssociados\\\/?ref=ts\",\"https:\\\/\\\/x.com\\\/BMJconsultoria\",\"https:\\\/\\\/www.instagram.com\\\/bmjconsultoria\\\/\",\"https:\\\/\\\/www.linkedin.com\\\/company\\\/bmjconsultoresassociados\\\/?originalSubdomain=br\",\"https:\\\/\\\/www.youtube.com\\\/user\\\/bmjconsultoria\"]},{\"@type\":\"Person\",\"@id\":\"https:\\\/\\\/bmj.com.br\\\/#\\\/schema\\\/person\\\/e3d3984837d4d1847e83b4197aa02975\",\"name\":\"Dennis Bravo\",\"image\":{\"@type\":\"ImageObject\",\"inLanguage\":\"en-US\",\"@id\":\"https:\\\/\\\/secure.gravatar.com\\\/avatar\\\/6a711d6eb2c762e1fa0b1af3d0183adea3563153cc8b6e8820177b2fec199793?s=96&d=mm&r=g\",\"url\":\"https:\\\/\\\/secure.gravatar.com\\\/avatar\\\/6a711d6eb2c762e1fa0b1af3d0183adea3563153cc8b6e8820177b2fec199793?s=96&d=mm&r=g\",\"contentUrl\":\"https:\\\/\\\/secure.gravatar.com\\\/avatar\\\/6a711d6eb2c762e1fa0b1af3d0183adea3563153cc8b6e8820177b2fec199793?s=96&d=mm&r=g\",\"caption\":\"Dennis Bravo\"},\"url\":\"https:\\\/\\\/bmj.com.br\\\/en\\\/author\\\/matheus-rossi\\\/\"}]}<\/script>\n<!-- \/ Yoast SEO plugin. -->","yoast_head_json":{"title":"Salva\u00e7\u00e3o, no Rio, s\u00f3 entre pol\u00edticos - BMJ","robots":{"index":"index","follow":"follow","max-snippet":"max-snippet:-1","max-image-preview":"max-image-preview:large","max-video-preview":"max-video-preview:-1"},"canonical":"https:\/\/bmj.com.br\/en\/salvacao-no-rio-so-entre-politicos\/","og_locale":"en_US","og_type":"article","og_title":"Salva\u00e7\u00e3o, no Rio, s\u00f3 entre pol\u00edticos - BMJ","og_description":"Com a semana de recesso parlamentar em Bras\u00edlia, e com o soterramento das den\u00fancias contra o presidente\u00a0Michel Temer, o Rio de Janeiro tornou-se o expoente da crise financeira e pol\u00edtica...","og_url":"https:\/\/bmj.com.br\/en\/salvacao-no-rio-so-entre-politicos\/","og_site_name":"BMJ","article_publisher":"https:\/\/www.facebook.com\/BMJAssociados\/?ref=ts","article_published_time":"2018-01-03T19:49:39+00:00","article_modified_time":"2018-01-04T11:26:26+00:00","og_image":[{"width":366,"height":193,"url":"https:\/\/bmj.com.br\/wp-content\/uploads\/2018\/01\/Exame.png","type":"image\/png"}],"author":"Dennis Bravo","twitter_card":"summary_large_image","twitter_creator":"@BMJconsultoria","twitter_site":"@BMJconsultoria","twitter_misc":{"Written by":"Dennis Bravo","Est. reading time":"6 minutes"},"schema":{"@context":"https:\/\/schema.org","@graph":[{"@type":"Article","@id":"https:\/\/bmj.com.br\/salvacao-no-rio-so-entre-politicos\/#article","isPartOf":{"@id":"https:\/\/bmj.com.br\/salvacao-no-rio-so-entre-politicos\/"},"author":{"name":"Dennis Bravo","@id":"https:\/\/bmj.com.br\/#\/schema\/person\/e3d3984837d4d1847e83b4197aa02975"},"headline":"Salva\u00e7\u00e3o, no Rio, s\u00f3 entre pol\u00edticos","datePublished":"2018-01-03T19:49:39+00:00","dateModified":"2018-01-04T11:26:26+00:00","mainEntityOfPage":{"@id":"https:\/\/bmj.com.br\/salvacao-no-rio-so-entre-politicos\/"},"wordCount":1289,"commentCount":0,"publisher":{"@id":"https:\/\/bmj.com.br\/#organization"},"image":{"@id":"https:\/\/bmj.com.br\/salvacao-no-rio-so-entre-politicos\/#primaryimage"},"thumbnailUrl":"https:\/\/bmj.com.br\/wp-content\/uploads\/2018\/01\/Exame.png","keywords":["politica","Portugues","Rela\u00e7\u00f5es Governamentais","Wagner Parente"],"articleSection":["Rela\u00e7\u00f5es Governamentais"],"inLanguage":"en-US","potentialAction":[{"@type":"CommentAction","name":"Comment","target":["https:\/\/bmj.com.br\/salvacao-no-rio-so-entre-politicos\/#respond"]}]},{"@type":"WebPage","@id":"https:\/\/bmj.com.br\/salvacao-no-rio-so-entre-politicos\/","url":"https:\/\/bmj.com.br\/salvacao-no-rio-so-entre-politicos\/","name":"Salva\u00e7\u00e3o, no Rio, s\u00f3 entre pol\u00edticos - BMJ","isPartOf":{"@id":"https:\/\/bmj.com.br\/#website"},"primaryImageOfPage":{"@id":"https:\/\/bmj.com.br\/salvacao-no-rio-so-entre-politicos\/#primaryimage"},"image":{"@id":"https:\/\/bmj.com.br\/salvacao-no-rio-so-entre-politicos\/#primaryimage"},"thumbnailUrl":"https:\/\/bmj.com.br\/wp-content\/uploads\/2018\/01\/Exame.png","datePublished":"2018-01-03T19:49:39+00:00","dateModified":"2018-01-04T11:26:26+00:00","breadcrumb":{"@id":"https:\/\/bmj.com.br\/salvacao-no-rio-so-entre-politicos\/#breadcrumb"},"inLanguage":"en-US","potentialAction":[{"@type":"ReadAction","target":["https:\/\/bmj.com.br\/salvacao-no-rio-so-entre-politicos\/"]}]},{"@type":"ImageObject","inLanguage":"en-US","@id":"https:\/\/bmj.com.br\/salvacao-no-rio-so-entre-politicos\/#primaryimage","url":"https:\/\/bmj.com.br\/wp-content\/uploads\/2018\/01\/Exame.png","contentUrl":"https:\/\/bmj.com.br\/wp-content\/uploads\/2018\/01\/Exame.png","width":366,"height":193},{"@type":"BreadcrumbList","@id":"https:\/\/bmj.com.br\/salvacao-no-rio-so-entre-politicos\/#breadcrumb","itemListElement":[{"@type":"ListItem","position":1,"name":"Home","item":"https:\/\/bmj.com.br\/"},{"@type":"ListItem","position":2,"name":"Salva\u00e7\u00e3o, no Rio, s\u00f3 entre pol\u00edticos"}]},{"@type":"WebSite","@id":"https:\/\/bmj.com.br\/#website","url":"https:\/\/bmj.com.br\/","name":"BMJ","description":"Consultores Associados","publisher":{"@id":"https:\/\/bmj.com.br\/#organization"},"potentialAction":[{"@type":"SearchAction","target":{"@type":"EntryPoint","urlTemplate":"https:\/\/bmj.com.br\/?s={search_term_string}"},"query-input":{"@type":"PropertyValueSpecification","valueRequired":true,"valueName":"search_term_string"}}],"inLanguage":"en-US"},{"@type":"Organization","@id":"https:\/\/bmj.com.br\/#organization","name":"BMJ Consultoria","url":"https:\/\/bmj.com.br\/","logo":{"@type":"ImageObject","inLanguage":"en-US","@id":"https:\/\/bmj.com.br\/#\/schema\/logo\/image\/","url":"","contentUrl":"","caption":"BMJ Consultoria"},"image":{"@id":"https:\/\/bmj.com.br\/#\/schema\/logo\/image\/"},"sameAs":["https:\/\/www.facebook.com\/BMJAssociados\/?ref=ts","https:\/\/x.com\/BMJconsultoria","https:\/\/www.instagram.com\/bmjconsultoria\/","https:\/\/www.linkedin.com\/company\/bmjconsultoresassociados\/?originalSubdomain=br","https:\/\/www.youtube.com\/user\/bmjconsultoria"]},{"@type":"Person","@id":"https:\/\/bmj.com.br\/#\/schema\/person\/e3d3984837d4d1847e83b4197aa02975","name":"Dennis Bravo","image":{"@type":"ImageObject","inLanguage":"en-US","@id":"https:\/\/secure.gravatar.com\/avatar\/6a711d6eb2c762e1fa0b1af3d0183adea3563153cc8b6e8820177b2fec199793?s=96&d=mm&r=g","url":"https:\/\/secure.gravatar.com\/avatar\/6a711d6eb2c762e1fa0b1af3d0183adea3563153cc8b6e8820177b2fec199793?s=96&d=mm&r=g","contentUrl":"https:\/\/secure.gravatar.com\/avatar\/6a711d6eb2c762e1fa0b1af3d0183adea3563153cc8b6e8820177b2fec199793?s=96&d=mm&r=g","caption":"Dennis Bravo"},"url":"https:\/\/bmj.com.br\/en\/author\/matheus-rossi\/"}]}},"_links":{"self":[{"href":"https:\/\/bmj.com.br\/en\/wp-json\/wp\/v2\/posts\/4343","targetHints":{"allow":["GET"]}}],"collection":[{"href":"https:\/\/bmj.com.br\/en\/wp-json\/wp\/v2\/posts"}],"about":[{"href":"https:\/\/bmj.com.br\/en\/wp-json\/wp\/v2\/types\/post"}],"author":[{"embeddable":true,"href":"https:\/\/bmj.com.br\/en\/wp-json\/wp\/v2\/users\/15"}],"replies":[{"embeddable":true,"href":"https:\/\/bmj.com.br\/en\/wp-json\/wp\/v2\/comments?post=4343"}],"version-history":[{"count":0,"href":"https:\/\/bmj.com.br\/en\/wp-json\/wp\/v2\/posts\/4343\/revisions"}],"wp:featuredmedia":[{"embeddable":true,"href":"https:\/\/bmj.com.br\/en\/wp-json\/wp\/v2\/media\/4344"}],"wp:attachment":[{"href":"https:\/\/bmj.com.br\/en\/wp-json\/wp\/v2\/media?parent=4343"}],"wp:term":[{"taxonomy":"category","embeddable":true,"href":"https:\/\/bmj.com.br\/en\/wp-json\/wp\/v2\/categories?post=4343"},{"taxonomy":"post_tag","embeddable":true,"href":"https:\/\/bmj.com.br\/en\/wp-json\/wp\/v2\/tags?post=4343"}],"curies":[{"name":"wp","href":"https:\/\/api.w.org\/{rel}","templated":true}]}}