{"id":4752,"date":"2018-04-16T15:47:50","date_gmt":"2018-04-16T18:47:50","guid":{"rendered":"https:\/\/bmj.com.br\/?p=4752"},"modified":"2018-04-16T15:48:28","modified_gmt":"2018-04-16T18:48:28","slug":"temer-fala-como-candidato-ao-anunciar-intervencao-no-rio-o-que-ele-quer-com-isso","status":"publish","type":"post","link":"https:\/\/bmj.com.br\/en\/temer-fala-como-candidato-ao-anunciar-intervencao-no-rio-o-que-ele-quer-com-isso\/","title":{"rendered":"Temer fala como candidato ao anunciar interven\u00e7\u00e3o no Rio. O que ele quer com isso?"},"content":{"rendered":"<h2>Especialistas em seguran\u00e7a p\u00fablica criticam a medida alegando que interven\u00e7\u00e3o federal n\u00e3o vai resolver o problema da criminalidade e do descontrole da viol\u00eancia no Rio de Janeiro<\/h2>\n<div data-move-to=\"pos-mod-2-mov\">Ao\u00a0<a href=\"http:\/\/www.gazetadopovo.com.br\/politica\/republica\/temer-embute-slogan-de-governo-no-anuncio-oficial-da-intervencao-no-rio-9cswbcbwnvvsvklge2xqy7paq\" target=\"_blank\" rel=\"noopener\">assinar o decreto de interven\u00e7\u00e3o federal no estado do Rio de Janeiro para combater a criminalidade<\/a>, o presidente Michel Temer (PMDB) falou como candidato sobre o tema da seguran\u00e7a p\u00fablica, um dos mais caros ao eleitor brasileiro. A mensagem evidencia ainda mais o tom pol\u00edtico da ado\u00e7\u00e3o da medida, que tamb\u00e9m tem como efeito colateral minimizar a responsabilidade do governo federal no naufr\u00e1gio da reforma da previd\u00eancia, que deve ser enterrada de vez.<\/div>\n<div data-move-to=\"pos-mod-2-mov\">\n<p>Em seu discurso no in\u00edcio da tarde desta sexta-feira (16), Temer deu \u00eanfase \u00e0 palavra \u201cordem\u201d, que aparece no slogan de seu governo (Ordem e Progresso), e abusou das met\u00e1foras e frases de efeito. \u201cO crime organizado quase tomou conta do estado do Rio de Janeiro\u201d, disse Temer no in\u00edcio de seu pronunciamento. \u201c\u00c9 uma met\u00e1stase que se espalha pelo pa\u00eds e amea\u00e7a a tranquilidade do nosso povo\u201d.<\/p>\n<p>Em outro trecho, o presidente disse que n\u00e3o vai \u201caceitar que matem nosso presente nem continuem a assassinar nosso futuro\u201d. \u201cOs pres\u00eddios n\u00e3o ser\u00e3o escrit\u00f3rios do crime organizado e as pra\u00e7as o seu sal\u00e3o de festa\u201d, disse, ainda.<\/p>\n<p>Para o professor de ci\u00eancia pol\u00edtica na UFPI, Vitor Sandes, a inten\u00e7\u00e3o pol\u00edtica do presidente ao decidir pela interven\u00e7\u00e3o ficou bastante clara. \u201cEssa interven\u00e7\u00e3o estritamente em ano eleitoral parece eminentemente pol\u00edtica\u201d, disse. Segundo o cientista pol\u00edtico, ao assumir o controle da seguran\u00e7a p\u00fablica no Rio, Temer passa a competir com o deputado federal Jair Bolsonaro (PSC) por uma fatia do eleitorado do presidenci\u00e1vel. \u201cMe parece que \u00e9 uma presun\u00e7\u00e3o bem clara que o tema da seguran\u00e7a p\u00fablica \u00e9 importante para o governo porque \u00e9 importante no ano eleitoral\u201d, diz Sandes.<\/p>\n<p>Para o cientista pol\u00edtico Christian Lynch, o fato de Temer e o governador do Rio de Janeiro, Luiz Fernando Pez\u00e3o (PMDB), serem impopulares em ano eleitoral pode ter contribu\u00eddo para a medida dr\u00e1stica adotada para tentar conter o caos na seguran\u00e7a do estado. \u201cA crise da seguran\u00e7a p\u00fablica no Rio de Janeiro data de muito tempo. Certamente concorre para decreta\u00e7\u00e3o da interven\u00e7\u00e3o federal o fato do governo Temer ser do mesmo partido que o governador; o fato de este \u00faltimo estar de acordo; de ser o estado mais importante governado pelo PMDB e, por fim, pelo fato de tanto o governador como o presidente serem impopulares em ano eleitoral\u201d, explica.<\/p>\n<p>\u201cEnt\u00e3o se est\u00e1 a juntar a fome com a vontade de comer, ou seja, a necessidade objetiva da interven\u00e7\u00e3o com o ambiente prop\u00edcio e o proveito eleitoral e o m\u00ednimo de conflito entre estado e uni\u00e3o federal\u201d, completa Lynch.<\/p>\n<\/div>\n<h2>Reforma da previd\u00eancia<\/h2>\n<p>Al\u00e9m de atacar um problema cada vez mais central na mente do eleitor brasileiro, a interven\u00e7\u00e3o federal no Rio enterra de vez a possibilidade da vota\u00e7\u00e3o de uma reforma na previd\u00eancia. Isso porque a Constitui\u00e7\u00e3o n\u00e3o pode ser alterada enquanto houver a interven\u00e7\u00e3o, que tem prazo para acabar apenas em 31 de dezembro deste ano. O governo corria s\u00e9rios riscos de n\u00e3o conseguir votos suficientes para aprovar as mudan\u00e7as, mas com o an\u00fancio da interven\u00e7\u00e3o neste momento, o governo tamb\u00e9m consegue criar uma nova linha de discurso.<\/p>\n<p>A oposi\u00e7\u00e3o ao governo j\u00e1 reagiu ao an\u00fancio do decreto. \u201cO governo tenta usar a interven\u00e7\u00e3o como uma grande chantagem, com uma tentativa de tirar do seu colo o problema de n\u00e3o ter conseguido votos suficientes para aprovar a reforma da Previd\u00eancia, como uma esp\u00e9cie de moeda de troca para tentar responsabilizar o parlamento pelo seu fracasso. Uma cartada desesperada que tem tudo para agravar ainda mais a crise\u201d, disse, em nota, o l\u00edder do PSOL na C\u00e2mara, Ivan Valente.<\/p>\n<p><a href=\"\/?p=1611\">Juliano Griebeler<\/a>, diretor de Rela\u00e7\u00f5es Governamentais da Barral M Jorge Consultoria, avalia que com isso Temer tenta demonstrar que o governo est\u00e1 tentando ser proativo em um dos temas sens\u00edveis para a popula\u00e7\u00e3o e que ser\u00e1 central nas elei\u00e7\u00f5es. \u201cAs medidas anunciadas mais criam um fato novo do que solucionam o problema de vez. A interven\u00e7\u00e3o seria desnecess\u00e1ria, outros caminhos poderiam ser utilizados para ter um trabalho em parceria com o estado do Rio de Janeiro para combater o problema de seguran\u00e7a\u201d, afirmou.<\/p>\n<p>\u201cCaso consiga uma melhora expressiva na seguran\u00e7a p\u00fablica no Rio de Janeiro, isso ser\u00e1 um trunfo que o governo federal poder\u00e1 utilizar durante as elei\u00e7\u00f5es. Entretanto, caso falhem, demonstrar\u00e1 que nunca tiveram um plano pensado e estruturado e agiram mais por impulso que por uma decis\u00e3o pensada\u201d, avalia Grieleber.<\/p>\n<p>Para Sandes, o risco vale a pena. \u201cPara um pr\u00e9-candidato que tenha de 5% a 10% de aprova\u00e7\u00e3o como o governo federal, \u00e9 um momento de arriscar\u201d, avalia o professor da UFPI. \u201cVoc\u00ea muda o tema, deixa de ser a reforma da previd\u00eancia e passa a ser outro\u201d, analisa.<\/p>\n<div class=\"c-experiencia-social-materia\" style=\"box-sizing: border-box; margin: 0px; padding: 0px; border-width: 1px 0px 0px; border-image: initial; font-style: normal; font-variant-ligatures: normal; font-variant-caps: normal; font-variant-numeric: inherit; font-variant-east-asian: inherit; font-weight: 400; font-stretch: inherit; font-size: 14px; line-height: inherit; font-family: 'Source Sans Pro', sans-serif; vertical-align: baseline; width: 755.644px; height: 80px; display: table; text-align: center; color: #000000; letter-spacing: normal; orphans: 2; text-indent: 0px; text-transform: none; white-space: normal; widows: 2; word-spacing: 0px; -webkit-text-stroke-width: 0px; background-color: #ffffff; text-decoration-style: initial; text-decoration-color: initial; border-color: #e6e6e6 initial initial initial; border-style: solid initial initial initial;\" data-limit=\"3\" data-uuid=\"abc58ae6-1348-11e8-83d7-916b3a9d15d2\"><\/div>","protected":false},"excerpt":{"rendered":"<p>Especialistas em seguran\u00e7a p\u00fablica criticam a medida alegando que interven\u00e7\u00e3o federal n\u00e3o vai resolver o problema da criminalidade e do descontrole da viol\u00eancia no Rio de Janeiro Ao\u00a0assinar o decreto&#8230;<\/p>","protected":false},"author":15,"featured_media":4754,"comment_status":"open","ping_status":"open","sticky":false,"template":"","format":"standard","meta":{"_acf_changed":false,"_exactmetrics_skip_tracking":false,"_exactmetrics_sitenote_active":false,"_exactmetrics_sitenote_note":"","_exactmetrics_sitenote_category":0,"footnotes":""},"categories":[45],"tags":[511,167,569,570,546,520,567,131,81,568,203],"class_list":{"0":"post-4752","1":"post","2":"type-post","3":"status-publish","4":"format-standard","5":"has-post-thumbnail","7":"category-relacoes-governamentais","8":"tag-barral-m-jorge","9":"tag-bmj","10":"tag-consultoria","11":"tag-consultoria-relacoes-governamentais","12":"tag-eleicao","13":"tag-eleicoes","14":"tag-intervencao-federal","15":"tag-michel-temer","16":"tag-relacoes-governamentais","17":"tag-rio-de-janeiro","18":"tag-temer"},"acf":[],"yoast_head":"<!-- This site is optimized with the Yoast SEO plugin v27.4 - https:\/\/yoast.com\/product\/yoast-seo-wordpress\/ -->\n<title>Temer fala como candidato ao anunciar interven\u00e7\u00e3o no Rio. O que ele quer com isso? - BMJ<\/title>\n<meta name=\"description\" content=\"Ao assinar o decreto de interven\u00e7\u00e3o federal no estado do Rio de Janeiro para combater a criminalidade, o presidente Michel Temer (PMDB) falou como candidato sobre o tema da seguran\u00e7a p\u00fablica, um dos mais caros ao eleitor brasileiro.\" \/>\n<meta name=\"robots\" content=\"index, follow, max-snippet:-1, max-image-preview:large, max-video-preview:-1\" \/>\n<link rel=\"canonical\" href=\"https:\/\/bmj.com.br\/en\/temer-fala-como-candidato-ao-anunciar-intervencao-no-rio-o-que-ele-quer-com-isso\/\" \/>\n<meta property=\"og:locale\" content=\"en_US\" \/>\n<meta property=\"og:type\" content=\"article\" \/>\n<meta property=\"og:title\" content=\"Temer fala como candidato ao anunciar interven\u00e7\u00e3o no Rio. O que ele quer com isso? - BMJ\" \/>\n<meta property=\"og:description\" content=\"Ao assinar o decreto de interven\u00e7\u00e3o federal no estado do Rio de Janeiro para combater a criminalidade, o presidente Michel Temer (PMDB) falou como candidato sobre o tema da seguran\u00e7a p\u00fablica, um dos mais caros ao eleitor brasileiro.\" \/>\n<meta property=\"og:url\" content=\"https:\/\/bmj.com.br\/en\/temer-fala-como-candidato-ao-anunciar-intervencao-no-rio-o-que-ele-quer-com-isso\/\" \/>\n<meta property=\"og:site_name\" content=\"BMJ\" \/>\n<meta property=\"article:publisher\" content=\"https:\/\/www.facebook.com\/BMJAssociados\/?ref=ts\" \/>\n<meta property=\"article:published_time\" content=\"2018-04-16T18:47:50+00:00\" \/>\n<meta property=\"article:modified_time\" content=\"2018-04-16T18:48:28+00:00\" \/>\n<meta property=\"og:image\" content=\"https:\/\/bmj.com.br\/wp-content\/uploads\/2018\/04\/tMER2.jpg\" \/>\n\t<meta property=\"og:image:width\" content=\"1161\" \/>\n\t<meta property=\"og:image:height\" content=\"843\" \/>\n\t<meta property=\"og:image:type\" content=\"image\/jpeg\" \/>\n<meta name=\"author\" content=\"Dennis Bravo\" \/>\n<meta name=\"twitter:card\" content=\"summary_large_image\" \/>\n<meta name=\"twitter:creator\" content=\"@BMJconsultoria\" \/>\n<meta name=\"twitter:site\" content=\"@BMJconsultoria\" \/>\n<meta name=\"twitter:label1\" content=\"Written by\" \/>\n\t<meta name=\"twitter:data1\" content=\"Dennis Bravo\" \/>\n\t<meta name=\"twitter:label2\" content=\"Est. reading time\" \/>\n\t<meta name=\"twitter:data2\" content=\"4 minutes\" \/>\n<script type=\"application\/ld+json\" class=\"yoast-schema-graph\">{\"@context\":\"https:\\\/\\\/schema.org\",\"@graph\":[{\"@type\":\"Article\",\"@id\":\"https:\\\/\\\/bmj.com.br\\\/en\\\/temer-fala-como-candidato-ao-anunciar-intervencao-no-rio-o-que-ele-quer-com-isso\\\/#article\",\"isPartOf\":{\"@id\":\"https:\\\/\\\/bmj.com.br\\\/en\\\/temer-fala-como-candidato-ao-anunciar-intervencao-no-rio-o-que-ele-quer-com-isso\\\/\"},\"author\":{\"name\":\"Dennis Bravo\",\"@id\":\"https:\\\/\\\/bmj.com.br\\\/#\\\/schema\\\/person\\\/e3d3984837d4d1847e83b4197aa02975\"},\"headline\":\"Temer fala como candidato ao anunciar interven\u00e7\u00e3o no Rio. O que ele quer com isso?\",\"datePublished\":\"2018-04-16T18:47:50+00:00\",\"dateModified\":\"2018-04-16T18:48:28+00:00\",\"mainEntityOfPage\":{\"@id\":\"https:\\\/\\\/bmj.com.br\\\/en\\\/temer-fala-como-candidato-ao-anunciar-intervencao-no-rio-o-que-ele-quer-com-isso\\\/\"},\"wordCount\":893,\"commentCount\":0,\"publisher\":{\"@id\":\"https:\\\/\\\/bmj.com.br\\\/#organization\"},\"image\":{\"@id\":\"https:\\\/\\\/bmj.com.br\\\/en\\\/temer-fala-como-candidato-ao-anunciar-intervencao-no-rio-o-que-ele-quer-com-isso\\\/#primaryimage\"},\"thumbnailUrl\":\"https:\\\/\\\/bmj.com.br\\\/wp-content\\\/uploads\\\/2018\\\/04\\\/tMER2.jpg\",\"keywords\":[\"Barral M Jorge\",\"BMJ\",\"Consultoria\",\"Consultoria Rela\u00e7\u00f5es Governamentais\",\"Elei\u00e7\u00e3o\",\"elei\u00e7\u00f5es\",\"Interven\u00e7\u00e3o federal\",\"Michel Temer\",\"Rela\u00e7\u00f5es Governamentais\",\"Rio de Janeiro\",\"Temer\"],\"articleSection\":[\"Rela\u00e7\u00f5es Governamentais\"],\"inLanguage\":\"en-US\",\"potentialAction\":[{\"@type\":\"CommentAction\",\"name\":\"Comment\",\"target\":[\"https:\\\/\\\/bmj.com.br\\\/en\\\/temer-fala-como-candidato-ao-anunciar-intervencao-no-rio-o-que-ele-quer-com-isso\\\/#respond\"]}]},{\"@type\":\"WebPage\",\"@id\":\"https:\\\/\\\/bmj.com.br\\\/en\\\/temer-fala-como-candidato-ao-anunciar-intervencao-no-rio-o-que-ele-quer-com-isso\\\/\",\"url\":\"https:\\\/\\\/bmj.com.br\\\/en\\\/temer-fala-como-candidato-ao-anunciar-intervencao-no-rio-o-que-ele-quer-com-isso\\\/\",\"name\":\"Temer fala como candidato ao anunciar interven\u00e7\u00e3o no Rio. O que ele quer com isso? - BMJ\",\"isPartOf\":{\"@id\":\"https:\\\/\\\/bmj.com.br\\\/#website\"},\"primaryImageOfPage\":{\"@id\":\"https:\\\/\\\/bmj.com.br\\\/en\\\/temer-fala-como-candidato-ao-anunciar-intervencao-no-rio-o-que-ele-quer-com-isso\\\/#primaryimage\"},\"image\":{\"@id\":\"https:\\\/\\\/bmj.com.br\\\/en\\\/temer-fala-como-candidato-ao-anunciar-intervencao-no-rio-o-que-ele-quer-com-isso\\\/#primaryimage\"},\"thumbnailUrl\":\"https:\\\/\\\/bmj.com.br\\\/wp-content\\\/uploads\\\/2018\\\/04\\\/tMER2.jpg\",\"datePublished\":\"2018-04-16T18:47:50+00:00\",\"dateModified\":\"2018-04-16T18:48:28+00:00\",\"description\":\"Ao assinar o decreto de interven\u00e7\u00e3o federal no estado do Rio de Janeiro para combater a criminalidade, o presidente Michel Temer (PMDB) falou como candidato sobre o tema da seguran\u00e7a p\u00fablica, um dos mais caros ao eleitor brasileiro.\",\"breadcrumb\":{\"@id\":\"https:\\\/\\\/bmj.com.br\\\/en\\\/temer-fala-como-candidato-ao-anunciar-intervencao-no-rio-o-que-ele-quer-com-isso\\\/#breadcrumb\"},\"inLanguage\":\"en-US\",\"potentialAction\":[{\"@type\":\"ReadAction\",\"target\":[\"https:\\\/\\\/bmj.com.br\\\/en\\\/temer-fala-como-candidato-ao-anunciar-intervencao-no-rio-o-que-ele-quer-com-isso\\\/\"]}]},{\"@type\":\"ImageObject\",\"inLanguage\":\"en-US\",\"@id\":\"https:\\\/\\\/bmj.com.br\\\/en\\\/temer-fala-como-candidato-ao-anunciar-intervencao-no-rio-o-que-ele-quer-com-isso\\\/#primaryimage\",\"url\":\"https:\\\/\\\/bmj.com.br\\\/wp-content\\\/uploads\\\/2018\\\/04\\\/tMER2.jpg\",\"contentUrl\":\"https:\\\/\\\/bmj.com.br\\\/wp-content\\\/uploads\\\/2018\\\/04\\\/tMER2.jpg\",\"width\":1161,\"height\":843},{\"@type\":\"BreadcrumbList\",\"@id\":\"https:\\\/\\\/bmj.com.br\\\/en\\\/temer-fala-como-candidato-ao-anunciar-intervencao-no-rio-o-que-ele-quer-com-isso\\\/#breadcrumb\",\"itemListElement\":[{\"@type\":\"ListItem\",\"position\":1,\"name\":\"Home\",\"item\":\"https:\\\/\\\/bmj.com.br\\\/\"},{\"@type\":\"ListItem\",\"position\":2,\"name\":\"Temer fala como candidato ao anunciar interven\u00e7\u00e3o no Rio. O que ele quer com isso?\"}]},{\"@type\":\"WebSite\",\"@id\":\"https:\\\/\\\/bmj.com.br\\\/#website\",\"url\":\"https:\\\/\\\/bmj.com.br\\\/\",\"name\":\"BMJ\",\"description\":\"Consultores Associados\",\"publisher\":{\"@id\":\"https:\\\/\\\/bmj.com.br\\\/#organization\"},\"potentialAction\":[{\"@type\":\"SearchAction\",\"target\":{\"@type\":\"EntryPoint\",\"urlTemplate\":\"https:\\\/\\\/bmj.com.br\\\/?s={search_term_string}\"},\"query-input\":{\"@type\":\"PropertyValueSpecification\",\"valueRequired\":true,\"valueName\":\"search_term_string\"}}],\"inLanguage\":\"en-US\"},{\"@type\":\"Organization\",\"@id\":\"https:\\\/\\\/bmj.com.br\\\/#organization\",\"name\":\"BMJ Consultoria\",\"url\":\"https:\\\/\\\/bmj.com.br\\\/\",\"logo\":{\"@type\":\"ImageObject\",\"inLanguage\":\"en-US\",\"@id\":\"https:\\\/\\\/bmj.com.br\\\/#\\\/schema\\\/logo\\\/image\\\/\",\"url\":\"\",\"contentUrl\":\"\",\"caption\":\"BMJ Consultoria\"},\"image\":{\"@id\":\"https:\\\/\\\/bmj.com.br\\\/#\\\/schema\\\/logo\\\/image\\\/\"},\"sameAs\":[\"https:\\\/\\\/www.facebook.com\\\/BMJAssociados\\\/?ref=ts\",\"https:\\\/\\\/x.com\\\/BMJconsultoria\",\"https:\\\/\\\/www.instagram.com\\\/bmjconsultoria\\\/\",\"https:\\\/\\\/www.linkedin.com\\\/company\\\/bmjconsultoresassociados\\\/?originalSubdomain=br\",\"https:\\\/\\\/www.youtube.com\\\/user\\\/bmjconsultoria\"]},{\"@type\":\"Person\",\"@id\":\"https:\\\/\\\/bmj.com.br\\\/#\\\/schema\\\/person\\\/e3d3984837d4d1847e83b4197aa02975\",\"name\":\"Dennis Bravo\",\"image\":{\"@type\":\"ImageObject\",\"inLanguage\":\"en-US\",\"@id\":\"https:\\\/\\\/secure.gravatar.com\\\/avatar\\\/6a711d6eb2c762e1fa0b1af3d0183adea3563153cc8b6e8820177b2fec199793?s=96&d=mm&r=g\",\"url\":\"https:\\\/\\\/secure.gravatar.com\\\/avatar\\\/6a711d6eb2c762e1fa0b1af3d0183adea3563153cc8b6e8820177b2fec199793?s=96&d=mm&r=g\",\"contentUrl\":\"https:\\\/\\\/secure.gravatar.com\\\/avatar\\\/6a711d6eb2c762e1fa0b1af3d0183adea3563153cc8b6e8820177b2fec199793?s=96&d=mm&r=g\",\"caption\":\"Dennis Bravo\"},\"url\":\"https:\\\/\\\/bmj.com.br\\\/en\\\/author\\\/matheus-rossi\\\/\"}]}<\/script>\n<!-- \/ Yoast SEO plugin. -->","yoast_head_json":{"title":"Temer fala como candidato ao anunciar interven\u00e7\u00e3o no Rio. O que ele quer com isso? - BMJ","description":"Ao assinar o decreto de interven\u00e7\u00e3o federal no estado do Rio de Janeiro para combater a criminalidade, o presidente Michel Temer (PMDB) falou como candidato sobre o tema da seguran\u00e7a p\u00fablica, um dos mais caros ao eleitor brasileiro.","robots":{"index":"index","follow":"follow","max-snippet":"max-snippet:-1","max-image-preview":"max-image-preview:large","max-video-preview":"max-video-preview:-1"},"canonical":"https:\/\/bmj.com.br\/en\/temer-fala-como-candidato-ao-anunciar-intervencao-no-rio-o-que-ele-quer-com-isso\/","og_locale":"en_US","og_type":"article","og_title":"Temer fala como candidato ao anunciar interven\u00e7\u00e3o no Rio. O que ele quer com isso? - BMJ","og_description":"Ao assinar o decreto de interven\u00e7\u00e3o federal no estado do Rio de Janeiro para combater a criminalidade, o presidente Michel Temer (PMDB) falou como candidato sobre o tema da seguran\u00e7a p\u00fablica, um dos mais caros ao eleitor brasileiro.","og_url":"https:\/\/bmj.com.br\/en\/temer-fala-como-candidato-ao-anunciar-intervencao-no-rio-o-que-ele-quer-com-isso\/","og_site_name":"BMJ","article_publisher":"https:\/\/www.facebook.com\/BMJAssociados\/?ref=ts","article_published_time":"2018-04-16T18:47:50+00:00","article_modified_time":"2018-04-16T18:48:28+00:00","og_image":[{"width":1161,"height":843,"url":"https:\/\/bmj.com.br\/wp-content\/uploads\/2018\/04\/tMER2.jpg","type":"image\/jpeg"}],"author":"Dennis Bravo","twitter_card":"summary_large_image","twitter_creator":"@BMJconsultoria","twitter_site":"@BMJconsultoria","twitter_misc":{"Written by":"Dennis Bravo","Est. reading time":"4 minutes"},"schema":{"@context":"https:\/\/schema.org","@graph":[{"@type":"Article","@id":"https:\/\/bmj.com.br\/en\/temer-fala-como-candidato-ao-anunciar-intervencao-no-rio-o-que-ele-quer-com-isso\/#article","isPartOf":{"@id":"https:\/\/bmj.com.br\/en\/temer-fala-como-candidato-ao-anunciar-intervencao-no-rio-o-que-ele-quer-com-isso\/"},"author":{"name":"Dennis Bravo","@id":"https:\/\/bmj.com.br\/#\/schema\/person\/e3d3984837d4d1847e83b4197aa02975"},"headline":"Temer fala como candidato ao anunciar interven\u00e7\u00e3o no Rio. O que ele quer com isso?","datePublished":"2018-04-16T18:47:50+00:00","dateModified":"2018-04-16T18:48:28+00:00","mainEntityOfPage":{"@id":"https:\/\/bmj.com.br\/en\/temer-fala-como-candidato-ao-anunciar-intervencao-no-rio-o-que-ele-quer-com-isso\/"},"wordCount":893,"commentCount":0,"publisher":{"@id":"https:\/\/bmj.com.br\/#organization"},"image":{"@id":"https:\/\/bmj.com.br\/en\/temer-fala-como-candidato-ao-anunciar-intervencao-no-rio-o-que-ele-quer-com-isso\/#primaryimage"},"thumbnailUrl":"https:\/\/bmj.com.br\/wp-content\/uploads\/2018\/04\/tMER2.jpg","keywords":["Barral M Jorge","BMJ","Consultoria","Consultoria Rela\u00e7\u00f5es Governamentais","Elei\u00e7\u00e3o","elei\u00e7\u00f5es","Interven\u00e7\u00e3o federal","Michel Temer","Rela\u00e7\u00f5es Governamentais","Rio de Janeiro","Temer"],"articleSection":["Rela\u00e7\u00f5es Governamentais"],"inLanguage":"en-US","potentialAction":[{"@type":"CommentAction","name":"Comment","target":["https:\/\/bmj.com.br\/en\/temer-fala-como-candidato-ao-anunciar-intervencao-no-rio-o-que-ele-quer-com-isso\/#respond"]}]},{"@type":"WebPage","@id":"https:\/\/bmj.com.br\/en\/temer-fala-como-candidato-ao-anunciar-intervencao-no-rio-o-que-ele-quer-com-isso\/","url":"https:\/\/bmj.com.br\/en\/temer-fala-como-candidato-ao-anunciar-intervencao-no-rio-o-que-ele-quer-com-isso\/","name":"Temer fala como candidato ao anunciar interven\u00e7\u00e3o no Rio. O que ele quer com isso? - BMJ","isPartOf":{"@id":"https:\/\/bmj.com.br\/#website"},"primaryImageOfPage":{"@id":"https:\/\/bmj.com.br\/en\/temer-fala-como-candidato-ao-anunciar-intervencao-no-rio-o-que-ele-quer-com-isso\/#primaryimage"},"image":{"@id":"https:\/\/bmj.com.br\/en\/temer-fala-como-candidato-ao-anunciar-intervencao-no-rio-o-que-ele-quer-com-isso\/#primaryimage"},"thumbnailUrl":"https:\/\/bmj.com.br\/wp-content\/uploads\/2018\/04\/tMER2.jpg","datePublished":"2018-04-16T18:47:50+00:00","dateModified":"2018-04-16T18:48:28+00:00","description":"Ao assinar o decreto de interven\u00e7\u00e3o federal no estado do Rio de Janeiro para combater a criminalidade, o presidente Michel Temer (PMDB) falou como candidato sobre o tema da seguran\u00e7a p\u00fablica, um dos mais caros ao eleitor brasileiro.","breadcrumb":{"@id":"https:\/\/bmj.com.br\/en\/temer-fala-como-candidato-ao-anunciar-intervencao-no-rio-o-que-ele-quer-com-isso\/#breadcrumb"},"inLanguage":"en-US","potentialAction":[{"@type":"ReadAction","target":["https:\/\/bmj.com.br\/en\/temer-fala-como-candidato-ao-anunciar-intervencao-no-rio-o-que-ele-quer-com-isso\/"]}]},{"@type":"ImageObject","inLanguage":"en-US","@id":"https:\/\/bmj.com.br\/en\/temer-fala-como-candidato-ao-anunciar-intervencao-no-rio-o-que-ele-quer-com-isso\/#primaryimage","url":"https:\/\/bmj.com.br\/wp-content\/uploads\/2018\/04\/tMER2.jpg","contentUrl":"https:\/\/bmj.com.br\/wp-content\/uploads\/2018\/04\/tMER2.jpg","width":1161,"height":843},{"@type":"BreadcrumbList","@id":"https:\/\/bmj.com.br\/en\/temer-fala-como-candidato-ao-anunciar-intervencao-no-rio-o-que-ele-quer-com-isso\/#breadcrumb","itemListElement":[{"@type":"ListItem","position":1,"name":"Home","item":"https:\/\/bmj.com.br\/"},{"@type":"ListItem","position":2,"name":"Temer fala como candidato ao anunciar interven\u00e7\u00e3o no Rio. O que ele quer com isso?"}]},{"@type":"WebSite","@id":"https:\/\/bmj.com.br\/#website","url":"https:\/\/bmj.com.br\/","name":"BMJ","description":"Consultores Associados","publisher":{"@id":"https:\/\/bmj.com.br\/#organization"},"potentialAction":[{"@type":"SearchAction","target":{"@type":"EntryPoint","urlTemplate":"https:\/\/bmj.com.br\/?s={search_term_string}"},"query-input":{"@type":"PropertyValueSpecification","valueRequired":true,"valueName":"search_term_string"}}],"inLanguage":"en-US"},{"@type":"Organization","@id":"https:\/\/bmj.com.br\/#organization","name":"BMJ Consultoria","url":"https:\/\/bmj.com.br\/","logo":{"@type":"ImageObject","inLanguage":"en-US","@id":"https:\/\/bmj.com.br\/#\/schema\/logo\/image\/","url":"","contentUrl":"","caption":"BMJ Consultoria"},"image":{"@id":"https:\/\/bmj.com.br\/#\/schema\/logo\/image\/"},"sameAs":["https:\/\/www.facebook.com\/BMJAssociados\/?ref=ts","https:\/\/x.com\/BMJconsultoria","https:\/\/www.instagram.com\/bmjconsultoria\/","https:\/\/www.linkedin.com\/company\/bmjconsultoresassociados\/?originalSubdomain=br","https:\/\/www.youtube.com\/user\/bmjconsultoria"]},{"@type":"Person","@id":"https:\/\/bmj.com.br\/#\/schema\/person\/e3d3984837d4d1847e83b4197aa02975","name":"Dennis Bravo","image":{"@type":"ImageObject","inLanguage":"en-US","@id":"https:\/\/secure.gravatar.com\/avatar\/6a711d6eb2c762e1fa0b1af3d0183adea3563153cc8b6e8820177b2fec199793?s=96&d=mm&r=g","url":"https:\/\/secure.gravatar.com\/avatar\/6a711d6eb2c762e1fa0b1af3d0183adea3563153cc8b6e8820177b2fec199793?s=96&d=mm&r=g","contentUrl":"https:\/\/secure.gravatar.com\/avatar\/6a711d6eb2c762e1fa0b1af3d0183adea3563153cc8b6e8820177b2fec199793?s=96&d=mm&r=g","caption":"Dennis Bravo"},"url":"https:\/\/bmj.com.br\/en\/author\/matheus-rossi\/"}]}},"_links":{"self":[{"href":"https:\/\/bmj.com.br\/en\/wp-json\/wp\/v2\/posts\/4752","targetHints":{"allow":["GET"]}}],"collection":[{"href":"https:\/\/bmj.com.br\/en\/wp-json\/wp\/v2\/posts"}],"about":[{"href":"https:\/\/bmj.com.br\/en\/wp-json\/wp\/v2\/types\/post"}],"author":[{"embeddable":true,"href":"https:\/\/bmj.com.br\/en\/wp-json\/wp\/v2\/users\/15"}],"replies":[{"embeddable":true,"href":"https:\/\/bmj.com.br\/en\/wp-json\/wp\/v2\/comments?post=4752"}],"version-history":[{"count":0,"href":"https:\/\/bmj.com.br\/en\/wp-json\/wp\/v2\/posts\/4752\/revisions"}],"wp:featuredmedia":[{"embeddable":true,"href":"https:\/\/bmj.com.br\/en\/wp-json\/wp\/v2\/media\/4754"}],"wp:attachment":[{"href":"https:\/\/bmj.com.br\/en\/wp-json\/wp\/v2\/media?parent=4752"}],"wp:term":[{"taxonomy":"category","embeddable":true,"href":"https:\/\/bmj.com.br\/en\/wp-json\/wp\/v2\/categories?post=4752"},{"taxonomy":"post_tag","embeddable":true,"href":"https:\/\/bmj.com.br\/en\/wp-json\/wp\/v2\/tags?post=4752"}],"curies":[{"name":"wp","href":"https:\/\/api.w.org\/{rel}","templated":true}]}}