{"id":58796,"date":"2022-05-27T15:49:59","date_gmt":"2022-05-27T18:49:59","guid":{"rendered":"https:\/\/bmj.com.br\/?p=58796"},"modified":"2023-06-28T14:22:56","modified_gmt":"2023-06-28T17:22:56","slug":"davos-terceira-via-e-camara-dos-deputados","status":"publish","type":"post","link":"https:\/\/bmj.com.br\/en\/davos-terceira-via-e-camara-dos-deputados\/","title":{"rendered":"Davos, Terceira Via e C\u00e2mara dos Deputados"},"content":{"rendered":"<p>A pandemia global, a guerra na Ucr\u00e2nia, as crises geoecon\u00f4micas e as mudan\u00e7as clim\u00e1ticas: esses foram os principais temas discutidos durante o F\u00f3rum Econ\u00f4mico Mundial (FEM), conhecido por suas reuni\u00f5es anuais em Davos, Su\u00ed\u00e7a. Para comentar a participa\u00e7\u00e3o do Brasil no evento e os principais destaques da semana, convidamos neste epis\u00f3dio, nossos consultores Bernardo Nigri, Carlos M\u00fcller, Lucas Fernandes e Raquel Alves.<\/p>\n<p>Ap\u00f3s dois anos de pandemia, o evento foi realizado presencialmente e reuniu l\u00edderes pol\u00edticos, empresariais, culturais e sociais para discutirem quest\u00f5es globais e encontrarem solu\u00e7\u00f5es para os desafios mais urgentes. O Brasil mais uma vez foi representado pelo ministro da Economia, Paulo Guedes, que afirmou ter percebido um clima menos hostil com a delega\u00e7\u00e3o brasileira em compara\u00e7\u00e3o com a edi\u00e7\u00e3o de 2019, quando foi questionado sobre as pol\u00edticas ambientais do Brasil. Durante um painel sobre como gerenciar a d\u00edvida p\u00fablica global, o ministro falou sobre a agenda de reformas do Brasil, infla\u00e7\u00e3o, a acess\u00e3o do Brasil \u00e0 OCDE, e afirmou que o pa\u00eds est\u00e1 pronto para receber investimentos em energia limpa. Nossos especialistas comentam o saldo do evento para o governo brasileiro e os pr\u00f3ximos desafios.<\/p>\n<p>Enquanto isso, a pol\u00edtica nacional gira em torno das Elei\u00e7\u00f5es de 2022. A terceira via, formada pelos partidos MDB, PSDB e Cidadania, continua em um impasse sobre a candidatura \u00fanica. Nesta semana, o ex-governador de S\u00e3o Paulo, Jo\u00e3o Doria (PSDB), anunciou oficialmente sua desist\u00eancia na corrida presidencial. Ele havia ganhado as pr\u00e9vias tucanas, mas com a uni\u00e3o dos tr\u00eas partidos, perdeu apoio para lan\u00e7ar sua pr\u00e9-candidatura. Agora, apesar de ser apontada como principal op\u00e7\u00e3o, a senadora Simone Tebet (MDB) precisa conquistar mais eleitores j\u00e1 que, segundo algumas pesquisas de inten\u00e7\u00e3o de votos, apresenta um baixo desempenho.<\/p>\n<p>Por fim, analisamos as negocia\u00e7\u00f5es em torno das elei\u00e7\u00f5es da Mesa Diretora da C\u00e2mara dos Deputados, que ocorreram nesta semana. A 1\u00aa vice-presid\u00eancia ficou com o deputado Lincoln Portela (PL-MG); a 2\u00aa Secretaria com o PT, que indicou o deputado Odair Cunha (PT-MG); e a vaga de 3\u00ba secret\u00e1rio foi ocupada pela deputada Geovania de S\u00e1 (PSDB-SC). Voc\u00ea vai entender como foram as negocia\u00e7\u00f5es entre os deputados e os partidos para a vota\u00e7\u00e3o e como essa nova forma\u00e7\u00e3o vai impactar as pr\u00f3ximas discuss\u00f5es na Casa. Al\u00e9m disso, nossos especialistas comentam as pautas mais relevantes no Congresso essa semana, como o Projeto de Lei Complementar (PLP) 18\/22, que prev\u00ea um teto de 17% para o ICMS dos combust\u00edveis e da energia el\u00e9trica.<\/p>\n<p>Confira os destaques da semana em nosso epis\u00f3dio!<\/p>","protected":false},"excerpt":{"rendered":"<p>A pandemia global, a guerra na Ucr\u00e2nia, as crises geoecon\u00f4micas e as mudan\u00e7as clim\u00e1ticas: esses foram os principais temas discutidos durante o F\u00f3rum Econ\u00f4mico Mundial (FEM), conhecido por suas reuni\u00f5es&#8230;<\/p>","protected":false},"author":15,"featured_media":58800,"comment_status":"open","ping_status":"open","sticky":false,"template":"","format":"standard","meta":{"_acf_changed":false,"_exactmetrics_skip_tracking":false,"_exactmetrics_sitenote_active":false,"_exactmetrics_sitenote_note":"","_exactmetrics_sitenote_category":0,"footnotes":""},"categories":[1,696,686],"tags":[],"class_list":{"0":"post-58796","1":"post","2":"type-post","3":"status-publish","4":"format-standard","5":"has-post-thumbnail","7":"category-bmj","8":"category-episodios","9":"category-podcast"},"acf":[],"yoast_head":"<!-- This site is optimized with the Yoast SEO plugin v27.4 - https:\/\/yoast.com\/product\/yoast-seo-wordpress\/ -->\n<title>Davos, Terceira Via e C\u00e2mara dos Deputados - BMJ<\/title>\n<meta name=\"robots\" content=\"index, follow, max-snippet:-1, max-image-preview:large, max-video-preview:-1\" \/>\n<link rel=\"canonical\" href=\"https:\/\/bmj.com.br\/en\/davos-terceira-via-e-camara-dos-deputados\/\" \/>\n<meta property=\"og:locale\" content=\"en_US\" \/>\n<meta property=\"og:type\" content=\"article\" \/>\n<meta property=\"og:title\" content=\"Davos, Terceira Via e C\u00e2mara dos Deputados - BMJ\" \/>\n<meta property=\"og:description\" content=\"A pandemia global, a guerra na Ucr\u00e2nia, as crises geoecon\u00f4micas e as mudan\u00e7as clim\u00e1ticas: esses foram os principais temas discutidos durante o F\u00f3rum Econ\u00f4mico Mundial (FEM), conhecido por suas reuni\u00f5es...\" \/>\n<meta property=\"og:url\" content=\"https:\/\/bmj.com.br\/en\/davos-terceira-via-e-camara-dos-deputados\/\" \/>\n<meta property=\"og:site_name\" content=\"BMJ\" \/>\n<meta property=\"article:publisher\" content=\"https:\/\/www.facebook.com\/BMJAssociados\/?ref=ts\" \/>\n<meta property=\"article:published_time\" content=\"2022-05-27T18:49:59+00:00\" \/>\n<meta property=\"article:modified_time\" content=\"2023-06-28T17:22:56+00:00\" \/>\n<meta property=\"og:image\" content=\"https:\/\/bmj.com.br\/wp-content\/uploads\/2022\/05\/WhatsApp-Image-2022-05-27-at-15.40.10.jpeg\" \/>\n\t<meta property=\"og:image:width\" content=\"700\" \/>\n\t<meta property=\"og:image:height\" content=\"700\" \/>\n\t<meta property=\"og:image:type\" content=\"image\/jpeg\" \/>\n<meta name=\"author\" content=\"Dennis Bravo\" \/>\n<meta name=\"twitter:card\" content=\"summary_large_image\" \/>\n<meta name=\"twitter:image\" content=\"https:\/\/bmj.com.br\/wp-content\/uploads\/2022\/05\/WhatsApp-Image-2022-05-27-at-15.40.10.jpeg\" \/>\n<meta name=\"twitter:creator\" content=\"@BMJconsultoria\" \/>\n<meta name=\"twitter:site\" content=\"@BMJconsultoria\" \/>\n<meta name=\"twitter:label1\" content=\"Written by\" \/>\n\t<meta name=\"twitter:data1\" content=\"Dennis Bravo\" \/>\n\t<meta name=\"twitter:label2\" content=\"Est. reading time\" \/>\n\t<meta name=\"twitter:data2\" content=\"3 minutes\" \/>\n<script type=\"application\/ld+json\" class=\"yoast-schema-graph\">{\"@context\":\"https:\\\/\\\/schema.org\",\"@graph\":[{\"@type\":\"Article\",\"@id\":\"https:\\\/\\\/bmj.com.br\\\/davos-terceira-via-e-camara-dos-deputados\\\/#article\",\"isPartOf\":{\"@id\":\"https:\\\/\\\/bmj.com.br\\\/davos-terceira-via-e-camara-dos-deputados\\\/\"},\"author\":{\"name\":\"Dennis Bravo\",\"@id\":\"https:\\\/\\\/bmj.com.br\\\/#\\\/schema\\\/person\\\/e3d3984837d4d1847e83b4197aa02975\"},\"headline\":\"Davos, Terceira Via e C\u00e2mara dos Deputados\",\"datePublished\":\"2022-05-27T18:49:59+00:00\",\"dateModified\":\"2023-06-28T17:22:56+00:00\",\"mainEntityOfPage\":{\"@id\":\"https:\\\/\\\/bmj.com.br\\\/davos-terceira-via-e-camara-dos-deputados\\\/\"},\"wordCount\":465,\"commentCount\":0,\"publisher\":{\"@id\":\"https:\\\/\\\/bmj.com.br\\\/#organization\"},\"image\":{\"@id\":\"https:\\\/\\\/bmj.com.br\\\/davos-terceira-via-e-camara-dos-deputados\\\/#primaryimage\"},\"thumbnailUrl\":\"https:\\\/\\\/bmj.com.br\\\/wp-content\\\/uploads\\\/2022\\\/05\\\/WhatsApp-Image-2022-05-27-at-15.40.10.jpeg\",\"articleSection\":[\"BMJ\",\"Epis\u00f3dios\",\"Podcast\"],\"inLanguage\":\"en-US\",\"potentialAction\":[{\"@type\":\"CommentAction\",\"name\":\"Comment\",\"target\":[\"https:\\\/\\\/bmj.com.br\\\/davos-terceira-via-e-camara-dos-deputados\\\/#respond\"]}]},{\"@type\":\"WebPage\",\"@id\":\"https:\\\/\\\/bmj.com.br\\\/davos-terceira-via-e-camara-dos-deputados\\\/\",\"url\":\"https:\\\/\\\/bmj.com.br\\\/davos-terceira-via-e-camara-dos-deputados\\\/\",\"name\":\"Davos, Terceira Via e C\u00e2mara dos Deputados - BMJ\",\"isPartOf\":{\"@id\":\"https:\\\/\\\/bmj.com.br\\\/#website\"},\"primaryImageOfPage\":{\"@id\":\"https:\\\/\\\/bmj.com.br\\\/davos-terceira-via-e-camara-dos-deputados\\\/#primaryimage\"},\"image\":{\"@id\":\"https:\\\/\\\/bmj.com.br\\\/davos-terceira-via-e-camara-dos-deputados\\\/#primaryimage\"},\"thumbnailUrl\":\"https:\\\/\\\/bmj.com.br\\\/wp-content\\\/uploads\\\/2022\\\/05\\\/WhatsApp-Image-2022-05-27-at-15.40.10.jpeg\",\"datePublished\":\"2022-05-27T18:49:59+00:00\",\"dateModified\":\"2023-06-28T17:22:56+00:00\",\"breadcrumb\":{\"@id\":\"https:\\\/\\\/bmj.com.br\\\/davos-terceira-via-e-camara-dos-deputados\\\/#breadcrumb\"},\"inLanguage\":\"en-US\",\"potentialAction\":[{\"@type\":\"ReadAction\",\"target\":[\"https:\\\/\\\/bmj.com.br\\\/davos-terceira-via-e-camara-dos-deputados\\\/\"]}]},{\"@type\":\"ImageObject\",\"inLanguage\":\"en-US\",\"@id\":\"https:\\\/\\\/bmj.com.br\\\/davos-terceira-via-e-camara-dos-deputados\\\/#primaryimage\",\"url\":\"https:\\\/\\\/bmj.com.br\\\/wp-content\\\/uploads\\\/2022\\\/05\\\/WhatsApp-Image-2022-05-27-at-15.40.10.jpeg\",\"contentUrl\":\"https:\\\/\\\/bmj.com.br\\\/wp-content\\\/uploads\\\/2022\\\/05\\\/WhatsApp-Image-2022-05-27-at-15.40.10.jpeg\",\"width\":700,\"height\":700},{\"@type\":\"BreadcrumbList\",\"@id\":\"https:\\\/\\\/bmj.com.br\\\/davos-terceira-via-e-camara-dos-deputados\\\/#breadcrumb\",\"itemListElement\":[{\"@type\":\"ListItem\",\"position\":1,\"name\":\"Home\",\"item\":\"https:\\\/\\\/bmj.com.br\\\/\"},{\"@type\":\"ListItem\",\"position\":2,\"name\":\"Davos, Terceira Via e C\u00e2mara dos Deputados\"}]},{\"@type\":\"WebSite\",\"@id\":\"https:\\\/\\\/bmj.com.br\\\/#website\",\"url\":\"https:\\\/\\\/bmj.com.br\\\/\",\"name\":\"BMJ\",\"description\":\"Consultores Associados\",\"publisher\":{\"@id\":\"https:\\\/\\\/bmj.com.br\\\/#organization\"},\"potentialAction\":[{\"@type\":\"SearchAction\",\"target\":{\"@type\":\"EntryPoint\",\"urlTemplate\":\"https:\\\/\\\/bmj.com.br\\\/?s={search_term_string}\"},\"query-input\":{\"@type\":\"PropertyValueSpecification\",\"valueRequired\":true,\"valueName\":\"search_term_string\"}}],\"inLanguage\":\"en-US\"},{\"@type\":\"Organization\",\"@id\":\"https:\\\/\\\/bmj.com.br\\\/#organization\",\"name\":\"BMJ Consultoria\",\"url\":\"https:\\\/\\\/bmj.com.br\\\/\",\"logo\":{\"@type\":\"ImageObject\",\"inLanguage\":\"en-US\",\"@id\":\"https:\\\/\\\/bmj.com.br\\\/#\\\/schema\\\/logo\\\/image\\\/\",\"url\":\"\",\"contentUrl\":\"\",\"caption\":\"BMJ Consultoria\"},\"image\":{\"@id\":\"https:\\\/\\\/bmj.com.br\\\/#\\\/schema\\\/logo\\\/image\\\/\"},\"sameAs\":[\"https:\\\/\\\/www.facebook.com\\\/BMJAssociados\\\/?ref=ts\",\"https:\\\/\\\/x.com\\\/BMJconsultoria\",\"https:\\\/\\\/www.instagram.com\\\/bmjconsultoria\\\/\",\"https:\\\/\\\/www.linkedin.com\\\/company\\\/bmjconsultoresassociados\\\/?originalSubdomain=br\",\"https:\\\/\\\/www.youtube.com\\\/user\\\/bmjconsultoria\"]},{\"@type\":\"Person\",\"@id\":\"https:\\\/\\\/bmj.com.br\\\/#\\\/schema\\\/person\\\/e3d3984837d4d1847e83b4197aa02975\",\"name\":\"Dennis Bravo\",\"image\":{\"@type\":\"ImageObject\",\"inLanguage\":\"en-US\",\"@id\":\"https:\\\/\\\/secure.gravatar.com\\\/avatar\\\/6a711d6eb2c762e1fa0b1af3d0183adea3563153cc8b6e8820177b2fec199793?s=96&d=mm&r=g\",\"url\":\"https:\\\/\\\/secure.gravatar.com\\\/avatar\\\/6a711d6eb2c762e1fa0b1af3d0183adea3563153cc8b6e8820177b2fec199793?s=96&d=mm&r=g\",\"contentUrl\":\"https:\\\/\\\/secure.gravatar.com\\\/avatar\\\/6a711d6eb2c762e1fa0b1af3d0183adea3563153cc8b6e8820177b2fec199793?s=96&d=mm&r=g\",\"caption\":\"Dennis Bravo\"},\"url\":\"https:\\\/\\\/bmj.com.br\\\/en\\\/author\\\/matheus-rossi\\\/\"}]}<\/script>\n<!-- \/ Yoast SEO plugin. -->","yoast_head_json":{"title":"Davos, Terceira Via e C\u00e2mara dos Deputados - BMJ","robots":{"index":"index","follow":"follow","max-snippet":"max-snippet:-1","max-image-preview":"max-image-preview:large","max-video-preview":"max-video-preview:-1"},"canonical":"https:\/\/bmj.com.br\/en\/davos-terceira-via-e-camara-dos-deputados\/","og_locale":"en_US","og_type":"article","og_title":"Davos, Terceira Via e C\u00e2mara dos Deputados - BMJ","og_description":"A pandemia global, a guerra na Ucr\u00e2nia, as crises geoecon\u00f4micas e as mudan\u00e7as clim\u00e1ticas: esses foram os principais temas discutidos durante o F\u00f3rum Econ\u00f4mico Mundial (FEM), conhecido por suas reuni\u00f5es...","og_url":"https:\/\/bmj.com.br\/en\/davos-terceira-via-e-camara-dos-deputados\/","og_site_name":"BMJ","article_publisher":"https:\/\/www.facebook.com\/BMJAssociados\/?ref=ts","article_published_time":"2022-05-27T18:49:59+00:00","article_modified_time":"2023-06-28T17:22:56+00:00","og_image":[{"width":700,"height":700,"url":"https:\/\/bmj.com.br\/wp-content\/uploads\/2022\/05\/WhatsApp-Image-2022-05-27-at-15.40.10.jpeg","type":"image\/jpeg"}],"author":"Dennis Bravo","twitter_card":"summary_large_image","twitter_image":"https:\/\/bmj.com.br\/wp-content\/uploads\/2022\/05\/WhatsApp-Image-2022-05-27-at-15.40.10.jpeg","twitter_creator":"@BMJconsultoria","twitter_site":"@BMJconsultoria","twitter_misc":{"Written by":"Dennis Bravo","Est. reading time":"3 minutes"},"schema":{"@context":"https:\/\/schema.org","@graph":[{"@type":"Article","@id":"https:\/\/bmj.com.br\/davos-terceira-via-e-camara-dos-deputados\/#article","isPartOf":{"@id":"https:\/\/bmj.com.br\/davos-terceira-via-e-camara-dos-deputados\/"},"author":{"name":"Dennis Bravo","@id":"https:\/\/bmj.com.br\/#\/schema\/person\/e3d3984837d4d1847e83b4197aa02975"},"headline":"Davos, Terceira Via e C\u00e2mara dos Deputados","datePublished":"2022-05-27T18:49:59+00:00","dateModified":"2023-06-28T17:22:56+00:00","mainEntityOfPage":{"@id":"https:\/\/bmj.com.br\/davos-terceira-via-e-camara-dos-deputados\/"},"wordCount":465,"commentCount":0,"publisher":{"@id":"https:\/\/bmj.com.br\/#organization"},"image":{"@id":"https:\/\/bmj.com.br\/davos-terceira-via-e-camara-dos-deputados\/#primaryimage"},"thumbnailUrl":"https:\/\/bmj.com.br\/wp-content\/uploads\/2022\/05\/WhatsApp-Image-2022-05-27-at-15.40.10.jpeg","articleSection":["BMJ","Epis\u00f3dios","Podcast"],"inLanguage":"en-US","potentialAction":[{"@type":"CommentAction","name":"Comment","target":["https:\/\/bmj.com.br\/davos-terceira-via-e-camara-dos-deputados\/#respond"]}]},{"@type":"WebPage","@id":"https:\/\/bmj.com.br\/davos-terceira-via-e-camara-dos-deputados\/","url":"https:\/\/bmj.com.br\/davos-terceira-via-e-camara-dos-deputados\/","name":"Davos, Terceira Via e C\u00e2mara dos Deputados - BMJ","isPartOf":{"@id":"https:\/\/bmj.com.br\/#website"},"primaryImageOfPage":{"@id":"https:\/\/bmj.com.br\/davos-terceira-via-e-camara-dos-deputados\/#primaryimage"},"image":{"@id":"https:\/\/bmj.com.br\/davos-terceira-via-e-camara-dos-deputados\/#primaryimage"},"thumbnailUrl":"https:\/\/bmj.com.br\/wp-content\/uploads\/2022\/05\/WhatsApp-Image-2022-05-27-at-15.40.10.jpeg","datePublished":"2022-05-27T18:49:59+00:00","dateModified":"2023-06-28T17:22:56+00:00","breadcrumb":{"@id":"https:\/\/bmj.com.br\/davos-terceira-via-e-camara-dos-deputados\/#breadcrumb"},"inLanguage":"en-US","potentialAction":[{"@type":"ReadAction","target":["https:\/\/bmj.com.br\/davos-terceira-via-e-camara-dos-deputados\/"]}]},{"@type":"ImageObject","inLanguage":"en-US","@id":"https:\/\/bmj.com.br\/davos-terceira-via-e-camara-dos-deputados\/#primaryimage","url":"https:\/\/bmj.com.br\/wp-content\/uploads\/2022\/05\/WhatsApp-Image-2022-05-27-at-15.40.10.jpeg","contentUrl":"https:\/\/bmj.com.br\/wp-content\/uploads\/2022\/05\/WhatsApp-Image-2022-05-27-at-15.40.10.jpeg","width":700,"height":700},{"@type":"BreadcrumbList","@id":"https:\/\/bmj.com.br\/davos-terceira-via-e-camara-dos-deputados\/#breadcrumb","itemListElement":[{"@type":"ListItem","position":1,"name":"Home","item":"https:\/\/bmj.com.br\/"},{"@type":"ListItem","position":2,"name":"Davos, Terceira Via e C\u00e2mara dos Deputados"}]},{"@type":"WebSite","@id":"https:\/\/bmj.com.br\/#website","url":"https:\/\/bmj.com.br\/","name":"BMJ","description":"Consultores Associados","publisher":{"@id":"https:\/\/bmj.com.br\/#organization"},"potentialAction":[{"@type":"SearchAction","target":{"@type":"EntryPoint","urlTemplate":"https:\/\/bmj.com.br\/?s={search_term_string}"},"query-input":{"@type":"PropertyValueSpecification","valueRequired":true,"valueName":"search_term_string"}}],"inLanguage":"en-US"},{"@type":"Organization","@id":"https:\/\/bmj.com.br\/#organization","name":"BMJ Consultoria","url":"https:\/\/bmj.com.br\/","logo":{"@type":"ImageObject","inLanguage":"en-US","@id":"https:\/\/bmj.com.br\/#\/schema\/logo\/image\/","url":"","contentUrl":"","caption":"BMJ Consultoria"},"image":{"@id":"https:\/\/bmj.com.br\/#\/schema\/logo\/image\/"},"sameAs":["https:\/\/www.facebook.com\/BMJAssociados\/?ref=ts","https:\/\/x.com\/BMJconsultoria","https:\/\/www.instagram.com\/bmjconsultoria\/","https:\/\/www.linkedin.com\/company\/bmjconsultoresassociados\/?originalSubdomain=br","https:\/\/www.youtube.com\/user\/bmjconsultoria"]},{"@type":"Person","@id":"https:\/\/bmj.com.br\/#\/schema\/person\/e3d3984837d4d1847e83b4197aa02975","name":"Dennis Bravo","image":{"@type":"ImageObject","inLanguage":"en-US","@id":"https:\/\/secure.gravatar.com\/avatar\/6a711d6eb2c762e1fa0b1af3d0183adea3563153cc8b6e8820177b2fec199793?s=96&d=mm&r=g","url":"https:\/\/secure.gravatar.com\/avatar\/6a711d6eb2c762e1fa0b1af3d0183adea3563153cc8b6e8820177b2fec199793?s=96&d=mm&r=g","contentUrl":"https:\/\/secure.gravatar.com\/avatar\/6a711d6eb2c762e1fa0b1af3d0183adea3563153cc8b6e8820177b2fec199793?s=96&d=mm&r=g","caption":"Dennis Bravo"},"url":"https:\/\/bmj.com.br\/en\/author\/matheus-rossi\/"}]}},"_links":{"self":[{"href":"https:\/\/bmj.com.br\/en\/wp-json\/wp\/v2\/posts\/58796","targetHints":{"allow":["GET"]}}],"collection":[{"href":"https:\/\/bmj.com.br\/en\/wp-json\/wp\/v2\/posts"}],"about":[{"href":"https:\/\/bmj.com.br\/en\/wp-json\/wp\/v2\/types\/post"}],"author":[{"embeddable":true,"href":"https:\/\/bmj.com.br\/en\/wp-json\/wp\/v2\/users\/15"}],"replies":[{"embeddable":true,"href":"https:\/\/bmj.com.br\/en\/wp-json\/wp\/v2\/comments?post=58796"}],"version-history":[{"count":1,"href":"https:\/\/bmj.com.br\/en\/wp-json\/wp\/v2\/posts\/58796\/revisions"}],"predecessor-version":[{"id":58803,"href":"https:\/\/bmj.com.br\/en\/wp-json\/wp\/v2\/posts\/58796\/revisions\/58803"}],"wp:featuredmedia":[{"embeddable":true,"href":"https:\/\/bmj.com.br\/en\/wp-json\/wp\/v2\/media\/58800"}],"wp:attachment":[{"href":"https:\/\/bmj.com.br\/en\/wp-json\/wp\/v2\/media?parent=58796"}],"wp:term":[{"taxonomy":"category","embeddable":true,"href":"https:\/\/bmj.com.br\/en\/wp-json\/wp\/v2\/categories?post=58796"},{"taxonomy":"post_tag","embeddable":true,"href":"https:\/\/bmj.com.br\/en\/wp-json\/wp\/v2\/tags?post=58796"}],"curies":[{"name":"wp","href":"https:\/\/api.w.org\/{rel}","templated":true}]}}