{"id":60675,"date":"2023-01-06T15:33:43","date_gmt":"2023-01-06T18:33:43","guid":{"rendered":"https:\/\/bmj.com.br\/?p=60675"},"modified":"2023-01-06T16:19:28","modified_gmt":"2023-01-06T19:19:28","slug":"lula-3-primeiros-dias-de-governo","status":"publish","type":"post","link":"https:\/\/bmj.com.br\/en\/lula-3-primeiros-dias-de-governo\/","title":{"rendered":"Lula 3: primeiros dias de governo"},"content":{"rendered":"<p>As Elei\u00e7\u00f5es de 2022 ficar\u00e3o marcadas na hist\u00f3ria como um dos per\u00edodos pol\u00edticos mais delicados da democracia brasileira. Passados os dias mais decisivos, Lula da Silva foi empossado no primeiro domingo do ano cercado de um forte esquema de seguran\u00e7a. Os trabalhos j\u00e1 iniciaram nos primeiros instantes ap\u00f3s a posse, e neste epis\u00f3dio reunimos nossos consultores \u00c9rico Oyama, Fernanda C\u00e9sar, Lucas Fernandes e Raquel Alves para fazerem uma an\u00e1lise exclusiva sobre o in\u00edcio do Governo Lula 3.<\/p>\n<p>O forte simbolismo vis\u00edvel na apresenta\u00e7\u00e3o do Presidente e do Vice-presidente, nas roupas, nos discursos de Lula no Congresso Nacional e no evento organizado para a posse, foram comparados com o governo anterior e chamaram a aten\u00e7\u00e3o em todo o mundo.<\/p>\n<p>Nossos consultores analisam tamb\u00e9m neste epis\u00f3dio a primeira semana de governo que foi extremamente movimentada em Bras\u00edlia. Ap\u00f3s muitas negocia\u00e7\u00f5es, Simone Tebet ficou com a pasta de Planejamento e Or\u00e7amento, e n\u00e3o com a pasta de Desenvolvimento Social como almejava. Apesar disso, a movimenta\u00e7\u00e3o foi uma conquista importante, j\u00e1 que Tebet n\u00e3o contou com o total apoio do MDB. Outra posse marcante foi a de Marina Silva, que retorna ao comando do Meio Ambiente ap\u00f3s 14 anos desde sua primeira gest\u00e3o.<\/p>\n<p>Nossos especialistas comentam tamb\u00e9m os desafios de Fernando Haddad que assume a Fazenda e analisam a nova conjuntura de ministros que assumem posse no novo governo. Voc\u00ea tamb\u00e9m confere neste epis\u00f3dio as primeiras movimenta\u00e7\u00f5es no Congresso Nacional. Apesar do recesso, os parlamentares trabalham nos bastidores e j\u00e1 desenham o cen\u00e1rio pol\u00edtico que Lula deve enfrentar nos pr\u00f3ximos quatro anos.<\/p>\n<p>Clique e ou\u00e7a o epis\u00f3dio dessa semana!<\/p>","protected":false},"excerpt":{"rendered":"<p>As Elei\u00e7\u00f5es de 2022 ficar\u00e3o marcadas na hist\u00f3ria como um dos per\u00edodos pol\u00edticos mais delicados da democracia brasileira. Passados os dias mais decisivos, Lula da Silva foi empossado no primeiro&#8230;<\/p>","protected":false},"author":15,"featured_media":60676,"comment_status":"open","ping_status":"open","sticky":false,"template":"","format":"standard","meta":{"_acf_changed":false,"_exactmetrics_skip_tracking":false,"_exactmetrics_sitenote_active":false,"_exactmetrics_sitenote_note":"","_exactmetrics_sitenote_category":0,"footnotes":""},"categories":[1,696,686],"tags":[],"class_list":{"0":"post-60675","1":"post","2":"type-post","3":"status-publish","4":"format-standard","5":"has-post-thumbnail","7":"category-bmj","8":"category-episodios","9":"category-podcast"},"acf":[],"yoast_head":"<!-- This site is optimized with the Yoast SEO plugin v27.4 - https:\/\/yoast.com\/product\/yoast-seo-wordpress\/ -->\n<title>Lula 3: primeiros dias de governo - BMJ<\/title>\n<meta name=\"robots\" content=\"index, follow, max-snippet:-1, max-image-preview:large, max-video-preview:-1\" \/>\n<link rel=\"canonical\" href=\"https:\/\/bmj.com.br\/en\/lula-3-primeiros-dias-de-governo\/\" \/>\n<meta property=\"og:locale\" content=\"en_US\" \/>\n<meta property=\"og:type\" content=\"article\" \/>\n<meta property=\"og:title\" content=\"Lula 3: primeiros dias de governo - BMJ\" \/>\n<meta property=\"og:description\" content=\"As Elei\u00e7\u00f5es de 2022 ficar\u00e3o marcadas na hist\u00f3ria como um dos per\u00edodos pol\u00edticos mais delicados da democracia brasileira. Passados os dias mais decisivos, Lula da Silva foi empossado no primeiro...\" \/>\n<meta property=\"og:url\" content=\"https:\/\/bmj.com.br\/en\/lula-3-primeiros-dias-de-governo\/\" \/>\n<meta property=\"og:site_name\" content=\"BMJ\" \/>\n<meta property=\"article:publisher\" content=\"https:\/\/www.facebook.com\/BMJAssociados\/?ref=ts\" \/>\n<meta property=\"article:published_time\" content=\"2023-01-06T18:33:43+00:00\" \/>\n<meta property=\"article:modified_time\" content=\"2023-01-06T19:19:28+00:00\" \/>\n<meta property=\"og:image\" content=\"https:\/\/bmj.com.br\/wp-content\/uploads\/2023\/01\/WhatsApp-Image-2023-01-06-at-14.58.33.jpeg\" \/>\n\t<meta property=\"og:image:width\" content=\"1000\" \/>\n\t<meta property=\"og:image:height\" content=\"1000\" \/>\n\t<meta property=\"og:image:type\" content=\"image\/jpeg\" \/>\n<meta name=\"author\" content=\"Dennis Bravo\" \/>\n<meta name=\"twitter:card\" content=\"summary_large_image\" \/>\n<meta name=\"twitter:creator\" content=\"@BMJconsultoria\" \/>\n<meta name=\"twitter:site\" content=\"@BMJconsultoria\" \/>\n<meta name=\"twitter:label1\" content=\"Written by\" \/>\n\t<meta name=\"twitter:data1\" content=\"Dennis Bravo\" \/>\n\t<meta name=\"twitter:label2\" content=\"Est. reading time\" \/>\n\t<meta name=\"twitter:data2\" content=\"2 minutes\" \/>\n<script type=\"application\/ld+json\" class=\"yoast-schema-graph\">{\"@context\":\"https:\\\/\\\/schema.org\",\"@graph\":[{\"@type\":\"Article\",\"@id\":\"https:\\\/\\\/bmj.com.br\\\/es\\\/lula-3-primeiros-dias-de-governo\\\/#article\",\"isPartOf\":{\"@id\":\"https:\\\/\\\/bmj.com.br\\\/es\\\/lula-3-primeiros-dias-de-governo\\\/\"},\"author\":{\"name\":\"Dennis Bravo\",\"@id\":\"https:\\\/\\\/bmj.com.br\\\/#\\\/schema\\\/person\\\/e3d3984837d4d1847e83b4197aa02975\"},\"headline\":\"Lula 3: primeiros dias de governo\",\"datePublished\":\"2023-01-06T18:33:43+00:00\",\"dateModified\":\"2023-01-06T19:19:28+00:00\",\"mainEntityOfPage\":{\"@id\":\"https:\\\/\\\/bmj.com.br\\\/es\\\/lula-3-primeiros-dias-de-governo\\\/\"},\"wordCount\":301,\"commentCount\":0,\"publisher\":{\"@id\":\"https:\\\/\\\/bmj.com.br\\\/#organization\"},\"image\":{\"@id\":\"https:\\\/\\\/bmj.com.br\\\/es\\\/lula-3-primeiros-dias-de-governo\\\/#primaryimage\"},\"thumbnailUrl\":\"https:\\\/\\\/bmj.com.br\\\/wp-content\\\/uploads\\\/2023\\\/01\\\/WhatsApp-Image-2023-01-06-at-14.58.33.jpeg\",\"articleSection\":[\"BMJ\",\"Epis\u00f3dios\",\"Podcast\"],\"inLanguage\":\"en-US\",\"potentialAction\":[{\"@type\":\"CommentAction\",\"name\":\"Comment\",\"target\":[\"https:\\\/\\\/bmj.com.br\\\/es\\\/lula-3-primeiros-dias-de-governo\\\/#respond\"]}]},{\"@type\":\"WebPage\",\"@id\":\"https:\\\/\\\/bmj.com.br\\\/es\\\/lula-3-primeiros-dias-de-governo\\\/\",\"url\":\"https:\\\/\\\/bmj.com.br\\\/es\\\/lula-3-primeiros-dias-de-governo\\\/\",\"name\":\"Lula 3: primeiros dias de governo - BMJ\",\"isPartOf\":{\"@id\":\"https:\\\/\\\/bmj.com.br\\\/#website\"},\"primaryImageOfPage\":{\"@id\":\"https:\\\/\\\/bmj.com.br\\\/es\\\/lula-3-primeiros-dias-de-governo\\\/#primaryimage\"},\"image\":{\"@id\":\"https:\\\/\\\/bmj.com.br\\\/es\\\/lula-3-primeiros-dias-de-governo\\\/#primaryimage\"},\"thumbnailUrl\":\"https:\\\/\\\/bmj.com.br\\\/wp-content\\\/uploads\\\/2023\\\/01\\\/WhatsApp-Image-2023-01-06-at-14.58.33.jpeg\",\"datePublished\":\"2023-01-06T18:33:43+00:00\",\"dateModified\":\"2023-01-06T19:19:28+00:00\",\"breadcrumb\":{\"@id\":\"https:\\\/\\\/bmj.com.br\\\/es\\\/lula-3-primeiros-dias-de-governo\\\/#breadcrumb\"},\"inLanguage\":\"en-US\",\"potentialAction\":[{\"@type\":\"ReadAction\",\"target\":[\"https:\\\/\\\/bmj.com.br\\\/es\\\/lula-3-primeiros-dias-de-governo\\\/\"]}]},{\"@type\":\"ImageObject\",\"inLanguage\":\"en-US\",\"@id\":\"https:\\\/\\\/bmj.com.br\\\/es\\\/lula-3-primeiros-dias-de-governo\\\/#primaryimage\",\"url\":\"https:\\\/\\\/bmj.com.br\\\/wp-content\\\/uploads\\\/2023\\\/01\\\/WhatsApp-Image-2023-01-06-at-14.58.33.jpeg\",\"contentUrl\":\"https:\\\/\\\/bmj.com.br\\\/wp-content\\\/uploads\\\/2023\\\/01\\\/WhatsApp-Image-2023-01-06-at-14.58.33.jpeg\",\"width\":1000,\"height\":1000},{\"@type\":\"BreadcrumbList\",\"@id\":\"https:\\\/\\\/bmj.com.br\\\/es\\\/lula-3-primeiros-dias-de-governo\\\/#breadcrumb\",\"itemListElement\":[{\"@type\":\"ListItem\",\"position\":1,\"name\":\"Home\",\"item\":\"https:\\\/\\\/bmj.com.br\\\/\"},{\"@type\":\"ListItem\",\"position\":2,\"name\":\"Lula 3: primeiros dias de governo\"}]},{\"@type\":\"WebSite\",\"@id\":\"https:\\\/\\\/bmj.com.br\\\/#website\",\"url\":\"https:\\\/\\\/bmj.com.br\\\/\",\"name\":\"BMJ\",\"description\":\"Consultores Associados\",\"publisher\":{\"@id\":\"https:\\\/\\\/bmj.com.br\\\/#organization\"},\"potentialAction\":[{\"@type\":\"SearchAction\",\"target\":{\"@type\":\"EntryPoint\",\"urlTemplate\":\"https:\\\/\\\/bmj.com.br\\\/?s={search_term_string}\"},\"query-input\":{\"@type\":\"PropertyValueSpecification\",\"valueRequired\":true,\"valueName\":\"search_term_string\"}}],\"inLanguage\":\"en-US\"},{\"@type\":\"Organization\",\"@id\":\"https:\\\/\\\/bmj.com.br\\\/#organization\",\"name\":\"BMJ Consultoria\",\"url\":\"https:\\\/\\\/bmj.com.br\\\/\",\"logo\":{\"@type\":\"ImageObject\",\"inLanguage\":\"en-US\",\"@id\":\"https:\\\/\\\/bmj.com.br\\\/#\\\/schema\\\/logo\\\/image\\\/\",\"url\":\"\",\"contentUrl\":\"\",\"caption\":\"BMJ Consultoria\"},\"image\":{\"@id\":\"https:\\\/\\\/bmj.com.br\\\/#\\\/schema\\\/logo\\\/image\\\/\"},\"sameAs\":[\"https:\\\/\\\/www.facebook.com\\\/BMJAssociados\\\/?ref=ts\",\"https:\\\/\\\/x.com\\\/BMJconsultoria\",\"https:\\\/\\\/www.instagram.com\\\/bmjconsultoria\\\/\",\"https:\\\/\\\/www.linkedin.com\\\/company\\\/bmjconsultoresassociados\\\/?originalSubdomain=br\",\"https:\\\/\\\/www.youtube.com\\\/user\\\/bmjconsultoria\"]},{\"@type\":\"Person\",\"@id\":\"https:\\\/\\\/bmj.com.br\\\/#\\\/schema\\\/person\\\/e3d3984837d4d1847e83b4197aa02975\",\"name\":\"Dennis Bravo\",\"image\":{\"@type\":\"ImageObject\",\"inLanguage\":\"en-US\",\"@id\":\"https:\\\/\\\/secure.gravatar.com\\\/avatar\\\/6a711d6eb2c762e1fa0b1af3d0183adea3563153cc8b6e8820177b2fec199793?s=96&d=mm&r=g\",\"url\":\"https:\\\/\\\/secure.gravatar.com\\\/avatar\\\/6a711d6eb2c762e1fa0b1af3d0183adea3563153cc8b6e8820177b2fec199793?s=96&d=mm&r=g\",\"contentUrl\":\"https:\\\/\\\/secure.gravatar.com\\\/avatar\\\/6a711d6eb2c762e1fa0b1af3d0183adea3563153cc8b6e8820177b2fec199793?s=96&d=mm&r=g\",\"caption\":\"Dennis Bravo\"},\"url\":\"https:\\\/\\\/bmj.com.br\\\/en\\\/author\\\/matheus-rossi\\\/\"}]}<\/script>\n<!-- \/ Yoast SEO plugin. -->","yoast_head_json":{"title":"Lula 3: primeiros dias de governo - BMJ","robots":{"index":"index","follow":"follow","max-snippet":"max-snippet:-1","max-image-preview":"max-image-preview:large","max-video-preview":"max-video-preview:-1"},"canonical":"https:\/\/bmj.com.br\/en\/lula-3-primeiros-dias-de-governo\/","og_locale":"en_US","og_type":"article","og_title":"Lula 3: primeiros dias de governo - BMJ","og_description":"As Elei\u00e7\u00f5es de 2022 ficar\u00e3o marcadas na hist\u00f3ria como um dos per\u00edodos pol\u00edticos mais delicados da democracia brasileira. Passados os dias mais decisivos, Lula da Silva foi empossado no primeiro...","og_url":"https:\/\/bmj.com.br\/en\/lula-3-primeiros-dias-de-governo\/","og_site_name":"BMJ","article_publisher":"https:\/\/www.facebook.com\/BMJAssociados\/?ref=ts","article_published_time":"2023-01-06T18:33:43+00:00","article_modified_time":"2023-01-06T19:19:28+00:00","og_image":[{"width":1000,"height":1000,"url":"https:\/\/bmj.com.br\/wp-content\/uploads\/2023\/01\/WhatsApp-Image-2023-01-06-at-14.58.33.jpeg","type":"image\/jpeg"}],"author":"Dennis Bravo","twitter_card":"summary_large_image","twitter_creator":"@BMJconsultoria","twitter_site":"@BMJconsultoria","twitter_misc":{"Written by":"Dennis Bravo","Est. reading time":"2 minutes"},"schema":{"@context":"https:\/\/schema.org","@graph":[{"@type":"Article","@id":"https:\/\/bmj.com.br\/es\/lula-3-primeiros-dias-de-governo\/#article","isPartOf":{"@id":"https:\/\/bmj.com.br\/es\/lula-3-primeiros-dias-de-governo\/"},"author":{"name":"Dennis Bravo","@id":"https:\/\/bmj.com.br\/#\/schema\/person\/e3d3984837d4d1847e83b4197aa02975"},"headline":"Lula 3: primeiros dias de governo","datePublished":"2023-01-06T18:33:43+00:00","dateModified":"2023-01-06T19:19:28+00:00","mainEntityOfPage":{"@id":"https:\/\/bmj.com.br\/es\/lula-3-primeiros-dias-de-governo\/"},"wordCount":301,"commentCount":0,"publisher":{"@id":"https:\/\/bmj.com.br\/#organization"},"image":{"@id":"https:\/\/bmj.com.br\/es\/lula-3-primeiros-dias-de-governo\/#primaryimage"},"thumbnailUrl":"https:\/\/bmj.com.br\/wp-content\/uploads\/2023\/01\/WhatsApp-Image-2023-01-06-at-14.58.33.jpeg","articleSection":["BMJ","Epis\u00f3dios","Podcast"],"inLanguage":"en-US","potentialAction":[{"@type":"CommentAction","name":"Comment","target":["https:\/\/bmj.com.br\/es\/lula-3-primeiros-dias-de-governo\/#respond"]}]},{"@type":"WebPage","@id":"https:\/\/bmj.com.br\/es\/lula-3-primeiros-dias-de-governo\/","url":"https:\/\/bmj.com.br\/es\/lula-3-primeiros-dias-de-governo\/","name":"Lula 3: primeiros dias de governo - BMJ","isPartOf":{"@id":"https:\/\/bmj.com.br\/#website"},"primaryImageOfPage":{"@id":"https:\/\/bmj.com.br\/es\/lula-3-primeiros-dias-de-governo\/#primaryimage"},"image":{"@id":"https:\/\/bmj.com.br\/es\/lula-3-primeiros-dias-de-governo\/#primaryimage"},"thumbnailUrl":"https:\/\/bmj.com.br\/wp-content\/uploads\/2023\/01\/WhatsApp-Image-2023-01-06-at-14.58.33.jpeg","datePublished":"2023-01-06T18:33:43+00:00","dateModified":"2023-01-06T19:19:28+00:00","breadcrumb":{"@id":"https:\/\/bmj.com.br\/es\/lula-3-primeiros-dias-de-governo\/#breadcrumb"},"inLanguage":"en-US","potentialAction":[{"@type":"ReadAction","target":["https:\/\/bmj.com.br\/es\/lula-3-primeiros-dias-de-governo\/"]}]},{"@type":"ImageObject","inLanguage":"en-US","@id":"https:\/\/bmj.com.br\/es\/lula-3-primeiros-dias-de-governo\/#primaryimage","url":"https:\/\/bmj.com.br\/wp-content\/uploads\/2023\/01\/WhatsApp-Image-2023-01-06-at-14.58.33.jpeg","contentUrl":"https:\/\/bmj.com.br\/wp-content\/uploads\/2023\/01\/WhatsApp-Image-2023-01-06-at-14.58.33.jpeg","width":1000,"height":1000},{"@type":"BreadcrumbList","@id":"https:\/\/bmj.com.br\/es\/lula-3-primeiros-dias-de-governo\/#breadcrumb","itemListElement":[{"@type":"ListItem","position":1,"name":"Home","item":"https:\/\/bmj.com.br\/"},{"@type":"ListItem","position":2,"name":"Lula 3: primeiros dias de governo"}]},{"@type":"WebSite","@id":"https:\/\/bmj.com.br\/#website","url":"https:\/\/bmj.com.br\/","name":"BMJ","description":"Consultores Associados","publisher":{"@id":"https:\/\/bmj.com.br\/#organization"},"potentialAction":[{"@type":"SearchAction","target":{"@type":"EntryPoint","urlTemplate":"https:\/\/bmj.com.br\/?s={search_term_string}"},"query-input":{"@type":"PropertyValueSpecification","valueRequired":true,"valueName":"search_term_string"}}],"inLanguage":"en-US"},{"@type":"Organization","@id":"https:\/\/bmj.com.br\/#organization","name":"BMJ Consultoria","url":"https:\/\/bmj.com.br\/","logo":{"@type":"ImageObject","inLanguage":"en-US","@id":"https:\/\/bmj.com.br\/#\/schema\/logo\/image\/","url":"","contentUrl":"","caption":"BMJ Consultoria"},"image":{"@id":"https:\/\/bmj.com.br\/#\/schema\/logo\/image\/"},"sameAs":["https:\/\/www.facebook.com\/BMJAssociados\/?ref=ts","https:\/\/x.com\/BMJconsultoria","https:\/\/www.instagram.com\/bmjconsultoria\/","https:\/\/www.linkedin.com\/company\/bmjconsultoresassociados\/?originalSubdomain=br","https:\/\/www.youtube.com\/user\/bmjconsultoria"]},{"@type":"Person","@id":"https:\/\/bmj.com.br\/#\/schema\/person\/e3d3984837d4d1847e83b4197aa02975","name":"Dennis Bravo","image":{"@type":"ImageObject","inLanguage":"en-US","@id":"https:\/\/secure.gravatar.com\/avatar\/6a711d6eb2c762e1fa0b1af3d0183adea3563153cc8b6e8820177b2fec199793?s=96&d=mm&r=g","url":"https:\/\/secure.gravatar.com\/avatar\/6a711d6eb2c762e1fa0b1af3d0183adea3563153cc8b6e8820177b2fec199793?s=96&d=mm&r=g","contentUrl":"https:\/\/secure.gravatar.com\/avatar\/6a711d6eb2c762e1fa0b1af3d0183adea3563153cc8b6e8820177b2fec199793?s=96&d=mm&r=g","caption":"Dennis Bravo"},"url":"https:\/\/bmj.com.br\/en\/author\/matheus-rossi\/"}]}},"_links":{"self":[{"href":"https:\/\/bmj.com.br\/en\/wp-json\/wp\/v2\/posts\/60675","targetHints":{"allow":["GET"]}}],"collection":[{"href":"https:\/\/bmj.com.br\/en\/wp-json\/wp\/v2\/posts"}],"about":[{"href":"https:\/\/bmj.com.br\/en\/wp-json\/wp\/v2\/types\/post"}],"author":[{"embeddable":true,"href":"https:\/\/bmj.com.br\/en\/wp-json\/wp\/v2\/users\/15"}],"replies":[{"embeddable":true,"href":"https:\/\/bmj.com.br\/en\/wp-json\/wp\/v2\/comments?post=60675"}],"version-history":[{"count":1,"href":"https:\/\/bmj.com.br\/en\/wp-json\/wp\/v2\/posts\/60675\/revisions"}],"predecessor-version":[{"id":60682,"href":"https:\/\/bmj.com.br\/en\/wp-json\/wp\/v2\/posts\/60675\/revisions\/60682"}],"wp:featuredmedia":[{"embeddable":true,"href":"https:\/\/bmj.com.br\/en\/wp-json\/wp\/v2\/media\/60676"}],"wp:attachment":[{"href":"https:\/\/bmj.com.br\/en\/wp-json\/wp\/v2\/media?parent=60675"}],"wp:term":[{"taxonomy":"category","embeddable":true,"href":"https:\/\/bmj.com.br\/en\/wp-json\/wp\/v2\/categories?post=60675"},{"taxonomy":"post_tag","embeddable":true,"href":"https:\/\/bmj.com.br\/en\/wp-json\/wp\/v2\/tags?post=60675"}],"curies":[{"name":"wp","href":"https:\/\/api.w.org\/{rel}","templated":true}]}}