{"id":63663,"date":"2024-05-24T15:40:03","date_gmt":"2024-05-24T18:40:03","guid":{"rendered":"https:\/\/bmj.com.br\/?p=63663"},"modified":"2024-05-24T15:40:03","modified_gmt":"2024-05-24T18:40:03","slug":"marcha-dos-prefeitos-rio-grande-do-sul-e-petrobras","status":"publish","type":"post","link":"https:\/\/bmj.com.br\/en\/marcha-dos-prefeitos-rio-grande-do-sul-e-petrobras\/","title":{"rendered":"March of the Mayors, Rio Grande do Sul and Petrobras"},"content":{"rendered":"<p>A expectativa nesta semana \u00e9 de que, em breve, o Congresso Nacional vote o projeto que trata sobre reonera\u00e7\u00e3o de diversos setores e dos munic\u00edpios a partir de 2025. Enquanto isso n\u00e3o acontece, o Presidente Lula da Silva (PT) foi recebido com vaias ao falar na abertura da Marcha dos Prefeitos. O tema vem causando desgaste entre o Governo e o Congresso, e ganha relev\u00e2ncia \u00e0 medida que as Elei\u00e7\u00f5es Municipais se aproximam. Em paralelo, a demiss\u00e3o de Jean Paul Prates da presid\u00eancia da Petrobras deixou o mercado com receios sobre poss\u00edveis interven\u00e7\u00f5es do Governo na estatal e apreensivo em rela\u00e7\u00e3o \u00e0 gest\u00e3o de Magda Chambriard, nome indicado para a posi\u00e7\u00e3o. Neste epis\u00f3dio, nossos consultores Aryell Calmon, \u00c9rico Oyama e Luciana Rodrigues analisam todos esses cen\u00e1rios. Eles tamb\u00e9m trazem atualiza\u00e7\u00f5es sobre as a\u00e7\u00f5es de reconstru\u00e7\u00e3o do Rio Grande do Sul, os impactos pol\u00edticos e as expectativas para as pr\u00f3ximas movimenta\u00e7\u00f5es. Confira!<\/p>","protected":false},"excerpt":{"rendered":"<p>A expectativa nesta semana \u00e9 de que, em breve, o Congresso Nacional vote o projeto que trata sobre reonera\u00e7\u00e3o de diversos setores e dos munic\u00edpios a partir de 2025. Enquanto&#8230;<\/p>","protected":false},"author":15,"featured_media":63664,"comment_status":"closed","ping_status":"closed","sticky":false,"template":"","format":"standard","meta":{"_acf_changed":false,"_exactmetrics_skip_tracking":false,"_exactmetrics_sitenote_active":false,"_exactmetrics_sitenote_note":"","_exactmetrics_sitenote_category":0,"footnotes":""},"categories":[1,696,686],"tags":[],"class_list":{"0":"post-63663","1":"post","2":"type-post","3":"status-publish","4":"format-standard","5":"has-post-thumbnail","7":"category-bmj","8":"category-episodios","9":"category-podcast"},"acf":[],"yoast_head":"<!-- This site is optimized with the Yoast SEO plugin v27.4 - https:\/\/yoast.com\/product\/yoast-seo-wordpress\/ -->\n<title>Marcha dos Prefeitos, Rio Grande do Sul e Petrobras - BMJ<\/title>\n<meta name=\"robots\" content=\"index, follow, max-snippet:-1, max-image-preview:large, max-video-preview:-1\" \/>\n<link rel=\"canonical\" href=\"https:\/\/bmj.com.br\/en\/marcha-dos-prefeitos-rio-grande-do-sul-e-petrobras\/\" \/>\n<meta property=\"og:locale\" content=\"en_US\" \/>\n<meta property=\"og:type\" content=\"article\" \/>\n<meta property=\"og:title\" content=\"Marcha dos Prefeitos, Rio Grande do Sul e Petrobras - BMJ\" \/>\n<meta property=\"og:description\" content=\"A expectativa nesta semana \u00e9 de que, em breve, o Congresso Nacional vote o projeto que trata sobre reonera\u00e7\u00e3o de diversos setores e dos munic\u00edpios a partir de 2025. Enquanto...\" \/>\n<meta property=\"og:url\" content=\"https:\/\/bmj.com.br\/en\/marcha-dos-prefeitos-rio-grande-do-sul-e-petrobras\/\" \/>\n<meta property=\"og:site_name\" content=\"BMJ\" \/>\n<meta property=\"article:publisher\" content=\"https:\/\/www.facebook.com\/BMJAssociados\/?ref=ts\" \/>\n<meta property=\"article:published_time\" content=\"2024-05-24T18:40:03+00:00\" \/>\n<meta property=\"og:image\" content=\"https:\/\/bmj.com.br\/wp-content\/uploads\/2024\/05\/Marcha-dos-Prefeitos-Rio-Grande-do-Sul-e-Petrobras.jpeg\" \/>\n\t<meta property=\"og:image:width\" content=\"1080\" \/>\n\t<meta property=\"og:image:height\" content=\"1080\" \/>\n\t<meta property=\"og:image:type\" content=\"image\/jpeg\" \/>\n<meta name=\"author\" content=\"Dennis Bravo\" \/>\n<meta name=\"twitter:card\" content=\"summary_large_image\" \/>\n<meta name=\"twitter:creator\" content=\"@BMJconsultoria\" \/>\n<meta name=\"twitter:site\" content=\"@BMJconsultoria\" \/>\n<meta name=\"twitter:label1\" content=\"Written by\" \/>\n\t<meta name=\"twitter:data1\" content=\"Dennis Bravo\" \/>\n\t<meta name=\"twitter:label2\" content=\"Est. reading time\" \/>\n\t<meta name=\"twitter:data2\" content=\"2 minutes\" \/>\n<script type=\"application\/ld+json\" class=\"yoast-schema-graph\">{\"@context\":\"https:\\\/\\\/schema.org\",\"@graph\":[{\"@type\":\"Article\",\"@id\":\"https:\\\/\\\/bmj.com.br\\\/marcha-dos-prefeitos-rio-grande-do-sul-e-petrobras\\\/#article\",\"isPartOf\":{\"@id\":\"https:\\\/\\\/bmj.com.br\\\/marcha-dos-prefeitos-rio-grande-do-sul-e-petrobras\\\/\"},\"author\":{\"name\":\"Dennis Bravo\",\"@id\":\"https:\\\/\\\/bmj.com.br\\\/#\\\/schema\\\/person\\\/e3d3984837d4d1847e83b4197aa02975\"},\"headline\":\"Marcha dos Prefeitos, Rio Grande do Sul e Petrobras\",\"datePublished\":\"2024-05-24T18:40:03+00:00\",\"mainEntityOfPage\":{\"@id\":\"https:\\\/\\\/bmj.com.br\\\/marcha-dos-prefeitos-rio-grande-do-sul-e-petrobras\\\/\"},\"wordCount\":177,\"publisher\":{\"@id\":\"https:\\\/\\\/bmj.com.br\\\/#organization\"},\"image\":{\"@id\":\"https:\\\/\\\/bmj.com.br\\\/marcha-dos-prefeitos-rio-grande-do-sul-e-petrobras\\\/#primaryimage\"},\"thumbnailUrl\":\"https:\\\/\\\/bmj.com.br\\\/wp-content\\\/uploads\\\/2024\\\/05\\\/Marcha-dos-Prefeitos-Rio-Grande-do-Sul-e-Petrobras.jpeg\",\"articleSection\":[\"BMJ\",\"Epis\u00f3dios\",\"Podcast\"],\"inLanguage\":\"en-US\"},{\"@type\":\"WebPage\",\"@id\":\"https:\\\/\\\/bmj.com.br\\\/marcha-dos-prefeitos-rio-grande-do-sul-e-petrobras\\\/\",\"url\":\"https:\\\/\\\/bmj.com.br\\\/marcha-dos-prefeitos-rio-grande-do-sul-e-petrobras\\\/\",\"name\":\"Marcha dos Prefeitos, Rio Grande do Sul e Petrobras - BMJ\",\"isPartOf\":{\"@id\":\"https:\\\/\\\/bmj.com.br\\\/#website\"},\"primaryImageOfPage\":{\"@id\":\"https:\\\/\\\/bmj.com.br\\\/marcha-dos-prefeitos-rio-grande-do-sul-e-petrobras\\\/#primaryimage\"},\"image\":{\"@id\":\"https:\\\/\\\/bmj.com.br\\\/marcha-dos-prefeitos-rio-grande-do-sul-e-petrobras\\\/#primaryimage\"},\"thumbnailUrl\":\"https:\\\/\\\/bmj.com.br\\\/wp-content\\\/uploads\\\/2024\\\/05\\\/Marcha-dos-Prefeitos-Rio-Grande-do-Sul-e-Petrobras.jpeg\",\"datePublished\":\"2024-05-24T18:40:03+00:00\",\"breadcrumb\":{\"@id\":\"https:\\\/\\\/bmj.com.br\\\/marcha-dos-prefeitos-rio-grande-do-sul-e-petrobras\\\/#breadcrumb\"},\"inLanguage\":\"en-US\",\"potentialAction\":[{\"@type\":\"ReadAction\",\"target\":[\"https:\\\/\\\/bmj.com.br\\\/marcha-dos-prefeitos-rio-grande-do-sul-e-petrobras\\\/\"]}]},{\"@type\":\"ImageObject\",\"inLanguage\":\"en-US\",\"@id\":\"https:\\\/\\\/bmj.com.br\\\/marcha-dos-prefeitos-rio-grande-do-sul-e-petrobras\\\/#primaryimage\",\"url\":\"https:\\\/\\\/bmj.com.br\\\/wp-content\\\/uploads\\\/2024\\\/05\\\/Marcha-dos-Prefeitos-Rio-Grande-do-Sul-e-Petrobras.jpeg\",\"contentUrl\":\"https:\\\/\\\/bmj.com.br\\\/wp-content\\\/uploads\\\/2024\\\/05\\\/Marcha-dos-Prefeitos-Rio-Grande-do-Sul-e-Petrobras.jpeg\",\"width\":1080,\"height\":1080,\"caption\":\"Marcha dos Prefeitos, Rio Grande do Sul e Petrobras\"},{\"@type\":\"BreadcrumbList\",\"@id\":\"https:\\\/\\\/bmj.com.br\\\/marcha-dos-prefeitos-rio-grande-do-sul-e-petrobras\\\/#breadcrumb\",\"itemListElement\":[{\"@type\":\"ListItem\",\"position\":1,\"name\":\"Home\",\"item\":\"https:\\\/\\\/bmj.com.br\\\/\"},{\"@type\":\"ListItem\",\"position\":2,\"name\":\"Marcha dos Prefeitos, Rio Grande do Sul e Petrobras\"}]},{\"@type\":\"WebSite\",\"@id\":\"https:\\\/\\\/bmj.com.br\\\/#website\",\"url\":\"https:\\\/\\\/bmj.com.br\\\/\",\"name\":\"BMJ\",\"description\":\"Consultores Associados\",\"publisher\":{\"@id\":\"https:\\\/\\\/bmj.com.br\\\/#organization\"},\"potentialAction\":[{\"@type\":\"SearchAction\",\"target\":{\"@type\":\"EntryPoint\",\"urlTemplate\":\"https:\\\/\\\/bmj.com.br\\\/?s={search_term_string}\"},\"query-input\":{\"@type\":\"PropertyValueSpecification\",\"valueRequired\":true,\"valueName\":\"search_term_string\"}}],\"inLanguage\":\"en-US\"},{\"@type\":\"Organization\",\"@id\":\"https:\\\/\\\/bmj.com.br\\\/#organization\",\"name\":\"BMJ Consultoria\",\"url\":\"https:\\\/\\\/bmj.com.br\\\/\",\"logo\":{\"@type\":\"ImageObject\",\"inLanguage\":\"en-US\",\"@id\":\"https:\\\/\\\/bmj.com.br\\\/#\\\/schema\\\/logo\\\/image\\\/\",\"url\":\"\",\"contentUrl\":\"\",\"caption\":\"BMJ Consultoria\"},\"image\":{\"@id\":\"https:\\\/\\\/bmj.com.br\\\/#\\\/schema\\\/logo\\\/image\\\/\"},\"sameAs\":[\"https:\\\/\\\/www.facebook.com\\\/BMJAssociados\\\/?ref=ts\",\"https:\\\/\\\/x.com\\\/BMJconsultoria\",\"https:\\\/\\\/www.instagram.com\\\/bmjconsultoria\\\/\",\"https:\\\/\\\/www.linkedin.com\\\/company\\\/bmjconsultoresassociados\\\/?originalSubdomain=br\",\"https:\\\/\\\/www.youtube.com\\\/user\\\/bmjconsultoria\"]},{\"@type\":\"Person\",\"@id\":\"https:\\\/\\\/bmj.com.br\\\/#\\\/schema\\\/person\\\/e3d3984837d4d1847e83b4197aa02975\",\"name\":\"Dennis Bravo\",\"image\":{\"@type\":\"ImageObject\",\"inLanguage\":\"en-US\",\"@id\":\"https:\\\/\\\/secure.gravatar.com\\\/avatar\\\/6a711d6eb2c762e1fa0b1af3d0183adea3563153cc8b6e8820177b2fec199793?s=96&d=mm&r=g\",\"url\":\"https:\\\/\\\/secure.gravatar.com\\\/avatar\\\/6a711d6eb2c762e1fa0b1af3d0183adea3563153cc8b6e8820177b2fec199793?s=96&d=mm&r=g\",\"contentUrl\":\"https:\\\/\\\/secure.gravatar.com\\\/avatar\\\/6a711d6eb2c762e1fa0b1af3d0183adea3563153cc8b6e8820177b2fec199793?s=96&d=mm&r=g\",\"caption\":\"Dennis Bravo\"},\"url\":\"https:\\\/\\\/bmj.com.br\\\/en\\\/author\\\/matheus-rossi\\\/\"}]}<\/script>\n<!-- \/ Yoast SEO plugin. -->","yoast_head_json":{"title":"Marcha dos Prefeitos, Rio Grande do Sul e Petrobras - BMJ","robots":{"index":"index","follow":"follow","max-snippet":"max-snippet:-1","max-image-preview":"max-image-preview:large","max-video-preview":"max-video-preview:-1"},"canonical":"https:\/\/bmj.com.br\/en\/marcha-dos-prefeitos-rio-grande-do-sul-e-petrobras\/","og_locale":"en_US","og_type":"article","og_title":"Marcha dos Prefeitos, Rio Grande do Sul e Petrobras - BMJ","og_description":"A expectativa nesta semana \u00e9 de que, em breve, o Congresso Nacional vote o projeto que trata sobre reonera\u00e7\u00e3o de diversos setores e dos munic\u00edpios a partir de 2025. Enquanto...","og_url":"https:\/\/bmj.com.br\/en\/marcha-dos-prefeitos-rio-grande-do-sul-e-petrobras\/","og_site_name":"BMJ","article_publisher":"https:\/\/www.facebook.com\/BMJAssociados\/?ref=ts","article_published_time":"2024-05-24T18:40:03+00:00","og_image":[{"width":1080,"height":1080,"url":"https:\/\/bmj.com.br\/wp-content\/uploads\/2024\/05\/Marcha-dos-Prefeitos-Rio-Grande-do-Sul-e-Petrobras.jpeg","type":"image\/jpeg"}],"author":"Dennis Bravo","twitter_card":"summary_large_image","twitter_creator":"@BMJconsultoria","twitter_site":"@BMJconsultoria","twitter_misc":{"Written by":"Dennis Bravo","Est. reading time":"2 minutes"},"schema":{"@context":"https:\/\/schema.org","@graph":[{"@type":"Article","@id":"https:\/\/bmj.com.br\/marcha-dos-prefeitos-rio-grande-do-sul-e-petrobras\/#article","isPartOf":{"@id":"https:\/\/bmj.com.br\/marcha-dos-prefeitos-rio-grande-do-sul-e-petrobras\/"},"author":{"name":"Dennis Bravo","@id":"https:\/\/bmj.com.br\/#\/schema\/person\/e3d3984837d4d1847e83b4197aa02975"},"headline":"Marcha dos Prefeitos, Rio Grande do Sul e Petrobras","datePublished":"2024-05-24T18:40:03+00:00","mainEntityOfPage":{"@id":"https:\/\/bmj.com.br\/marcha-dos-prefeitos-rio-grande-do-sul-e-petrobras\/"},"wordCount":177,"publisher":{"@id":"https:\/\/bmj.com.br\/#organization"},"image":{"@id":"https:\/\/bmj.com.br\/marcha-dos-prefeitos-rio-grande-do-sul-e-petrobras\/#primaryimage"},"thumbnailUrl":"https:\/\/bmj.com.br\/wp-content\/uploads\/2024\/05\/Marcha-dos-Prefeitos-Rio-Grande-do-Sul-e-Petrobras.jpeg","articleSection":["BMJ","Epis\u00f3dios","Podcast"],"inLanguage":"en-US"},{"@type":"WebPage","@id":"https:\/\/bmj.com.br\/marcha-dos-prefeitos-rio-grande-do-sul-e-petrobras\/","url":"https:\/\/bmj.com.br\/marcha-dos-prefeitos-rio-grande-do-sul-e-petrobras\/","name":"Marcha dos Prefeitos, Rio Grande do Sul e Petrobras - BMJ","isPartOf":{"@id":"https:\/\/bmj.com.br\/#website"},"primaryImageOfPage":{"@id":"https:\/\/bmj.com.br\/marcha-dos-prefeitos-rio-grande-do-sul-e-petrobras\/#primaryimage"},"image":{"@id":"https:\/\/bmj.com.br\/marcha-dos-prefeitos-rio-grande-do-sul-e-petrobras\/#primaryimage"},"thumbnailUrl":"https:\/\/bmj.com.br\/wp-content\/uploads\/2024\/05\/Marcha-dos-Prefeitos-Rio-Grande-do-Sul-e-Petrobras.jpeg","datePublished":"2024-05-24T18:40:03+00:00","breadcrumb":{"@id":"https:\/\/bmj.com.br\/marcha-dos-prefeitos-rio-grande-do-sul-e-petrobras\/#breadcrumb"},"inLanguage":"en-US","potentialAction":[{"@type":"ReadAction","target":["https:\/\/bmj.com.br\/marcha-dos-prefeitos-rio-grande-do-sul-e-petrobras\/"]}]},{"@type":"ImageObject","inLanguage":"en-US","@id":"https:\/\/bmj.com.br\/marcha-dos-prefeitos-rio-grande-do-sul-e-petrobras\/#primaryimage","url":"https:\/\/bmj.com.br\/wp-content\/uploads\/2024\/05\/Marcha-dos-Prefeitos-Rio-Grande-do-Sul-e-Petrobras.jpeg","contentUrl":"https:\/\/bmj.com.br\/wp-content\/uploads\/2024\/05\/Marcha-dos-Prefeitos-Rio-Grande-do-Sul-e-Petrobras.jpeg","width":1080,"height":1080,"caption":"Marcha dos Prefeitos, Rio Grande do Sul e Petrobras"},{"@type":"BreadcrumbList","@id":"https:\/\/bmj.com.br\/marcha-dos-prefeitos-rio-grande-do-sul-e-petrobras\/#breadcrumb","itemListElement":[{"@type":"ListItem","position":1,"name":"Home","item":"https:\/\/bmj.com.br\/"},{"@type":"ListItem","position":2,"name":"Marcha dos Prefeitos, Rio Grande do Sul e Petrobras"}]},{"@type":"WebSite","@id":"https:\/\/bmj.com.br\/#website","url":"https:\/\/bmj.com.br\/","name":"BMJ","description":"Consultores Associados","publisher":{"@id":"https:\/\/bmj.com.br\/#organization"},"potentialAction":[{"@type":"SearchAction","target":{"@type":"EntryPoint","urlTemplate":"https:\/\/bmj.com.br\/?s={search_term_string}"},"query-input":{"@type":"PropertyValueSpecification","valueRequired":true,"valueName":"search_term_string"}}],"inLanguage":"en-US"},{"@type":"Organization","@id":"https:\/\/bmj.com.br\/#organization","name":"BMJ Consultoria","url":"https:\/\/bmj.com.br\/","logo":{"@type":"ImageObject","inLanguage":"en-US","@id":"https:\/\/bmj.com.br\/#\/schema\/logo\/image\/","url":"","contentUrl":"","caption":"BMJ Consultoria"},"image":{"@id":"https:\/\/bmj.com.br\/#\/schema\/logo\/image\/"},"sameAs":["https:\/\/www.facebook.com\/BMJAssociados\/?ref=ts","https:\/\/x.com\/BMJconsultoria","https:\/\/www.instagram.com\/bmjconsultoria\/","https:\/\/www.linkedin.com\/company\/bmjconsultoresassociados\/?originalSubdomain=br","https:\/\/www.youtube.com\/user\/bmjconsultoria"]},{"@type":"Person","@id":"https:\/\/bmj.com.br\/#\/schema\/person\/e3d3984837d4d1847e83b4197aa02975","name":"Dennis Bravo","image":{"@type":"ImageObject","inLanguage":"en-US","@id":"https:\/\/secure.gravatar.com\/avatar\/6a711d6eb2c762e1fa0b1af3d0183adea3563153cc8b6e8820177b2fec199793?s=96&d=mm&r=g","url":"https:\/\/secure.gravatar.com\/avatar\/6a711d6eb2c762e1fa0b1af3d0183adea3563153cc8b6e8820177b2fec199793?s=96&d=mm&r=g","contentUrl":"https:\/\/secure.gravatar.com\/avatar\/6a711d6eb2c762e1fa0b1af3d0183adea3563153cc8b6e8820177b2fec199793?s=96&d=mm&r=g","caption":"Dennis Bravo"},"url":"https:\/\/bmj.com.br\/en\/author\/matheus-rossi\/"}]}},"_links":{"self":[{"href":"https:\/\/bmj.com.br\/en\/wp-json\/wp\/v2\/posts\/63663","targetHints":{"allow":["GET"]}}],"collection":[{"href":"https:\/\/bmj.com.br\/en\/wp-json\/wp\/v2\/posts"}],"about":[{"href":"https:\/\/bmj.com.br\/en\/wp-json\/wp\/v2\/types\/post"}],"author":[{"embeddable":true,"href":"https:\/\/bmj.com.br\/en\/wp-json\/wp\/v2\/users\/15"}],"replies":[{"embeddable":true,"href":"https:\/\/bmj.com.br\/en\/wp-json\/wp\/v2\/comments?post=63663"}],"version-history":[{"count":1,"href":"https:\/\/bmj.com.br\/en\/wp-json\/wp\/v2\/posts\/63663\/revisions"}],"predecessor-version":[{"id":63670,"href":"https:\/\/bmj.com.br\/en\/wp-json\/wp\/v2\/posts\/63663\/revisions\/63670"}],"wp:featuredmedia":[{"embeddable":true,"href":"https:\/\/bmj.com.br\/en\/wp-json\/wp\/v2\/media\/63664"}],"wp:attachment":[{"href":"https:\/\/bmj.com.br\/en\/wp-json\/wp\/v2\/media?parent=63663"}],"wp:term":[{"taxonomy":"category","embeddable":true,"href":"https:\/\/bmj.com.br\/en\/wp-json\/wp\/v2\/categories?post=63663"},{"taxonomy":"post_tag","embeddable":true,"href":"https:\/\/bmj.com.br\/en\/wp-json\/wp\/v2\/tags?post=63663"}],"curies":[{"name":"wp","href":"https:\/\/api.w.org\/{rel}","templated":true}]}}