{"id":2325,"date":"2016-12-13T12:32:42","date_gmt":"2016-12-13T14:32:42","guid":{"rendered":"http:\/\/barralmjorge.pixelwolf.com.br\/?p=2325"},"modified":"2017-02-23T14:25:22","modified_gmt":"2017-02-23T17:25:22","slug":"2325","status":"publish","type":"post","link":"https:\/\/bmj.com.br\/es\/2325\/","title":{"rendered":"O PSDB na encruzilhada"},"content":{"rendered":"<p><img fetchpriority=\"high\" decoding=\"async\" class=\"alignnone wp-image-2326\" src=\"http:\/\/barralmjorge.pixelwolf.com.br\/wp-content\/uploads\/2017\/02\/O-PSDB-na-encruzilhada-247x170.jpg\" alt=\"\" width=\"376\" height=\"259\" srcset=\"https:\/\/bmj.com.br\/wp-content\/uploads\/2017\/02\/O-PSDB-na-encruzilhada-247x170.jpg 247w, https:\/\/bmj.com.br\/wp-content\/uploads\/2017\/02\/O-PSDB-na-encruzilhada-768x528.jpg 768w, https:\/\/bmj.com.br\/wp-content\/uploads\/2017\/02\/O-PSDB-na-encruzilhada-177x122.jpg 177w, https:\/\/bmj.com.br\/wp-content\/uploads\/2017\/02\/O-PSDB-na-encruzilhada.jpg 840w\" sizes=\"(max-width: 376px) 100vw, 376px\" \/><\/p>\n<p><strong>(*) Texto de Carol Oliveira e Raphael Martins para o aplicativo Exame Hoje.<\/strong><\/p>\n<p>Em meio ao quiproqu\u00f3 que se instalou na pol\u00edtica brasileira, um partido em especial est\u00e1 sem rumo: o PSDB, maior partido da base aliada de Michel Temer. Os tucanos, evidentemente, torcem por Temer, pois uma melhora econ\u00f4mica criaria uma agenda positiva que poderia levar o partido ao Planalto em 2018. Mas a economia insiste em n\u00e3o decolar, o que for\u00e7a o partido a movimento err\u00e1ticos.<\/p>\n<p>O mais recente veio nesta quinta-feira, quando um de seus principais quadros, o deputado baiano Antonio Imbassahy, foi indicado para a Secretaria de Governo de Michel Temer. Era uma vit\u00f3ria. Duas semanas atr\u00e1s, incomodado com a repercuss\u00e3o do caso Geddel Vieira Lima, o PSDB, engrossou as cr\u00edticas ao governo. A indica\u00e7\u00e3o de Imbassahy era um afago ao partido no momento mais cr\u00edtico do governo, envolto em pol\u00eamicas com o Congresso e com pautas decisivas para ser aprovadas.<\/p>\n<p>O problema: pressionado, o governo voltou atr\u00e1s e Imbassahy foi preterido na noite desta quinta. O motivo foi uma rea\u00e7\u00e3o imediata dos 200 deputados do Centr\u00e3o, que enxergaram na medida uma forma de favorecimento a Rodrigo Maia (DEM-RJ) na elei\u00e7\u00e3o para a presid\u00eancia da C\u00e2mara dos Deputados. Imbassahy era um nome forte para o cargo, e sua entrada na disputa aumentaria as chances de nomes do Centr\u00e3o, como o deputado Rog\u00e9rio Rosso (PSD-DF). O Centr\u00e3o amea\u00e7ou melar a reforma da Previd\u00eancia e, na queda de bra\u00e7o, sobrou para os tucanos.<\/p>\n<p>De acordo com Rog\u00e9rio Rosso (PSD-DF), a indica\u00e7\u00e3o de Imbassahy, divulgada pela imprensa, gerou uma \u201cinseguran\u00e7a natural\u201d no centr\u00e3o, por sinalizar um apoio de Temer a Maia sem que os deputados fossem consultados ou avisados. \u201cSe for a vontade da base aliada e do presidente, eu retiro minha candidatura. N\u00e3o quero enfrent\u00e1-lo\u201d, disse \u00e0 reportagem de EXAME Hoje. Outro nome forte do centr\u00e3o, Gilberto Nascimento (PSC-SP) disse que houve \u201cdesencontro\u201d, mas a base est\u00e1 unida.<\/p>\n<p>Como reagiu o PSDB? Com um conformismo de quem, no momento, n\u00e3o tem para onde correr. A inten\u00e7\u00e3o do partido \u00e9 manter a alian\u00e7a. \u201cNeste caso, a crise \u00e9 entre governo e centr\u00e3o. N\u00e3o tem a ver com a gente e cabe ao governo resolver\u201d, afirma um parlamentar. \u201cO que nos preocupa \u00e9 a condu\u00e7\u00e3o, que claramente n\u00e3o deu certo. Isso demonstra que o governo continua fragilizado desde a sa\u00edda do Geddel. Isso precisa ser resolvido logo\u201d.<\/p>\n<p>A opini\u00e3o vai em linha com um artigo do senador A\u00e9cio Neves (PSDB-MG), publicado na semana passada, que diz ser \u201cpreciso reconhecer que, ao lado de alguns avan\u00e7os importantes, as dificuldades permanecem graves\u201d. O discurso \u00e9 uma defesa antecipada do partido a cr\u00edticas quanto \u00e0 condu\u00e7\u00e3o pol\u00edtica do governo. No campo das reformas econ\u00f4micas, o partido est\u00e1 escanteado.<\/p>\n<p><strong>\u201cA expectativa da c\u00fapula do PSDB era uma retomada mais r\u00e1pida, mas acredito que a impaci\u00eancia \u00e9 mais com os contratempos e desmandos no pr\u00f3prio governo. Ningu\u00e9m esperava que um governo com algu\u00e9m t\u00e3o experiente pudesse cometer tantos erros. Esperava-se uma m\u00ednima estabilidade para a economia responder e a confian\u00e7a dos empres\u00e1rios voltar\u201d, afirma Wagner Parente, diretor da consultoria pol\u00edtica Barral M Jorge.<\/strong><\/p>\n<p>&nbsp;<\/p>\n<p><em>Para continuar lendo\u00a0<a href=\"http:\/\/exame.abril.com.br\/aplicativos\/\">baixe o aplicativo da Exame<\/a><\/em><\/p>","protected":false},"excerpt":{"rendered":"<p>(*) Texto de Carol Oliveira e Raphael Martins para o aplicativo Exame Hoje. Em meio ao quiproqu\u00f3 que se instalou na pol\u00edtica brasileira, um partido em especial est\u00e1 sem rumo:&#8230;<\/p>","protected":false},"author":15,"featured_media":2326,"comment_status":"open","ping_status":"open","sticky":false,"template":"","format":"standard","meta":{"_acf_changed":false,"_exactmetrics_skip_tracking":false,"_exactmetrics_sitenote_active":false,"_exactmetrics_sitenote_note":"","_exactmetrics_sitenote_category":0,"footnotes":""},"categories":[45],"tags":[],"class_list":{"0":"post-2325","1":"post","2":"type-post","3":"status-publish","4":"format-standard","5":"has-post-thumbnail","7":"category-relacoes-governamentais"},"acf":[],"yoast_head":"<!-- This site is optimized with the Yoast SEO plugin v27.4 - https:\/\/yoast.com\/product\/yoast-seo-wordpress\/ -->\n<title>O PSDB na encruzilhada - BMJ<\/title>\n<meta name=\"robots\" content=\"index, follow, max-snippet:-1, max-image-preview:large, max-video-preview:-1\" \/>\n<link rel=\"canonical\" href=\"https:\/\/bmj.com.br\/es\/2325\/\" \/>\n<meta property=\"og:locale\" content=\"es_ES\" \/>\n<meta property=\"og:type\" content=\"article\" \/>\n<meta property=\"og:title\" content=\"O PSDB na encruzilhada - BMJ\" \/>\n<meta property=\"og:description\" content=\"(*) Texto de Carol Oliveira e Raphael Martins para o aplicativo Exame Hoje. Em meio ao quiproqu\u00f3 que se instalou na pol\u00edtica brasileira, um partido em especial est\u00e1 sem rumo:...\" \/>\n<meta property=\"og:url\" content=\"https:\/\/bmj.com.br\/es\/2325\/\" \/>\n<meta property=\"og:site_name\" content=\"BMJ\" \/>\n<meta property=\"article:publisher\" content=\"https:\/\/www.facebook.com\/BMJAssociados\/?ref=ts\" \/>\n<meta property=\"article:published_time\" content=\"2016-12-13T14:32:42+00:00\" \/>\n<meta property=\"article:modified_time\" content=\"2017-02-23T17:25:22+00:00\" \/>\n<meta property=\"og:image\" content=\"https:\/\/bmj.com.br\/wp-content\/uploads\/2017\/02\/O-PSDB-na-encruzilhada.jpg\" \/>\n\t<meta property=\"og:image:width\" content=\"840\" \/>\n\t<meta property=\"og:image:height\" content=\"577\" \/>\n\t<meta property=\"og:image:type\" content=\"image\/jpeg\" \/>\n<meta name=\"author\" content=\"Dennis Bravo\" \/>\n<meta name=\"twitter:card\" content=\"summary_large_image\" \/>\n<meta name=\"twitter:creator\" content=\"@BMJconsultoria\" \/>\n<meta name=\"twitter:site\" content=\"@BMJconsultoria\" \/>\n<meta name=\"twitter:label1\" content=\"Escrito por\" \/>\n\t<meta name=\"twitter:data1\" content=\"Dennis Bravo\" \/>\n\t<meta name=\"twitter:label2\" content=\"Tiempo de lectura\" \/>\n\t<meta name=\"twitter:data2\" content=\"3 minutos\" \/>\n<script type=\"application\/ld+json\" class=\"yoast-schema-graph\">{\"@context\":\"https:\\\/\\\/schema.org\",\"@graph\":[{\"@type\":\"Article\",\"@id\":\"https:\\\/\\\/bmj.com.br\\\/es\\\/2325\\\/#article\",\"isPartOf\":{\"@id\":\"https:\\\/\\\/bmj.com.br\\\/es\\\/2325\\\/\"},\"author\":{\"name\":\"Dennis Bravo\",\"@id\":\"https:\\\/\\\/bmj.com.br\\\/#\\\/schema\\\/person\\\/e3d3984837d4d1847e83b4197aa02975\"},\"headline\":\"O PSDB na encruzilhada\",\"datePublished\":\"2016-12-13T14:32:42+00:00\",\"dateModified\":\"2017-02-23T17:25:22+00:00\",\"mainEntityOfPage\":{\"@id\":\"https:\\\/\\\/bmj.com.br\\\/es\\\/2325\\\/\"},\"wordCount\":578,\"commentCount\":0,\"publisher\":{\"@id\":\"https:\\\/\\\/bmj.com.br\\\/#organization\"},\"image\":{\"@id\":\"https:\\\/\\\/bmj.com.br\\\/es\\\/2325\\\/#primaryimage\"},\"thumbnailUrl\":\"https:\\\/\\\/bmj.com.br\\\/wp-content\\\/uploads\\\/2017\\\/02\\\/O-PSDB-na-encruzilhada.jpg\",\"articleSection\":[\"Rela\u00e7\u00f5es Governamentais\"],\"inLanguage\":\"es\",\"potentialAction\":[{\"@type\":\"CommentAction\",\"name\":\"Comment\",\"target\":[\"https:\\\/\\\/bmj.com.br\\\/es\\\/2325\\\/#respond\"]}]},{\"@type\":\"WebPage\",\"@id\":\"https:\\\/\\\/bmj.com.br\\\/es\\\/2325\\\/\",\"url\":\"https:\\\/\\\/bmj.com.br\\\/es\\\/2325\\\/\",\"name\":\"O PSDB na encruzilhada - BMJ\",\"isPartOf\":{\"@id\":\"https:\\\/\\\/bmj.com.br\\\/#website\"},\"primaryImageOfPage\":{\"@id\":\"https:\\\/\\\/bmj.com.br\\\/es\\\/2325\\\/#primaryimage\"},\"image\":{\"@id\":\"https:\\\/\\\/bmj.com.br\\\/es\\\/2325\\\/#primaryimage\"},\"thumbnailUrl\":\"https:\\\/\\\/bmj.com.br\\\/wp-content\\\/uploads\\\/2017\\\/02\\\/O-PSDB-na-encruzilhada.jpg\",\"datePublished\":\"2016-12-13T14:32:42+00:00\",\"dateModified\":\"2017-02-23T17:25:22+00:00\",\"breadcrumb\":{\"@id\":\"https:\\\/\\\/bmj.com.br\\\/es\\\/2325\\\/#breadcrumb\"},\"inLanguage\":\"es\",\"potentialAction\":[{\"@type\":\"ReadAction\",\"target\":[\"https:\\\/\\\/bmj.com.br\\\/es\\\/2325\\\/\"]}]},{\"@type\":\"ImageObject\",\"inLanguage\":\"es\",\"@id\":\"https:\\\/\\\/bmj.com.br\\\/es\\\/2325\\\/#primaryimage\",\"url\":\"https:\\\/\\\/bmj.com.br\\\/wp-content\\\/uploads\\\/2017\\\/02\\\/O-PSDB-na-encruzilhada.jpg\",\"contentUrl\":\"https:\\\/\\\/bmj.com.br\\\/wp-content\\\/uploads\\\/2017\\\/02\\\/O-PSDB-na-encruzilhada.jpg\",\"width\":840,\"height\":577},{\"@type\":\"BreadcrumbList\",\"@id\":\"https:\\\/\\\/bmj.com.br\\\/es\\\/2325\\\/#breadcrumb\",\"itemListElement\":[{\"@type\":\"ListItem\",\"position\":1,\"name\":\"Home\",\"item\":\"https:\\\/\\\/bmj.com.br\\\/\"},{\"@type\":\"ListItem\",\"position\":2,\"name\":\"O PSDB na encruzilhada\"}]},{\"@type\":\"WebSite\",\"@id\":\"https:\\\/\\\/bmj.com.br\\\/#website\",\"url\":\"https:\\\/\\\/bmj.com.br\\\/\",\"name\":\"BMJ\",\"description\":\"Consultores Associados\",\"publisher\":{\"@id\":\"https:\\\/\\\/bmj.com.br\\\/#organization\"},\"potentialAction\":[{\"@type\":\"SearchAction\",\"target\":{\"@type\":\"EntryPoint\",\"urlTemplate\":\"https:\\\/\\\/bmj.com.br\\\/?s={search_term_string}\"},\"query-input\":{\"@type\":\"PropertyValueSpecification\",\"valueRequired\":true,\"valueName\":\"search_term_string\"}}],\"inLanguage\":\"es\"},{\"@type\":\"Organization\",\"@id\":\"https:\\\/\\\/bmj.com.br\\\/#organization\",\"name\":\"BMJ Consultoria\",\"url\":\"https:\\\/\\\/bmj.com.br\\\/\",\"logo\":{\"@type\":\"ImageObject\",\"inLanguage\":\"es\",\"@id\":\"https:\\\/\\\/bmj.com.br\\\/#\\\/schema\\\/logo\\\/image\\\/\",\"url\":\"\",\"contentUrl\":\"\",\"caption\":\"BMJ Consultoria\"},\"image\":{\"@id\":\"https:\\\/\\\/bmj.com.br\\\/#\\\/schema\\\/logo\\\/image\\\/\"},\"sameAs\":[\"https:\\\/\\\/www.facebook.com\\\/BMJAssociados\\\/?ref=ts\",\"https:\\\/\\\/x.com\\\/BMJconsultoria\",\"https:\\\/\\\/www.instagram.com\\\/bmjconsultoria\\\/\",\"https:\\\/\\\/www.linkedin.com\\\/company\\\/bmjconsultoresassociados\\\/?originalSubdomain=br\",\"https:\\\/\\\/www.youtube.com\\\/user\\\/bmjconsultoria\"]},{\"@type\":\"Person\",\"@id\":\"https:\\\/\\\/bmj.com.br\\\/#\\\/schema\\\/person\\\/e3d3984837d4d1847e83b4197aa02975\",\"name\":\"Dennis Bravo\",\"image\":{\"@type\":\"ImageObject\",\"inLanguage\":\"es\",\"@id\":\"https:\\\/\\\/secure.gravatar.com\\\/avatar\\\/6a711d6eb2c762e1fa0b1af3d0183adea3563153cc8b6e8820177b2fec199793?s=96&d=mm&r=g\",\"url\":\"https:\\\/\\\/secure.gravatar.com\\\/avatar\\\/6a711d6eb2c762e1fa0b1af3d0183adea3563153cc8b6e8820177b2fec199793?s=96&d=mm&r=g\",\"contentUrl\":\"https:\\\/\\\/secure.gravatar.com\\\/avatar\\\/6a711d6eb2c762e1fa0b1af3d0183adea3563153cc8b6e8820177b2fec199793?s=96&d=mm&r=g\",\"caption\":\"Dennis Bravo\"},\"url\":\"https:\\\/\\\/bmj.com.br\\\/es\\\/author\\\/matheus-rossi\\\/\"}]}<\/script>\n<!-- \/ Yoast SEO plugin. -->","yoast_head_json":{"title":"O PSDB na encruzilhada - BMJ","robots":{"index":"index","follow":"follow","max-snippet":"max-snippet:-1","max-image-preview":"max-image-preview:large","max-video-preview":"max-video-preview:-1"},"canonical":"https:\/\/bmj.com.br\/es\/2325\/","og_locale":"es_ES","og_type":"article","og_title":"O PSDB na encruzilhada - BMJ","og_description":"(*) Texto de Carol Oliveira e Raphael Martins para o aplicativo Exame Hoje. Em meio ao quiproqu\u00f3 que se instalou na pol\u00edtica brasileira, um partido em especial est\u00e1 sem rumo:...","og_url":"https:\/\/bmj.com.br\/es\/2325\/","og_site_name":"BMJ","article_publisher":"https:\/\/www.facebook.com\/BMJAssociados\/?ref=ts","article_published_time":"2016-12-13T14:32:42+00:00","article_modified_time":"2017-02-23T17:25:22+00:00","og_image":[{"width":840,"height":577,"url":"https:\/\/bmj.com.br\/wp-content\/uploads\/2017\/02\/O-PSDB-na-encruzilhada.jpg","type":"image\/jpeg"}],"author":"Dennis Bravo","twitter_card":"summary_large_image","twitter_creator":"@BMJconsultoria","twitter_site":"@BMJconsultoria","twitter_misc":{"Escrito por":"Dennis Bravo","Tiempo de lectura":"3 minutos"},"schema":{"@context":"https:\/\/schema.org","@graph":[{"@type":"Article","@id":"https:\/\/bmj.com.br\/es\/2325\/#article","isPartOf":{"@id":"https:\/\/bmj.com.br\/es\/2325\/"},"author":{"name":"Dennis Bravo","@id":"https:\/\/bmj.com.br\/#\/schema\/person\/e3d3984837d4d1847e83b4197aa02975"},"headline":"O PSDB na encruzilhada","datePublished":"2016-12-13T14:32:42+00:00","dateModified":"2017-02-23T17:25:22+00:00","mainEntityOfPage":{"@id":"https:\/\/bmj.com.br\/es\/2325\/"},"wordCount":578,"commentCount":0,"publisher":{"@id":"https:\/\/bmj.com.br\/#organization"},"image":{"@id":"https:\/\/bmj.com.br\/es\/2325\/#primaryimage"},"thumbnailUrl":"https:\/\/bmj.com.br\/wp-content\/uploads\/2017\/02\/O-PSDB-na-encruzilhada.jpg","articleSection":["Rela\u00e7\u00f5es Governamentais"],"inLanguage":"es","potentialAction":[{"@type":"CommentAction","name":"Comment","target":["https:\/\/bmj.com.br\/es\/2325\/#respond"]}]},{"@type":"WebPage","@id":"https:\/\/bmj.com.br\/es\/2325\/","url":"https:\/\/bmj.com.br\/es\/2325\/","name":"O PSDB na encruzilhada - BMJ","isPartOf":{"@id":"https:\/\/bmj.com.br\/#website"},"primaryImageOfPage":{"@id":"https:\/\/bmj.com.br\/es\/2325\/#primaryimage"},"image":{"@id":"https:\/\/bmj.com.br\/es\/2325\/#primaryimage"},"thumbnailUrl":"https:\/\/bmj.com.br\/wp-content\/uploads\/2017\/02\/O-PSDB-na-encruzilhada.jpg","datePublished":"2016-12-13T14:32:42+00:00","dateModified":"2017-02-23T17:25:22+00:00","breadcrumb":{"@id":"https:\/\/bmj.com.br\/es\/2325\/#breadcrumb"},"inLanguage":"es","potentialAction":[{"@type":"ReadAction","target":["https:\/\/bmj.com.br\/es\/2325\/"]}]},{"@type":"ImageObject","inLanguage":"es","@id":"https:\/\/bmj.com.br\/es\/2325\/#primaryimage","url":"https:\/\/bmj.com.br\/wp-content\/uploads\/2017\/02\/O-PSDB-na-encruzilhada.jpg","contentUrl":"https:\/\/bmj.com.br\/wp-content\/uploads\/2017\/02\/O-PSDB-na-encruzilhada.jpg","width":840,"height":577},{"@type":"BreadcrumbList","@id":"https:\/\/bmj.com.br\/es\/2325\/#breadcrumb","itemListElement":[{"@type":"ListItem","position":1,"name":"Home","item":"https:\/\/bmj.com.br\/"},{"@type":"ListItem","position":2,"name":"O PSDB na encruzilhada"}]},{"@type":"WebSite","@id":"https:\/\/bmj.com.br\/#website","url":"https:\/\/bmj.com.br\/","name":"BMJ","description":"Consultores Associados","publisher":{"@id":"https:\/\/bmj.com.br\/#organization"},"potentialAction":[{"@type":"SearchAction","target":{"@type":"EntryPoint","urlTemplate":"https:\/\/bmj.com.br\/?s={search_term_string}"},"query-input":{"@type":"PropertyValueSpecification","valueRequired":true,"valueName":"search_term_string"}}],"inLanguage":"es"},{"@type":"Organization","@id":"https:\/\/bmj.com.br\/#organization","name":"BMJ Consultoria","url":"https:\/\/bmj.com.br\/","logo":{"@type":"ImageObject","inLanguage":"es","@id":"https:\/\/bmj.com.br\/#\/schema\/logo\/image\/","url":"","contentUrl":"","caption":"BMJ Consultoria"},"image":{"@id":"https:\/\/bmj.com.br\/#\/schema\/logo\/image\/"},"sameAs":["https:\/\/www.facebook.com\/BMJAssociados\/?ref=ts","https:\/\/x.com\/BMJconsultoria","https:\/\/www.instagram.com\/bmjconsultoria\/","https:\/\/www.linkedin.com\/company\/bmjconsultoresassociados\/?originalSubdomain=br","https:\/\/www.youtube.com\/user\/bmjconsultoria"]},{"@type":"Person","@id":"https:\/\/bmj.com.br\/#\/schema\/person\/e3d3984837d4d1847e83b4197aa02975","name":"Dennis Bravo","image":{"@type":"ImageObject","inLanguage":"es","@id":"https:\/\/secure.gravatar.com\/avatar\/6a711d6eb2c762e1fa0b1af3d0183adea3563153cc8b6e8820177b2fec199793?s=96&d=mm&r=g","url":"https:\/\/secure.gravatar.com\/avatar\/6a711d6eb2c762e1fa0b1af3d0183adea3563153cc8b6e8820177b2fec199793?s=96&d=mm&r=g","contentUrl":"https:\/\/secure.gravatar.com\/avatar\/6a711d6eb2c762e1fa0b1af3d0183adea3563153cc8b6e8820177b2fec199793?s=96&d=mm&r=g","caption":"Dennis Bravo"},"url":"https:\/\/bmj.com.br\/es\/author\/matheus-rossi\/"}]}},"_links":{"self":[{"href":"https:\/\/bmj.com.br\/es\/wp-json\/wp\/v2\/posts\/2325","targetHints":{"allow":["GET"]}}],"collection":[{"href":"https:\/\/bmj.com.br\/es\/wp-json\/wp\/v2\/posts"}],"about":[{"href":"https:\/\/bmj.com.br\/es\/wp-json\/wp\/v2\/types\/post"}],"author":[{"embeddable":true,"href":"https:\/\/bmj.com.br\/es\/wp-json\/wp\/v2\/users\/15"}],"replies":[{"embeddable":true,"href":"https:\/\/bmj.com.br\/es\/wp-json\/wp\/v2\/comments?post=2325"}],"version-history":[{"count":0,"href":"https:\/\/bmj.com.br\/es\/wp-json\/wp\/v2\/posts\/2325\/revisions"}],"wp:featuredmedia":[{"embeddable":true,"href":"https:\/\/bmj.com.br\/es\/wp-json\/wp\/v2\/media\/2326"}],"wp:attachment":[{"href":"https:\/\/bmj.com.br\/es\/wp-json\/wp\/v2\/media?parent=2325"}],"wp:term":[{"taxonomy":"category","embeddable":true,"href":"https:\/\/bmj.com.br\/es\/wp-json\/wp\/v2\/categories?post=2325"},{"taxonomy":"post_tag","embeddable":true,"href":"https:\/\/bmj.com.br\/es\/wp-json\/wp\/v2\/tags?post=2325"}],"curies":[{"name":"wp","href":"https:\/\/api.w.org\/{rel}","templated":true}]}}