{"id":3574,"date":"2017-07-31T09:45:08","date_gmt":"2017-07-31T12:45:08","guid":{"rendered":"https:\/\/bmj.com.br\/?p=3574"},"modified":"2017-07-31T09:48:40","modified_gmt":"2017-07-31T12:48:40","slug":"psdb-e-dem-uma-guerra-fria-na-centro-direita","status":"publish","type":"post","link":"https:\/\/bmj.com.br\/es\/psdb-e-dem-uma-guerra-fria-na-centro-direita\/","title":{"rendered":"PSDB e DEM: uma Guerra Fria na centro-direita"},"content":{"rendered":"<div id=\"attachment_3575\" style=\"width: 690px\" class=\"wp-caption alignnone\"><img fetchpriority=\"high\" decoding=\"async\" aria-describedby=\"caption-attachment-3575\" class=\"wp-image-3575 size-full\" src=\"https:\/\/bmj.com.br\/wp-content\/uploads\/2017\/07\/PSDB-e-DEM-uma-Guerra-Fria-na-centro-direita.jpg\" alt=\"\" width=\"680\" height=\"453\" srcset=\"https:\/\/bmj.com.br\/wp-content\/uploads\/2017\/07\/PSDB-e-DEM-uma-Guerra-Fria-na-centro-direita.jpg 680w, https:\/\/bmj.com.br\/wp-content\/uploads\/2017\/07\/PSDB-e-DEM-uma-Guerra-Fria-na-centro-direita-255x170.jpg 255w, https:\/\/bmj.com.br\/wp-content\/uploads\/2017\/07\/PSDB-e-DEM-uma-Guerra-Fria-na-centro-direita-177x118.jpg 177w\" sizes=\"(max-width: 680px) 100vw, 680px\" \/><p id=\"caption-attachment-3575\" class=\"wp-caption-text\">O Presidente da C\u00e2mara e articulador da expans\u00e3o do DEM, Rodrigo Maia. Foto: Fabio Rodrigues Pozzebom\/ Ag\u00eancia Brasil<\/p><\/div>\n<p>Ao sa\u00edrem os gatos, os ratos fazem a festa. Foi o que aconteceu na Prefeitura de S\u00e3o Paulo na sexta-feira 28. Com o prefeito Jo\u00e3o Doria (PSDB) em viagem \u00e0 China e o vice Bruno Covas (PSDB) em licen\u00e7a para descanso, o prefeito em exerc\u00edcio e presidente da C\u00e2mara dos Deputados, Milton Leite (DEM), promoveu um almo\u00e7o com seus correligion\u00e1rios no Edif\u00edcio Matarazzo, sede do Executivo municipal.<\/p>\n<p>O prefeito recebeu o secret\u00e1rio estadual de Habita\u00e7\u00e3o, Rodrigo Garcia (DEM-SP), deputados federais, estaduais e vereadores do partido. A presen\u00e7a ilustre foi do presidente da C\u00e2mara dos Deputados,\u00a0Rodrigo Maia\u00a0(DEM-RJ). O deputado federal atrasou em 1 hora para o encontro, mas ningu\u00e9m tocou nos pratos at\u00e9 sua chegada.<\/p>\n<p>O card\u00e1pio foi peixe, ainda que o objetivo seja \u201cengolir\u201d tucanos. O cen\u00e1rio pol\u00edtico atual d\u00e1 uma oportunidade \u00fanica para que o DEM se torne o expoente de proje\u00e7\u00e3o nacional da centro-direita, saindo da sombra do PSDB. Aos jornalistas, o anfitri\u00e3o afirmou que o assunto do encontro foi o \u201ccrescimento do partido\u201d e demandas da cidade que Maia deveria levar \u00e0 Bras\u00edlia. Disse o presidente da C\u00e2mara que h\u00e1 preocupa\u00e7\u00e3o com o pre\u00e7o do diesel, que pode impactar na tarifa de \u00f4nibus municipais. Mas o principal tema era mesmo o crescimento do partido.<\/p>\n<p>O DEM aproveita a posi\u00e7\u00e3o de l\u00edder no Congresso para angariar poder. O presidente da C\u00e2mara, durante o recesso, capitaneou uma movimenta\u00e7\u00e3o de parlamentares do PSB, insatisfeitos com a determina\u00e7\u00e3o de deixar a base aliada de Michel Temer, para seu partido, inchando a bancada na C\u00e2mara. Caso as conversas se transformem em migra\u00e7\u00f5es, o DEM pode chegar a 50 deputados federais, tornando-se o terceiro maior partido na C\u00e2mara. T\u00e3o importante quanto: \u00e9 o n\u00famero de parlamentares que hoje regula tempo de TV na campanha de 2018, valorizando o passe da legenda para poss\u00edveis alian\u00e7as e apoios.<\/p>\n<p>Os democratas hoje admitem publicamente que querem ter um candidato \u00e0 Presid\u00eancia da Rep\u00fablica e a governador nos maiores estados, como S\u00e3o Paulo. Em S\u00e3o Paulo, o secret\u00e1rio Rodrigo Garcia, do governo de Geraldo Alckmin, seria o nome. Ele rivalizaria com quem seu chefe tentar\u00e1 promover. Na Bahia, fala-se no prefeito de Salvador, ACM Neto. O pr\u00f3prio Rodrigo Maia, que nas elei\u00e7\u00f5es para prefeito do Rio em 2012 fez m\u00edseros 3% do votos, deve tentar voos maiores, a definir se ser\u00e1 Senado ou governo do estado. Falta, claro, combinar com os eleitores.<\/p>\n<p>Segundo o presidente da C\u00e2mara, o espa\u00e7o ser\u00e1 menor para concess\u00f5es, pois a rela\u00e7\u00e3o com o PSDB nas duas \u00faltimas elei\u00e7\u00f5es foi \u201cde quase imposi\u00e7\u00e3o\u201d em rela\u00e7\u00e3o ao DEM. \u201cSer\u00e1 que o PSDB est\u00e1 disposto a apoiar o melhor candidato em S\u00e3o Paulo, que \u00e9 o deputado federal Rodrigo Garcia, do DEM?\u201d, disse Maia em entrevista ao site Poder360 nesta semana.<\/p>\n<p>EXAME apurou que a posi\u00e7\u00e3o de um manda e outro obedece mudou e, dentro do PSDB, ser\u00e1 feito um monitoramento constante das a\u00e7\u00f5es dos democratas.<\/p>\n<blockquote><p>\u201cSe crescer como projeta, o DEM se torna aliado-chave para as pr\u00f3ximas elei\u00e7\u00f5es\u201d<\/p><\/blockquote>\n<p>diz <a href=\"\/?p=1607\">Wagner Parente<\/a>, diretor da consultoria pol\u00edtica Barral M Jorge.<\/p>\n<blockquote><p>\u201cSocialmente, o partido ainda tenta se aproximar da classe m\u00e9dia e trabalha com um novo programa partid\u00e1rio que dar\u00e1 aten\u00e7\u00e3o especial para problemas como seguran\u00e7a p\u00fablica e empreendedorismo\u201d.<\/p><\/blockquote>\n<h3><\/h3>\n<h3>O PSDB no muro<\/h3>\n<p>Enquanto tudo isso acontece, o PSDB est\u00e1 h\u00e1 73 dias para decidir se sai ou n\u00e3o do governo e quais ser\u00e3o os pr\u00f3ximos passos. O DEM, mirando 2018,\u00a0n\u00e3o amea\u00e7ou em momento nenhum deixar a base do governo, e assim como o PSDB,\u00a0vai investir na aprova\u00e7\u00e3o das reformas. Com o governo acuado, avaliam os democratas, sobra espa\u00e7o para Rodrigo Maia se capitalizar com as mudan\u00e7as aprovadas no governo de Michel Temer (PMDB).<\/p>\n<p>O presidente, vale lembrar tem\u00a05% de bom e \u00f3timo no governo e 70% de reprova\u00e7\u00e3o, segundo a pesquisa CNI-Ibope divulgada esta semana. Mas o PMDB tem preciosos minutos de televis\u00e3o para a campanha, 1.050 prefeituras, a maior bancada da C\u00e2mara, com 64 deputados federais, 22 senadores e sete governadores. Com todos os l\u00edderes alvejados pela Opera\u00e7\u00e3o Lava-Jato, \u00e9 improv\u00e1vel que um peemedebista tenha capital para lan\u00e7ar-se candidato. \u00c9 de se esperar, ent\u00e3o, que, mais uma vez, o PMDB ser\u00e1 o bra\u00e7o direito do pr\u00f3ximo governante.<\/p>\n<h3><\/h3>\n<h3>De Arena a DEM<\/h3>\n<p>Em um \u00faltimo passo para capitalizar o partido na disputa, h\u00e1 at\u00e9 a mudan\u00e7a de nome na mesa, segundo informa\u00e7\u00e3o da colunista Dora Kramer, da revista VEJA. Seria a quinta troca na hist\u00f3ria: Arena, PFL, PDS e DEM. Os caciques do DEM, claro, percebem no pa\u00eds a necessidade de mudan\u00e7a na pol\u00edtica e cansa\u00e7o com partidos tradicionais.<\/p>\n<p>\u201cApesar de ser um partido tradicional, h\u00e1 anos n\u00e3o est\u00e1 na linha de frente como PSDB, PT e PMDB. Talvez n\u00e3o tenha a mesma rejei\u00e7\u00e3o\u201d, diz Lucas de Arag\u00e3o, diretor da consultoria de risco pol\u00edtico Arko Advice.<\/p>\n<p>No almo\u00e7o em S\u00e3o Paulo, Maia falou sobre a autocr\u00edtica partid\u00e1ria. \u201cO Brasil vive uma crise t\u00e3o grande que faltam 100 anos para chegar a 2018. Os partido precisam olhar o que projetam para o futuro e reorganizar estruturas. O brasileiro cansou do discurso f\u00e1cil e est\u00e1 vendo, at\u00e9 pela Opera\u00e7\u00e3o Lava-Jato, que n\u00e3o precisamos de tanto Estado, mas de um governo moderno, com gest\u00e3o eficiente e que exista nas \u00e1reas fundamentais\u201d.<\/p>\n<p>Perguntado por EXAME se a presen\u00e7a na base aliada de Temer, em meio \u00e0s den\u00fancias de corrup\u00e7\u00e3o e libera\u00e7\u00e3o de emendas para salva\u00e7\u00e3o no Congresso n\u00e3o seria a representa\u00e7\u00e3o da velha pol\u00edtica, o presidente da C\u00e2mara desconversou. \u201cTem que perguntar para o Planalto sobre isso, n\u00e3o para mim\u201d.<\/p>\n<p>Oficialmente, o PSDB prefere manter a amizade. O secret\u00e1rio-geral da sigla, deputado federal Silvio Torres (PSDB-SP), diz que essa \u00e9 uma conjuntura favor\u00e1vel para que o DEM cres\u00e7a, aproveitando as dissid\u00eancias no PSB. \u201cO DEM \u00e9 um aliado hist\u00f3rico e imagina que pode aproveitar a oportunidade, \u00e9 natural que tente. N\u00e3o h\u00e1 ocupa\u00e7\u00e3o de espa\u00e7o, porque gostar\u00edamos de t\u00ea-los como aliados\u201d, afirma.<\/p>\n<p>No hist\u00f3rico de alian\u00e7as desde 1985, quando surgiu o PFL, DEM e PSDB apoiaram em segundo turno a elei\u00e7\u00e3o de Fernando Collor e, posteriormente, o governo Itamar Franco. Firmou-se de vez a parceria com a dupla Fernando Henrique Cardoso e Marco Maciel, que ocuparam os cargos de presidente e vice de 1995 a 2002. Nas elei\u00e7\u00f5es de 2002, ambos se juntaram ao PMDB para tentar derrotar Luiz In\u00e1cio Lula da Silva, sem sucesso. Nos estados, mantiveram alian\u00e7a sempre que um dos dois n\u00e3o tinha candidato a governador.<\/p>\n<p>Ao longo do tempo, por\u00e9m, o DEM foi perdendo vigor. Teve 105 representantes na C\u00e2mara, em 1999, e hoje tem 29.\u00a0\u201cEm 2018, quando a elei\u00e7\u00e3o tomar corpo, as negocia\u00e7\u00f5es devem minar a uni\u00e3o da base e o governo ter\u00e1 muita dificuldade de aprovar medidas. Vai ser cada um por si\u201d, diz Lucas de Arag\u00e3o, da Arko. Essa ser\u00e1 a primeira vez que o partido briga de \u201cigual\u201d pelos eleitores da centro-direita, em uma Guerra Fria pelos votos de um mesmo eleitorado.\u00a0Ainda que Maia acredite que as elei\u00e7\u00f5es est\u00e3o a 100 anos de dist\u00e2ncia, cada dia conta nessa corrida.<\/p>","protected":false},"excerpt":{"rendered":"<p>Ao sa\u00edrem os gatos, os ratos fazem a festa. Foi o que aconteceu na Prefeitura de S\u00e3o Paulo na sexta-feira 28. Com o prefeito Jo\u00e3o Doria (PSDB) em viagem \u00e0&#8230;<\/p>","protected":false},"author":15,"featured_media":3575,"comment_status":"open","ping_status":"open","sticky":false,"template":"","format":"standard","meta":{"_acf_changed":false,"_exactmetrics_skip_tracking":false,"_exactmetrics_sitenote_active":false,"_exactmetrics_sitenote_note":"","_exactmetrics_sitenote_category":0,"footnotes":""},"categories":[45],"tags":[368,370,369,81,271,258],"class_list":{"0":"post-3574","1":"post","2":"type-post","3":"status-publish","4":"format-standard","5":"has-post-thumbnail","7":"category-relacoes-governamentais","8":"tag-dem","9":"tag-eleicoes-2018","10":"tag-psdb","11":"tag-relacoes-governamentais","12":"tag-rodrigo-maia","13":"tag-wagner-parente"},"acf":[],"yoast_head":"<!-- This site is optimized with the Yoast SEO plugin v27.4 - https:\/\/yoast.com\/product\/yoast-seo-wordpress\/ -->\n<title>PSDB e DEM: uma Guerra Fria na centro-direita - BMJ<\/title>\n<meta name=\"robots\" content=\"index, follow, max-snippet:-1, max-image-preview:large, max-video-preview:-1\" \/>\n<link rel=\"canonical\" href=\"https:\/\/bmj.com.br\/es\/psdb-e-dem-uma-guerra-fria-na-centro-direita\/\" \/>\n<meta property=\"og:locale\" content=\"es_ES\" \/>\n<meta property=\"og:type\" content=\"article\" \/>\n<meta property=\"og:title\" content=\"PSDB e DEM: uma Guerra Fria na centro-direita - BMJ\" \/>\n<meta property=\"og:description\" content=\"Ao sa\u00edrem os gatos, os ratos fazem a festa. Foi o que aconteceu na Prefeitura de S\u00e3o Paulo na sexta-feira 28. Com o prefeito Jo\u00e3o Doria (PSDB) em viagem \u00e0...\" \/>\n<meta property=\"og:url\" content=\"https:\/\/bmj.com.br\/es\/psdb-e-dem-uma-guerra-fria-na-centro-direita\/\" \/>\n<meta property=\"og:site_name\" content=\"BMJ\" \/>\n<meta property=\"article:publisher\" content=\"https:\/\/www.facebook.com\/BMJAssociados\/?ref=ts\" \/>\n<meta property=\"article:published_time\" content=\"2017-07-31T12:45:08+00:00\" \/>\n<meta property=\"article:modified_time\" content=\"2017-07-31T12:48:40+00:00\" \/>\n<meta property=\"og:image\" content=\"https:\/\/bmj.com.br\/wp-content\/uploads\/2017\/07\/PSDB-e-DEM-uma-Guerra-Fria-na-centro-direita.jpg\" \/>\n\t<meta property=\"og:image:width\" content=\"680\" \/>\n\t<meta property=\"og:image:height\" content=\"453\" \/>\n\t<meta property=\"og:image:type\" content=\"image\/jpeg\" \/>\n<meta name=\"author\" content=\"Dennis Bravo\" \/>\n<meta name=\"twitter:card\" content=\"summary_large_image\" \/>\n<meta name=\"twitter:creator\" content=\"@BMJconsultoria\" \/>\n<meta name=\"twitter:site\" content=\"@BMJconsultoria\" \/>\n<meta name=\"twitter:label1\" content=\"Escrito por\" \/>\n\t<meta name=\"twitter:data1\" content=\"Dennis Bravo\" \/>\n\t<meta name=\"twitter:label2\" content=\"Tiempo de lectura\" \/>\n\t<meta name=\"twitter:data2\" content=\"6 minutos\" \/>\n<script type=\"application\/ld+json\" class=\"yoast-schema-graph\">{\"@context\":\"https:\\\/\\\/schema.org\",\"@graph\":[{\"@type\":\"Article\",\"@id\":\"https:\\\/\\\/bmj.com.br\\\/es\\\/psdb-e-dem-uma-guerra-fria-na-centro-direita\\\/#article\",\"isPartOf\":{\"@id\":\"https:\\\/\\\/bmj.com.br\\\/es\\\/psdb-e-dem-uma-guerra-fria-na-centro-direita\\\/\"},\"author\":{\"name\":\"Dennis Bravo\",\"@id\":\"https:\\\/\\\/bmj.com.br\\\/#\\\/schema\\\/person\\\/e3d3984837d4d1847e83b4197aa02975\"},\"headline\":\"PSDB e DEM: uma Guerra Fria na centro-direita\",\"datePublished\":\"2017-07-31T12:45:08+00:00\",\"dateModified\":\"2017-07-31T12:48:40+00:00\",\"mainEntityOfPage\":{\"@id\":\"https:\\\/\\\/bmj.com.br\\\/es\\\/psdb-e-dem-uma-guerra-fria-na-centro-direita\\\/\"},\"wordCount\":1302,\"commentCount\":0,\"publisher\":{\"@id\":\"https:\\\/\\\/bmj.com.br\\\/#organization\"},\"image\":{\"@id\":\"https:\\\/\\\/bmj.com.br\\\/es\\\/psdb-e-dem-uma-guerra-fria-na-centro-direita\\\/#primaryimage\"},\"thumbnailUrl\":\"https:\\\/\\\/bmj.com.br\\\/wp-content\\\/uploads\\\/2017\\\/07\\\/PSDB-e-DEM-uma-Guerra-Fria-na-centro-direita.jpg\",\"keywords\":[\"DEM\",\"Elei\u00e7\u00f5es 2018\",\"PSDB\",\"Rela\u00e7\u00f5es Governamentais\",\"rodrigo maia\",\"Wagner Parente\"],\"articleSection\":[\"Rela\u00e7\u00f5es Governamentais\"],\"inLanguage\":\"es\",\"potentialAction\":[{\"@type\":\"CommentAction\",\"name\":\"Comment\",\"target\":[\"https:\\\/\\\/bmj.com.br\\\/es\\\/psdb-e-dem-uma-guerra-fria-na-centro-direita\\\/#respond\"]}]},{\"@type\":\"WebPage\",\"@id\":\"https:\\\/\\\/bmj.com.br\\\/es\\\/psdb-e-dem-uma-guerra-fria-na-centro-direita\\\/\",\"url\":\"https:\\\/\\\/bmj.com.br\\\/es\\\/psdb-e-dem-uma-guerra-fria-na-centro-direita\\\/\",\"name\":\"PSDB e DEM: uma Guerra Fria na centro-direita - BMJ\",\"isPartOf\":{\"@id\":\"https:\\\/\\\/bmj.com.br\\\/#website\"},\"primaryImageOfPage\":{\"@id\":\"https:\\\/\\\/bmj.com.br\\\/es\\\/psdb-e-dem-uma-guerra-fria-na-centro-direita\\\/#primaryimage\"},\"image\":{\"@id\":\"https:\\\/\\\/bmj.com.br\\\/es\\\/psdb-e-dem-uma-guerra-fria-na-centro-direita\\\/#primaryimage\"},\"thumbnailUrl\":\"https:\\\/\\\/bmj.com.br\\\/wp-content\\\/uploads\\\/2017\\\/07\\\/PSDB-e-DEM-uma-Guerra-Fria-na-centro-direita.jpg\",\"datePublished\":\"2017-07-31T12:45:08+00:00\",\"dateModified\":\"2017-07-31T12:48:40+00:00\",\"breadcrumb\":{\"@id\":\"https:\\\/\\\/bmj.com.br\\\/es\\\/psdb-e-dem-uma-guerra-fria-na-centro-direita\\\/#breadcrumb\"},\"inLanguage\":\"es\",\"potentialAction\":[{\"@type\":\"ReadAction\",\"target\":[\"https:\\\/\\\/bmj.com.br\\\/es\\\/psdb-e-dem-uma-guerra-fria-na-centro-direita\\\/\"]}]},{\"@type\":\"ImageObject\",\"inLanguage\":\"es\",\"@id\":\"https:\\\/\\\/bmj.com.br\\\/es\\\/psdb-e-dem-uma-guerra-fria-na-centro-direita\\\/#primaryimage\",\"url\":\"https:\\\/\\\/bmj.com.br\\\/wp-content\\\/uploads\\\/2017\\\/07\\\/PSDB-e-DEM-uma-Guerra-Fria-na-centro-direita.jpg\",\"contentUrl\":\"https:\\\/\\\/bmj.com.br\\\/wp-content\\\/uploads\\\/2017\\\/07\\\/PSDB-e-DEM-uma-Guerra-Fria-na-centro-direita.jpg\",\"width\":680,\"height\":453},{\"@type\":\"BreadcrumbList\",\"@id\":\"https:\\\/\\\/bmj.com.br\\\/es\\\/psdb-e-dem-uma-guerra-fria-na-centro-direita\\\/#breadcrumb\",\"itemListElement\":[{\"@type\":\"ListItem\",\"position\":1,\"name\":\"Home\",\"item\":\"https:\\\/\\\/bmj.com.br\\\/\"},{\"@type\":\"ListItem\",\"position\":2,\"name\":\"PSDB e DEM: uma Guerra Fria na centro-direita\"}]},{\"@type\":\"WebSite\",\"@id\":\"https:\\\/\\\/bmj.com.br\\\/#website\",\"url\":\"https:\\\/\\\/bmj.com.br\\\/\",\"name\":\"BMJ\",\"description\":\"Consultores Associados\",\"publisher\":{\"@id\":\"https:\\\/\\\/bmj.com.br\\\/#organization\"},\"potentialAction\":[{\"@type\":\"SearchAction\",\"target\":{\"@type\":\"EntryPoint\",\"urlTemplate\":\"https:\\\/\\\/bmj.com.br\\\/?s={search_term_string}\"},\"query-input\":{\"@type\":\"PropertyValueSpecification\",\"valueRequired\":true,\"valueName\":\"search_term_string\"}}],\"inLanguage\":\"es\"},{\"@type\":\"Organization\",\"@id\":\"https:\\\/\\\/bmj.com.br\\\/#organization\",\"name\":\"BMJ Consultoria\",\"url\":\"https:\\\/\\\/bmj.com.br\\\/\",\"logo\":{\"@type\":\"ImageObject\",\"inLanguage\":\"es\",\"@id\":\"https:\\\/\\\/bmj.com.br\\\/#\\\/schema\\\/logo\\\/image\\\/\",\"url\":\"\",\"contentUrl\":\"\",\"caption\":\"BMJ Consultoria\"},\"image\":{\"@id\":\"https:\\\/\\\/bmj.com.br\\\/#\\\/schema\\\/logo\\\/image\\\/\"},\"sameAs\":[\"https:\\\/\\\/www.facebook.com\\\/BMJAssociados\\\/?ref=ts\",\"https:\\\/\\\/x.com\\\/BMJconsultoria\",\"https:\\\/\\\/www.instagram.com\\\/bmjconsultoria\\\/\",\"https:\\\/\\\/www.linkedin.com\\\/company\\\/bmjconsultoresassociados\\\/?originalSubdomain=br\",\"https:\\\/\\\/www.youtube.com\\\/user\\\/bmjconsultoria\"]},{\"@type\":\"Person\",\"@id\":\"https:\\\/\\\/bmj.com.br\\\/#\\\/schema\\\/person\\\/e3d3984837d4d1847e83b4197aa02975\",\"name\":\"Dennis Bravo\",\"image\":{\"@type\":\"ImageObject\",\"inLanguage\":\"es\",\"@id\":\"https:\\\/\\\/secure.gravatar.com\\\/avatar\\\/6a711d6eb2c762e1fa0b1af3d0183adea3563153cc8b6e8820177b2fec199793?s=96&d=mm&r=g\",\"url\":\"https:\\\/\\\/secure.gravatar.com\\\/avatar\\\/6a711d6eb2c762e1fa0b1af3d0183adea3563153cc8b6e8820177b2fec199793?s=96&d=mm&r=g\",\"contentUrl\":\"https:\\\/\\\/secure.gravatar.com\\\/avatar\\\/6a711d6eb2c762e1fa0b1af3d0183adea3563153cc8b6e8820177b2fec199793?s=96&d=mm&r=g\",\"caption\":\"Dennis Bravo\"},\"url\":\"https:\\\/\\\/bmj.com.br\\\/es\\\/author\\\/matheus-rossi\\\/\"}]}<\/script>\n<!-- \/ Yoast SEO plugin. -->","yoast_head_json":{"title":"PSDB e DEM: uma Guerra Fria na centro-direita - BMJ","robots":{"index":"index","follow":"follow","max-snippet":"max-snippet:-1","max-image-preview":"max-image-preview:large","max-video-preview":"max-video-preview:-1"},"canonical":"https:\/\/bmj.com.br\/es\/psdb-e-dem-uma-guerra-fria-na-centro-direita\/","og_locale":"es_ES","og_type":"article","og_title":"PSDB e DEM: uma Guerra Fria na centro-direita - BMJ","og_description":"Ao sa\u00edrem os gatos, os ratos fazem a festa. Foi o que aconteceu na Prefeitura de S\u00e3o Paulo na sexta-feira 28. Com o prefeito Jo\u00e3o Doria (PSDB) em viagem \u00e0...","og_url":"https:\/\/bmj.com.br\/es\/psdb-e-dem-uma-guerra-fria-na-centro-direita\/","og_site_name":"BMJ","article_publisher":"https:\/\/www.facebook.com\/BMJAssociados\/?ref=ts","article_published_time":"2017-07-31T12:45:08+00:00","article_modified_time":"2017-07-31T12:48:40+00:00","og_image":[{"width":680,"height":453,"url":"https:\/\/bmj.com.br\/wp-content\/uploads\/2017\/07\/PSDB-e-DEM-uma-Guerra-Fria-na-centro-direita.jpg","type":"image\/jpeg"}],"author":"Dennis Bravo","twitter_card":"summary_large_image","twitter_creator":"@BMJconsultoria","twitter_site":"@BMJconsultoria","twitter_misc":{"Escrito por":"Dennis Bravo","Tiempo de lectura":"6 minutos"},"schema":{"@context":"https:\/\/schema.org","@graph":[{"@type":"Article","@id":"https:\/\/bmj.com.br\/es\/psdb-e-dem-uma-guerra-fria-na-centro-direita\/#article","isPartOf":{"@id":"https:\/\/bmj.com.br\/es\/psdb-e-dem-uma-guerra-fria-na-centro-direita\/"},"author":{"name":"Dennis Bravo","@id":"https:\/\/bmj.com.br\/#\/schema\/person\/e3d3984837d4d1847e83b4197aa02975"},"headline":"PSDB e DEM: uma Guerra Fria na centro-direita","datePublished":"2017-07-31T12:45:08+00:00","dateModified":"2017-07-31T12:48:40+00:00","mainEntityOfPage":{"@id":"https:\/\/bmj.com.br\/es\/psdb-e-dem-uma-guerra-fria-na-centro-direita\/"},"wordCount":1302,"commentCount":0,"publisher":{"@id":"https:\/\/bmj.com.br\/#organization"},"image":{"@id":"https:\/\/bmj.com.br\/es\/psdb-e-dem-uma-guerra-fria-na-centro-direita\/#primaryimage"},"thumbnailUrl":"https:\/\/bmj.com.br\/wp-content\/uploads\/2017\/07\/PSDB-e-DEM-uma-Guerra-Fria-na-centro-direita.jpg","keywords":["DEM","Elei\u00e7\u00f5es 2018","PSDB","Rela\u00e7\u00f5es Governamentais","rodrigo maia","Wagner Parente"],"articleSection":["Rela\u00e7\u00f5es Governamentais"],"inLanguage":"es","potentialAction":[{"@type":"CommentAction","name":"Comment","target":["https:\/\/bmj.com.br\/es\/psdb-e-dem-uma-guerra-fria-na-centro-direita\/#respond"]}]},{"@type":"WebPage","@id":"https:\/\/bmj.com.br\/es\/psdb-e-dem-uma-guerra-fria-na-centro-direita\/","url":"https:\/\/bmj.com.br\/es\/psdb-e-dem-uma-guerra-fria-na-centro-direita\/","name":"PSDB e DEM: uma Guerra Fria na centro-direita - BMJ","isPartOf":{"@id":"https:\/\/bmj.com.br\/#website"},"primaryImageOfPage":{"@id":"https:\/\/bmj.com.br\/es\/psdb-e-dem-uma-guerra-fria-na-centro-direita\/#primaryimage"},"image":{"@id":"https:\/\/bmj.com.br\/es\/psdb-e-dem-uma-guerra-fria-na-centro-direita\/#primaryimage"},"thumbnailUrl":"https:\/\/bmj.com.br\/wp-content\/uploads\/2017\/07\/PSDB-e-DEM-uma-Guerra-Fria-na-centro-direita.jpg","datePublished":"2017-07-31T12:45:08+00:00","dateModified":"2017-07-31T12:48:40+00:00","breadcrumb":{"@id":"https:\/\/bmj.com.br\/es\/psdb-e-dem-uma-guerra-fria-na-centro-direita\/#breadcrumb"},"inLanguage":"es","potentialAction":[{"@type":"ReadAction","target":["https:\/\/bmj.com.br\/es\/psdb-e-dem-uma-guerra-fria-na-centro-direita\/"]}]},{"@type":"ImageObject","inLanguage":"es","@id":"https:\/\/bmj.com.br\/es\/psdb-e-dem-uma-guerra-fria-na-centro-direita\/#primaryimage","url":"https:\/\/bmj.com.br\/wp-content\/uploads\/2017\/07\/PSDB-e-DEM-uma-Guerra-Fria-na-centro-direita.jpg","contentUrl":"https:\/\/bmj.com.br\/wp-content\/uploads\/2017\/07\/PSDB-e-DEM-uma-Guerra-Fria-na-centro-direita.jpg","width":680,"height":453},{"@type":"BreadcrumbList","@id":"https:\/\/bmj.com.br\/es\/psdb-e-dem-uma-guerra-fria-na-centro-direita\/#breadcrumb","itemListElement":[{"@type":"ListItem","position":1,"name":"Home","item":"https:\/\/bmj.com.br\/"},{"@type":"ListItem","position":2,"name":"PSDB e DEM: uma Guerra Fria na centro-direita"}]},{"@type":"WebSite","@id":"https:\/\/bmj.com.br\/#website","url":"https:\/\/bmj.com.br\/","name":"BMJ","description":"Consultores Associados","publisher":{"@id":"https:\/\/bmj.com.br\/#organization"},"potentialAction":[{"@type":"SearchAction","target":{"@type":"EntryPoint","urlTemplate":"https:\/\/bmj.com.br\/?s={search_term_string}"},"query-input":{"@type":"PropertyValueSpecification","valueRequired":true,"valueName":"search_term_string"}}],"inLanguage":"es"},{"@type":"Organization","@id":"https:\/\/bmj.com.br\/#organization","name":"BMJ Consultoria","url":"https:\/\/bmj.com.br\/","logo":{"@type":"ImageObject","inLanguage":"es","@id":"https:\/\/bmj.com.br\/#\/schema\/logo\/image\/","url":"","contentUrl":"","caption":"BMJ Consultoria"},"image":{"@id":"https:\/\/bmj.com.br\/#\/schema\/logo\/image\/"},"sameAs":["https:\/\/www.facebook.com\/BMJAssociados\/?ref=ts","https:\/\/x.com\/BMJconsultoria","https:\/\/www.instagram.com\/bmjconsultoria\/","https:\/\/www.linkedin.com\/company\/bmjconsultoresassociados\/?originalSubdomain=br","https:\/\/www.youtube.com\/user\/bmjconsultoria"]},{"@type":"Person","@id":"https:\/\/bmj.com.br\/#\/schema\/person\/e3d3984837d4d1847e83b4197aa02975","name":"Dennis Bravo","image":{"@type":"ImageObject","inLanguage":"es","@id":"https:\/\/secure.gravatar.com\/avatar\/6a711d6eb2c762e1fa0b1af3d0183adea3563153cc8b6e8820177b2fec199793?s=96&d=mm&r=g","url":"https:\/\/secure.gravatar.com\/avatar\/6a711d6eb2c762e1fa0b1af3d0183adea3563153cc8b6e8820177b2fec199793?s=96&d=mm&r=g","contentUrl":"https:\/\/secure.gravatar.com\/avatar\/6a711d6eb2c762e1fa0b1af3d0183adea3563153cc8b6e8820177b2fec199793?s=96&d=mm&r=g","caption":"Dennis Bravo"},"url":"https:\/\/bmj.com.br\/es\/author\/matheus-rossi\/"}]}},"_links":{"self":[{"href":"https:\/\/bmj.com.br\/es\/wp-json\/wp\/v2\/posts\/3574","targetHints":{"allow":["GET"]}}],"collection":[{"href":"https:\/\/bmj.com.br\/es\/wp-json\/wp\/v2\/posts"}],"about":[{"href":"https:\/\/bmj.com.br\/es\/wp-json\/wp\/v2\/types\/post"}],"author":[{"embeddable":true,"href":"https:\/\/bmj.com.br\/es\/wp-json\/wp\/v2\/users\/15"}],"replies":[{"embeddable":true,"href":"https:\/\/bmj.com.br\/es\/wp-json\/wp\/v2\/comments?post=3574"}],"version-history":[{"count":0,"href":"https:\/\/bmj.com.br\/es\/wp-json\/wp\/v2\/posts\/3574\/revisions"}],"wp:featuredmedia":[{"embeddable":true,"href":"https:\/\/bmj.com.br\/es\/wp-json\/wp\/v2\/media\/3575"}],"wp:attachment":[{"href":"https:\/\/bmj.com.br\/es\/wp-json\/wp\/v2\/media?parent=3574"}],"wp:term":[{"taxonomy":"category","embeddable":true,"href":"https:\/\/bmj.com.br\/es\/wp-json\/wp\/v2\/categories?post=3574"},{"taxonomy":"post_tag","embeddable":true,"href":"https:\/\/bmj.com.br\/es\/wp-json\/wp\/v2\/tags?post=3574"}],"curies":[{"name":"wp","href":"https:\/\/api.w.org\/{rel}","templated":true}]}}