{"id":4338,"date":"2018-01-03T16:22:03","date_gmt":"2018-01-03T18:22:03","guid":{"rendered":"https:\/\/bmj.com.br\/?p=4338"},"modified":"2018-01-03T16:22:03","modified_gmt":"2018-01-03T18:22:03","slug":"o-presidente-vai-mudar-em-2019-mas-legendas-como-o-pmdb-continuarao-a-dar-as-cartas","status":"publish","type":"post","link":"https:\/\/bmj.com.br\/es\/o-presidente-vai-mudar-em-2019-mas-legendas-como-o-pmdb-continuarao-a-dar-as-cartas\/","title":{"rendered":"O presidente vai mudar em 2019. Mas legendas como o PMDB continuar\u00e3o a dar as cartas"},"content":{"rendered":"<p class=\"c-sumario\">A elei\u00e7\u00e3o que vai escolher o pr\u00f3ximo presidente da Rep\u00fablica acontece daqui um ano. Se por um lado isso traz esperan\u00e7a de mudan\u00e7as, a realidade logo se encarrega de jogar um balde de \u00e1gua fria. O sistema presidencialista de coaliz\u00e3o e a fragmenta\u00e7\u00e3o partid\u00e1ria no Brasil exigem que o novo chefe do Executivo fa\u00e7a uma composi\u00e7\u00e3o pol\u00edtica para poder governar. E para ter base de apoio no Congresso, o presidente oferece cargos de primeiro e segundo escal\u00e3o no governo aos aliados de conveni\u00eancia, perpetuando na Esplanada dos Minist\u00e9rios os mesmos pol\u00edticos de sempre.<\/p>\n<p>N\u00e3o por acaso, o brasileiro j\u00e1 se acostumou a ouvir nomes como Eliseu Padilha, Jader Barbalho, Renan Calheiros, Edison Lob\u00e3o e Romero Juc\u00e1, entre outros, nos principais postos de comando da Rep\u00fablica. Isso acontece desde a reabertura democr\u00e1tica, com a chegada de Jos\u00e9 Sarney \u00e0 Presid\u00eancia. Goste ou n\u00e3o e independentemente do seu espectro pol\u00edtico, o pr\u00f3ximo presidente vai precisar desses apoios.<\/p>\n<p>\u201cIsso mostra como os mesmos partidos s\u00e3o os fi\u00e9is da balan\u00e7a, independente do partido que o povo escolhe para o Executivo. Nosso sistema multipartid\u00e1rio e segmentado atua para manter os mesmo caciques no poder\u201d, avalia Lucas Fernandes, consultor de An\u00e1lise Pol\u00edcia e Assuntos Legislativos da Barral M Jorge Consultores Associados.<\/p>\n<p>O pr\u00f3prio Michel Temer, que chegou ao Planalto como vice da ex-presidente Dilma Rousseff, j\u00e1 foi figura importante nesse tabuleiro. Ele foi presidente da C\u00e2mara durante dois mandatos no governo de Fernando Henrique Cardoso e depois no governo Lula.<\/p>\n<p>Mudou de lado? N\u00e3o \u00e9 isso. Partidos sem uma ideologia marcada, como os de centro e os mais fisiol\u00f3gicos, que transitam bem dentro de governos com orienta\u00e7\u00e3o pol\u00edtica diferente, tendem a permanecer mais tempo nesse tabuleiro. Isso tamb\u00e9m significa que \u00e9 preciso atender aos diversos grupos distintos dentro desses partidos, pr\u00e1tica que n\u00e3o deve sofrer grandes mudan\u00e7as, na vis\u00e3o de Fernandes.<\/p>\n<p>\u201cO PMDB vai continuar como o fiel da balan\u00e7a, independente de quem vier. Ele consegue ter quadros importantes, mas que n\u00e3o s\u00e3o conhecidos do p\u00fablico. Por isso, mesmo com alguns quadros do PT, ele pode se aliar\u201d, afirmou.<\/p>\n<h2 class=\"c-intertitulo\">Renova\u00e7\u00e3o, em termos<\/h2>\n<p>Com a Opera\u00e7\u00e3o Lava Jato e mais pol\u00edticos condenados ou sob investiga\u00e7\u00e3o, um cen\u00e1rio de renova\u00e7\u00e3o se torna mais poss\u00edvel, avalia Fernandes.\u00a0A reforma pol\u00edtica aprovada neste ano deve ajudar a promover uma renova\u00e7\u00e3o maior dos pol\u00edticos do Executivo e Legislativo, mas s\u00f3 a partir de mais duas elei\u00e7\u00f5es gerais. Pelas regras que foram aprovadas, os partidos e pol\u00edticos j\u00e1 consolidados devem se sair melhor no pr\u00f3ximo pleito, avaliou Fernandes.<\/p>\n<p>Al\u00e9m disso, dificilmente o pr\u00f3ximo governo eleito conseguir\u00e1 governar sem se aliar ao PMDB, o que deve significar que ainda haver\u00e1 mais do mesmo na Esplanada dos Minist\u00e9rios no pr\u00f3ximo ano.<\/p>\n<p>\u201cPodemos esperar uma renova\u00e7\u00e3o um pouco maior do que nos outros anos, mas algumas figuras v\u00e3o continuar. O voto proporcional e as coliga\u00e7\u00f5es partid\u00e1rias v\u00e3o continuar. A gente consegue pensar numa renova\u00e7\u00e3o maior do que em outros anos, mas algumas caras devem continuar\u201d, afirmou o consultor.<\/p>\n<p>O cen\u00e1rio ainda \u00e9 obscuro para o pr\u00f3ximo ano, quanto a quem poder\u00e1 disputar as elei\u00e7\u00f5es. Mas, pelas regras atuais, pode-se esperar um minist\u00e9rio composto por indica\u00e7\u00f5es partid\u00e1rias da mesma forma como foi feito nas \u00faltimas d\u00e9cadas, a fim de aumentar a base do governo no Congresso.<\/p>\n<p>\u201cA longo prazo, o fim das coliga\u00e7\u00f5es em 2020 e mudan\u00e7as no fundo partid\u00e1rio v\u00e3o favorecer que partidos menores se vinculem em um s\u00f3. Estamos caminhando para ter partidos maiores. Daqui a umas duas elei\u00e7\u00f5es podemos ter um congresso mais palat\u00e1vel para o presidente, com menos fragmenta\u00e7\u00e3o. Vamos continuar tendo multipartidarismo e dependendo da coaliz\u00e3o, mas que ser\u00e1 um pouco menos custosa para o presidente\u201d, disse Fernandes.<\/p>\n<h2 class=\"c-intertitulo\">Pais deixam herdeiros na Esplanada<\/h2>\n<p>Para se perpetuarem, os grupos pol\u00edticos criam seus cl\u00e3s, colocando filhos como descendente de seus legados pol\u00edticos. O senador Jader Barbalho (PMDB-PA), que foi ministro da Previd\u00eancia no governo Sarney, deixou seu filho Helder Barbalho como herdeiro na Esplanada. Helder \u00e9 ministro da Integra\u00e7\u00e3o Nacional atualmente. O mesmo vale para o senador Fernando Bezerra (PSB-PE), que foi ministro na gest\u00e3o FHC, voltou no governo Dilma e agora tem o filho Fernando Coelho como ministro de Minas e Energia de Temer.<\/p>\n<p>O ex-senador e ex-presidente Jos\u00e9 Sarney tamb\u00e9m tem seu herdeiro na Esplanada. Sarney Filho (PV-MA) foi ministro do Meio Ambiente de FHC e agora ocupa o mesmo cargo com Temer. Al\u00e9m disso, mesmo estando aposentado, ainda \u00e9 not\u00f3rio o poder do grupo do PMDB chefiado por Sarney. Nesta semana, chegou ao comando da Pol\u00edcia Federal um nome que teria sido indicado pelo ex-presidente.<\/p>\n<h2 class=\"c-intertitulo\">Os mesmo de sempre<\/h2>\n<p>A orienta\u00e7\u00e3o pol\u00edtica de quem est\u00e1 no poder n\u00e3o importa para nomes como Renan Calheiros e Eliseu Padilha, aliados de primeira hora. Padilha, ligado ao PMDB do Rio Grande do Sul, foi ministro dos Transportes no governo do tucano FHC e voltou quando a petista Dilma estava no comando, como ministro-chefe da Secretaria de Avia\u00e7\u00e3o Civil. Agora, com Temer, \u00e9 um dos homens de confian\u00e7a do presidente, na Casa Civil, mesmo estando denunciado na Lava Jato.<\/p>\n<p>Renan (PMDB-AL) tamb\u00e9m soube transitar entre o azul tucano e o vermelho PT. Ministro da Justi\u00e7a de FHC, Calheiros foi presidente do Senado durante grande parte dos governos Lula e Dilma. Hoje, tenta eleger o filho governador de Alagoas e se reeleger senador, colocando-se como aliado de Lula e na oposi\u00e7\u00e3o de Temer.<\/p>\n<p>O impeachment de Dilma n\u00e3o alterou em nada o jogo de for\u00e7as na Esplanada. Os tucanos ganharam algum espa\u00e7o (quatro minist\u00e9rios, bastante para quem estava na oposi\u00e7\u00e3o \u00e0 gest\u00e3o anterior), mas os caciques do PMDB continuaram a dar as cartas.<\/p>\n<p>Moreira Franco (PMDB-RJ) e Geddel Vieira Lima (PMDB-BA) s\u00e3o exemplos dessa perpetua\u00e7\u00e3o no poder. Franco esteve bem pr\u00f3ximo de Dilma, como ministro-chefe da Secretaria de Assuntos Estrat\u00e9gicos e depois na pasta que cuida da Avia\u00e7\u00e3o Civil. Na troca de presidente, continuou despachando no Pal\u00e1cio do Planalto, como coordenador do Programa de Parcerias em Investimentos (PPI) de Temer. Denunciado na Lava Jato, Temer deu um cargo de ministro a Moreira Franco, para evitar que ele seja julgado na justi\u00e7a estadual.<\/p>\n<p>J\u00e1 Geddel foi ministro da Integra\u00e7\u00e3o Nacional do governo Lula, e depois foi al\u00e7ado ao cargo de vice-presidente de pessoa jur\u00eddica da Caixa Econ\u00f4mica Federal, no governo Dilma. Com Temer, Geddel foi ministro da Secretaria de Governo, mas se demitiu em meio a den\u00fancias de tr\u00e1fico de influ\u00eancia. Hoje, est\u00e1 preso ap\u00f3s ser encontrado R$ 51 milh\u00f5es em dinheiro vivo em um apartamento que ele utilizava.<\/p>","protected":false},"excerpt":{"rendered":"<p>A elei\u00e7\u00e3o que vai escolher o pr\u00f3ximo presidente da Rep\u00fablica acontece daqui um ano. Se por um lado isso traz esperan\u00e7a de mudan\u00e7as, a realidade logo se encarrega de jogar&#8230;<\/p>","protected":false},"author":15,"featured_media":4339,"comment_status":"open","ping_status":"open","sticky":false,"template":"","format":"standard","meta":{"_acf_changed":false,"_exactmetrics_skip_tracking":false,"_exactmetrics_sitenote_active":false,"_exactmetrics_sitenote_note":"","_exactmetrics_sitenote_category":0,"footnotes":""},"categories":[45],"tags":[19,370,514,22,81],"class_list":{"0":"post-4338","1":"post","2":"type-post","3":"status-publish","4":"format-standard","5":"has-post-thumbnail","7":"category-relacoes-governamentais","8":"tag-barral","9":"tag-eleicoes-2018","10":"tag-lucas-fernandes","11":"tag-portugues","12":"tag-relacoes-governamentais"},"acf":[],"yoast_head":"<!-- This site is optimized with the Yoast SEO plugin v27.4 - https:\/\/yoast.com\/product\/yoast-seo-wordpress\/ -->\n<title>O presidente vai mudar em 2019. Mas legendas como o PMDB continuar\u00e3o a dar as cartas - BMJ<\/title>\n<meta name=\"robots\" content=\"index, follow, max-snippet:-1, max-image-preview:large, max-video-preview:-1\" \/>\n<link rel=\"canonical\" href=\"https:\/\/bmj.com.br\/es\/o-presidente-vai-mudar-em-2019-mas-legendas-como-o-pmdb-continuarao-a-dar-as-cartas\/\" \/>\n<meta property=\"og:locale\" content=\"es_ES\" \/>\n<meta property=\"og:type\" content=\"article\" \/>\n<meta property=\"og:title\" content=\"O presidente vai mudar em 2019. Mas legendas como o PMDB continuar\u00e3o a dar as cartas - BMJ\" \/>\n<meta property=\"og:description\" content=\"A elei\u00e7\u00e3o que vai escolher o pr\u00f3ximo presidente da Rep\u00fablica acontece daqui um ano. Se por um lado isso traz esperan\u00e7a de mudan\u00e7as, a realidade logo se encarrega de jogar...\" \/>\n<meta property=\"og:url\" content=\"https:\/\/bmj.com.br\/es\/o-presidente-vai-mudar-em-2019-mas-legendas-como-o-pmdb-continuarao-a-dar-as-cartas\/\" \/>\n<meta property=\"og:site_name\" content=\"BMJ\" \/>\n<meta property=\"article:publisher\" content=\"https:\/\/www.facebook.com\/BMJAssociados\/?ref=ts\" \/>\n<meta property=\"article:published_time\" content=\"2018-01-03T18:22:03+00:00\" \/>\n<meta property=\"og:image\" content=\"https:\/\/bmj.com.br\/wp-content\/uploads\/2018\/01\/noticia-gazeta-do-povo.png\" \/>\n\t<meta property=\"og:image:width\" content=\"382\" \/>\n\t<meta property=\"og:image:height\" content=\"202\" \/>\n\t<meta property=\"og:image:type\" content=\"image\/png\" \/>\n<meta name=\"author\" content=\"Dennis Bravo\" \/>\n<meta name=\"twitter:card\" content=\"summary_large_image\" \/>\n<meta name=\"twitter:creator\" content=\"@BMJconsultoria\" \/>\n<meta name=\"twitter:site\" content=\"@BMJconsultoria\" \/>\n<meta name=\"twitter:label1\" content=\"Escrito por\" \/>\n\t<meta name=\"twitter:data1\" content=\"Dennis Bravo\" \/>\n\t<meta name=\"twitter:label2\" content=\"Tiempo de lectura\" \/>\n\t<meta name=\"twitter:data2\" content=\"6 minutos\" \/>\n<script type=\"application\/ld+json\" class=\"yoast-schema-graph\">{\"@context\":\"https:\\\/\\\/schema.org\",\"@graph\":[{\"@type\":\"Article\",\"@id\":\"https:\\\/\\\/bmj.com.br\\\/es\\\/o-presidente-vai-mudar-em-2019-mas-legendas-como-o-pmdb-continuarao-a-dar-as-cartas\\\/#article\",\"isPartOf\":{\"@id\":\"https:\\\/\\\/bmj.com.br\\\/es\\\/o-presidente-vai-mudar-em-2019-mas-legendas-como-o-pmdb-continuarao-a-dar-as-cartas\\\/\"},\"author\":{\"name\":\"Dennis Bravo\",\"@id\":\"https:\\\/\\\/bmj.com.br\\\/#\\\/schema\\\/person\\\/e3d3984837d4d1847e83b4197aa02975\"},\"headline\":\"O presidente vai mudar em 2019. Mas legendas como o PMDB continuar\u00e3o a dar as cartas\",\"datePublished\":\"2018-01-03T18:22:03+00:00\",\"mainEntityOfPage\":{\"@id\":\"https:\\\/\\\/bmj.com.br\\\/es\\\/o-presidente-vai-mudar-em-2019-mas-legendas-como-o-pmdb-continuarao-a-dar-as-cartas\\\/\"},\"wordCount\":1201,\"commentCount\":0,\"publisher\":{\"@id\":\"https:\\\/\\\/bmj.com.br\\\/#organization\"},\"image\":{\"@id\":\"https:\\\/\\\/bmj.com.br\\\/es\\\/o-presidente-vai-mudar-em-2019-mas-legendas-como-o-pmdb-continuarao-a-dar-as-cartas\\\/#primaryimage\"},\"thumbnailUrl\":\"https:\\\/\\\/bmj.com.br\\\/wp-content\\\/uploads\\\/2018\\\/01\\\/noticia-gazeta-do-povo.png\",\"keywords\":[\"barral\",\"Elei\u00e7\u00f5es 2018\",\"lucas fernandes\",\"Portugues\",\"Rela\u00e7\u00f5es Governamentais\"],\"articleSection\":[\"Rela\u00e7\u00f5es Governamentais\"],\"inLanguage\":\"es\",\"potentialAction\":[{\"@type\":\"CommentAction\",\"name\":\"Comment\",\"target\":[\"https:\\\/\\\/bmj.com.br\\\/es\\\/o-presidente-vai-mudar-em-2019-mas-legendas-como-o-pmdb-continuarao-a-dar-as-cartas\\\/#respond\"]}]},{\"@type\":\"WebPage\",\"@id\":\"https:\\\/\\\/bmj.com.br\\\/es\\\/o-presidente-vai-mudar-em-2019-mas-legendas-como-o-pmdb-continuarao-a-dar-as-cartas\\\/\",\"url\":\"https:\\\/\\\/bmj.com.br\\\/es\\\/o-presidente-vai-mudar-em-2019-mas-legendas-como-o-pmdb-continuarao-a-dar-as-cartas\\\/\",\"name\":\"O presidente vai mudar em 2019. Mas legendas como o PMDB continuar\u00e3o a dar as cartas - BMJ\",\"isPartOf\":{\"@id\":\"https:\\\/\\\/bmj.com.br\\\/#website\"},\"primaryImageOfPage\":{\"@id\":\"https:\\\/\\\/bmj.com.br\\\/es\\\/o-presidente-vai-mudar-em-2019-mas-legendas-como-o-pmdb-continuarao-a-dar-as-cartas\\\/#primaryimage\"},\"image\":{\"@id\":\"https:\\\/\\\/bmj.com.br\\\/es\\\/o-presidente-vai-mudar-em-2019-mas-legendas-como-o-pmdb-continuarao-a-dar-as-cartas\\\/#primaryimage\"},\"thumbnailUrl\":\"https:\\\/\\\/bmj.com.br\\\/wp-content\\\/uploads\\\/2018\\\/01\\\/noticia-gazeta-do-povo.png\",\"datePublished\":\"2018-01-03T18:22:03+00:00\",\"breadcrumb\":{\"@id\":\"https:\\\/\\\/bmj.com.br\\\/es\\\/o-presidente-vai-mudar-em-2019-mas-legendas-como-o-pmdb-continuarao-a-dar-as-cartas\\\/#breadcrumb\"},\"inLanguage\":\"es\",\"potentialAction\":[{\"@type\":\"ReadAction\",\"target\":[\"https:\\\/\\\/bmj.com.br\\\/es\\\/o-presidente-vai-mudar-em-2019-mas-legendas-como-o-pmdb-continuarao-a-dar-as-cartas\\\/\"]}]},{\"@type\":\"ImageObject\",\"inLanguage\":\"es\",\"@id\":\"https:\\\/\\\/bmj.com.br\\\/es\\\/o-presidente-vai-mudar-em-2019-mas-legendas-como-o-pmdb-continuarao-a-dar-as-cartas\\\/#primaryimage\",\"url\":\"https:\\\/\\\/bmj.com.br\\\/wp-content\\\/uploads\\\/2018\\\/01\\\/noticia-gazeta-do-povo.png\",\"contentUrl\":\"https:\\\/\\\/bmj.com.br\\\/wp-content\\\/uploads\\\/2018\\\/01\\\/noticia-gazeta-do-povo.png\",\"width\":382,\"height\":202},{\"@type\":\"BreadcrumbList\",\"@id\":\"https:\\\/\\\/bmj.com.br\\\/es\\\/o-presidente-vai-mudar-em-2019-mas-legendas-como-o-pmdb-continuarao-a-dar-as-cartas\\\/#breadcrumb\",\"itemListElement\":[{\"@type\":\"ListItem\",\"position\":1,\"name\":\"Home\",\"item\":\"https:\\\/\\\/bmj.com.br\\\/\"},{\"@type\":\"ListItem\",\"position\":2,\"name\":\"O presidente vai mudar em 2019. Mas legendas como o PMDB continuar\u00e3o a dar as cartas\"}]},{\"@type\":\"WebSite\",\"@id\":\"https:\\\/\\\/bmj.com.br\\\/#website\",\"url\":\"https:\\\/\\\/bmj.com.br\\\/\",\"name\":\"BMJ\",\"description\":\"Consultores Associados\",\"publisher\":{\"@id\":\"https:\\\/\\\/bmj.com.br\\\/#organization\"},\"potentialAction\":[{\"@type\":\"SearchAction\",\"target\":{\"@type\":\"EntryPoint\",\"urlTemplate\":\"https:\\\/\\\/bmj.com.br\\\/?s={search_term_string}\"},\"query-input\":{\"@type\":\"PropertyValueSpecification\",\"valueRequired\":true,\"valueName\":\"search_term_string\"}}],\"inLanguage\":\"es\"},{\"@type\":\"Organization\",\"@id\":\"https:\\\/\\\/bmj.com.br\\\/#organization\",\"name\":\"BMJ Consultoria\",\"url\":\"https:\\\/\\\/bmj.com.br\\\/\",\"logo\":{\"@type\":\"ImageObject\",\"inLanguage\":\"es\",\"@id\":\"https:\\\/\\\/bmj.com.br\\\/#\\\/schema\\\/logo\\\/image\\\/\",\"url\":\"\",\"contentUrl\":\"\",\"caption\":\"BMJ Consultoria\"},\"image\":{\"@id\":\"https:\\\/\\\/bmj.com.br\\\/#\\\/schema\\\/logo\\\/image\\\/\"},\"sameAs\":[\"https:\\\/\\\/www.facebook.com\\\/BMJAssociados\\\/?ref=ts\",\"https:\\\/\\\/x.com\\\/BMJconsultoria\",\"https:\\\/\\\/www.instagram.com\\\/bmjconsultoria\\\/\",\"https:\\\/\\\/www.linkedin.com\\\/company\\\/bmjconsultoresassociados\\\/?originalSubdomain=br\",\"https:\\\/\\\/www.youtube.com\\\/user\\\/bmjconsultoria\"]},{\"@type\":\"Person\",\"@id\":\"https:\\\/\\\/bmj.com.br\\\/#\\\/schema\\\/person\\\/e3d3984837d4d1847e83b4197aa02975\",\"name\":\"Dennis Bravo\",\"image\":{\"@type\":\"ImageObject\",\"inLanguage\":\"es\",\"@id\":\"https:\\\/\\\/secure.gravatar.com\\\/avatar\\\/6a711d6eb2c762e1fa0b1af3d0183adea3563153cc8b6e8820177b2fec199793?s=96&d=mm&r=g\",\"url\":\"https:\\\/\\\/secure.gravatar.com\\\/avatar\\\/6a711d6eb2c762e1fa0b1af3d0183adea3563153cc8b6e8820177b2fec199793?s=96&d=mm&r=g\",\"contentUrl\":\"https:\\\/\\\/secure.gravatar.com\\\/avatar\\\/6a711d6eb2c762e1fa0b1af3d0183adea3563153cc8b6e8820177b2fec199793?s=96&d=mm&r=g\",\"caption\":\"Dennis Bravo\"},\"url\":\"https:\\\/\\\/bmj.com.br\\\/es\\\/author\\\/matheus-rossi\\\/\"}]}<\/script>\n<!-- \/ Yoast SEO plugin. -->","yoast_head_json":{"title":"O presidente vai mudar em 2019. Mas legendas como o PMDB continuar\u00e3o a dar as cartas - BMJ","robots":{"index":"index","follow":"follow","max-snippet":"max-snippet:-1","max-image-preview":"max-image-preview:large","max-video-preview":"max-video-preview:-1"},"canonical":"https:\/\/bmj.com.br\/es\/o-presidente-vai-mudar-em-2019-mas-legendas-como-o-pmdb-continuarao-a-dar-as-cartas\/","og_locale":"es_ES","og_type":"article","og_title":"O presidente vai mudar em 2019. Mas legendas como o PMDB continuar\u00e3o a dar as cartas - BMJ","og_description":"A elei\u00e7\u00e3o que vai escolher o pr\u00f3ximo presidente da Rep\u00fablica acontece daqui um ano. Se por um lado isso traz esperan\u00e7a de mudan\u00e7as, a realidade logo se encarrega de jogar...","og_url":"https:\/\/bmj.com.br\/es\/o-presidente-vai-mudar-em-2019-mas-legendas-como-o-pmdb-continuarao-a-dar-as-cartas\/","og_site_name":"BMJ","article_publisher":"https:\/\/www.facebook.com\/BMJAssociados\/?ref=ts","article_published_time":"2018-01-03T18:22:03+00:00","og_image":[{"width":382,"height":202,"url":"https:\/\/bmj.com.br\/wp-content\/uploads\/2018\/01\/noticia-gazeta-do-povo.png","type":"image\/png"}],"author":"Dennis Bravo","twitter_card":"summary_large_image","twitter_creator":"@BMJconsultoria","twitter_site":"@BMJconsultoria","twitter_misc":{"Escrito por":"Dennis Bravo","Tiempo de lectura":"6 minutos"},"schema":{"@context":"https:\/\/schema.org","@graph":[{"@type":"Article","@id":"https:\/\/bmj.com.br\/es\/o-presidente-vai-mudar-em-2019-mas-legendas-como-o-pmdb-continuarao-a-dar-as-cartas\/#article","isPartOf":{"@id":"https:\/\/bmj.com.br\/es\/o-presidente-vai-mudar-em-2019-mas-legendas-como-o-pmdb-continuarao-a-dar-as-cartas\/"},"author":{"name":"Dennis Bravo","@id":"https:\/\/bmj.com.br\/#\/schema\/person\/e3d3984837d4d1847e83b4197aa02975"},"headline":"O presidente vai mudar em 2019. Mas legendas como o PMDB continuar\u00e3o a dar as cartas","datePublished":"2018-01-03T18:22:03+00:00","mainEntityOfPage":{"@id":"https:\/\/bmj.com.br\/es\/o-presidente-vai-mudar-em-2019-mas-legendas-como-o-pmdb-continuarao-a-dar-as-cartas\/"},"wordCount":1201,"commentCount":0,"publisher":{"@id":"https:\/\/bmj.com.br\/#organization"},"image":{"@id":"https:\/\/bmj.com.br\/es\/o-presidente-vai-mudar-em-2019-mas-legendas-como-o-pmdb-continuarao-a-dar-as-cartas\/#primaryimage"},"thumbnailUrl":"https:\/\/bmj.com.br\/wp-content\/uploads\/2018\/01\/noticia-gazeta-do-povo.png","keywords":["barral","Elei\u00e7\u00f5es 2018","lucas fernandes","Portugues","Rela\u00e7\u00f5es Governamentais"],"articleSection":["Rela\u00e7\u00f5es Governamentais"],"inLanguage":"es","potentialAction":[{"@type":"CommentAction","name":"Comment","target":["https:\/\/bmj.com.br\/es\/o-presidente-vai-mudar-em-2019-mas-legendas-como-o-pmdb-continuarao-a-dar-as-cartas\/#respond"]}]},{"@type":"WebPage","@id":"https:\/\/bmj.com.br\/es\/o-presidente-vai-mudar-em-2019-mas-legendas-como-o-pmdb-continuarao-a-dar-as-cartas\/","url":"https:\/\/bmj.com.br\/es\/o-presidente-vai-mudar-em-2019-mas-legendas-como-o-pmdb-continuarao-a-dar-as-cartas\/","name":"O presidente vai mudar em 2019. Mas legendas como o PMDB continuar\u00e3o a dar as cartas - BMJ","isPartOf":{"@id":"https:\/\/bmj.com.br\/#website"},"primaryImageOfPage":{"@id":"https:\/\/bmj.com.br\/es\/o-presidente-vai-mudar-em-2019-mas-legendas-como-o-pmdb-continuarao-a-dar-as-cartas\/#primaryimage"},"image":{"@id":"https:\/\/bmj.com.br\/es\/o-presidente-vai-mudar-em-2019-mas-legendas-como-o-pmdb-continuarao-a-dar-as-cartas\/#primaryimage"},"thumbnailUrl":"https:\/\/bmj.com.br\/wp-content\/uploads\/2018\/01\/noticia-gazeta-do-povo.png","datePublished":"2018-01-03T18:22:03+00:00","breadcrumb":{"@id":"https:\/\/bmj.com.br\/es\/o-presidente-vai-mudar-em-2019-mas-legendas-como-o-pmdb-continuarao-a-dar-as-cartas\/#breadcrumb"},"inLanguage":"es","potentialAction":[{"@type":"ReadAction","target":["https:\/\/bmj.com.br\/es\/o-presidente-vai-mudar-em-2019-mas-legendas-como-o-pmdb-continuarao-a-dar-as-cartas\/"]}]},{"@type":"ImageObject","inLanguage":"es","@id":"https:\/\/bmj.com.br\/es\/o-presidente-vai-mudar-em-2019-mas-legendas-como-o-pmdb-continuarao-a-dar-as-cartas\/#primaryimage","url":"https:\/\/bmj.com.br\/wp-content\/uploads\/2018\/01\/noticia-gazeta-do-povo.png","contentUrl":"https:\/\/bmj.com.br\/wp-content\/uploads\/2018\/01\/noticia-gazeta-do-povo.png","width":382,"height":202},{"@type":"BreadcrumbList","@id":"https:\/\/bmj.com.br\/es\/o-presidente-vai-mudar-em-2019-mas-legendas-como-o-pmdb-continuarao-a-dar-as-cartas\/#breadcrumb","itemListElement":[{"@type":"ListItem","position":1,"name":"Home","item":"https:\/\/bmj.com.br\/"},{"@type":"ListItem","position":2,"name":"O presidente vai mudar em 2019. Mas legendas como o PMDB continuar\u00e3o a dar as cartas"}]},{"@type":"WebSite","@id":"https:\/\/bmj.com.br\/#website","url":"https:\/\/bmj.com.br\/","name":"BMJ","description":"Consultores Associados","publisher":{"@id":"https:\/\/bmj.com.br\/#organization"},"potentialAction":[{"@type":"SearchAction","target":{"@type":"EntryPoint","urlTemplate":"https:\/\/bmj.com.br\/?s={search_term_string}"},"query-input":{"@type":"PropertyValueSpecification","valueRequired":true,"valueName":"search_term_string"}}],"inLanguage":"es"},{"@type":"Organization","@id":"https:\/\/bmj.com.br\/#organization","name":"BMJ Consultoria","url":"https:\/\/bmj.com.br\/","logo":{"@type":"ImageObject","inLanguage":"es","@id":"https:\/\/bmj.com.br\/#\/schema\/logo\/image\/","url":"","contentUrl":"","caption":"BMJ Consultoria"},"image":{"@id":"https:\/\/bmj.com.br\/#\/schema\/logo\/image\/"},"sameAs":["https:\/\/www.facebook.com\/BMJAssociados\/?ref=ts","https:\/\/x.com\/BMJconsultoria","https:\/\/www.instagram.com\/bmjconsultoria\/","https:\/\/www.linkedin.com\/company\/bmjconsultoresassociados\/?originalSubdomain=br","https:\/\/www.youtube.com\/user\/bmjconsultoria"]},{"@type":"Person","@id":"https:\/\/bmj.com.br\/#\/schema\/person\/e3d3984837d4d1847e83b4197aa02975","name":"Dennis Bravo","image":{"@type":"ImageObject","inLanguage":"es","@id":"https:\/\/secure.gravatar.com\/avatar\/6a711d6eb2c762e1fa0b1af3d0183adea3563153cc8b6e8820177b2fec199793?s=96&d=mm&r=g","url":"https:\/\/secure.gravatar.com\/avatar\/6a711d6eb2c762e1fa0b1af3d0183adea3563153cc8b6e8820177b2fec199793?s=96&d=mm&r=g","contentUrl":"https:\/\/secure.gravatar.com\/avatar\/6a711d6eb2c762e1fa0b1af3d0183adea3563153cc8b6e8820177b2fec199793?s=96&d=mm&r=g","caption":"Dennis Bravo"},"url":"https:\/\/bmj.com.br\/es\/author\/matheus-rossi\/"}]}},"_links":{"self":[{"href":"https:\/\/bmj.com.br\/es\/wp-json\/wp\/v2\/posts\/4338","targetHints":{"allow":["GET"]}}],"collection":[{"href":"https:\/\/bmj.com.br\/es\/wp-json\/wp\/v2\/posts"}],"about":[{"href":"https:\/\/bmj.com.br\/es\/wp-json\/wp\/v2\/types\/post"}],"author":[{"embeddable":true,"href":"https:\/\/bmj.com.br\/es\/wp-json\/wp\/v2\/users\/15"}],"replies":[{"embeddable":true,"href":"https:\/\/bmj.com.br\/es\/wp-json\/wp\/v2\/comments?post=4338"}],"version-history":[{"count":0,"href":"https:\/\/bmj.com.br\/es\/wp-json\/wp\/v2\/posts\/4338\/revisions"}],"wp:featuredmedia":[{"embeddable":true,"href":"https:\/\/bmj.com.br\/es\/wp-json\/wp\/v2\/media\/4339"}],"wp:attachment":[{"href":"https:\/\/bmj.com.br\/es\/wp-json\/wp\/v2\/media?parent=4338"}],"wp:term":[{"taxonomy":"category","embeddable":true,"href":"https:\/\/bmj.com.br\/es\/wp-json\/wp\/v2\/categories?post=4338"},{"taxonomy":"post_tag","embeddable":true,"href":"https:\/\/bmj.com.br\/es\/wp-json\/wp\/v2\/tags?post=4338"}],"curies":[{"name":"wp","href":"https:\/\/api.w.org\/{rel}","templated":true}]}}