{"id":4904,"date":"2018-06-13T10:24:49","date_gmt":"2018-06-13T13:24:49","guid":{"rendered":"https:\/\/bmj.com.br\/?p=4904"},"modified":"2018-06-13T10:24:49","modified_gmt":"2018-06-13T13:24:49","slug":"eleicoes-2018-uma-final-ciro-x-alckmin","status":"publish","type":"post","link":"https:\/\/bmj.com.br\/es\/eleicoes-2018-uma-final-ciro-x-alckmin\/","title":{"rendered":"Elei\u00e7\u00f5es 2018: uma final Ciro x Alckmin?"},"content":{"rendered":"<p class=\"article-subtitle\"><em>Pela esquerda, Ciro Gomes desponta como o candidato substituto de Lula. Do outro lado, Alckmin, a seu modo, ainda tenta sair do ch\u00e3o.<\/em><\/p>\n<p style=\"text-align: left;\">\u201cSou candidato \u00e0 Presid\u00eancia da Rep\u00fablica\u201d \u00e9 uma frase candidata a ser uma das mais batidas do ano \u2013 e ainda h\u00e1 muito tempo pela frente.\u00a0At\u00e9 agora, 20 postulantes falaram a s\u00e9rio ter a inten\u00e7\u00e3o de disputar o cargo. Nesta semana, mais tr\u00eas nomes entraram oficialmente na\u00a0<strong><a href=\"https:\/\/exame.abril.com.br\/noticias-sobre\/eleicoes-2018\">disputa<\/a><\/strong>, n\u00e3o sem antes\u00a0ter\u00a0repetido o chav\u00e3o \u00e0 exaust\u00e3o.<\/p>\n<p>O ex-governador do Cear\u00e1\u00a0<strong><a href=\"https:\/\/exame.abril.com.br\/noticias-sobre\/ciro-gomes\">Ciro Gomes<\/a><\/strong>\u00a0(PDT) \u00e9 um deles. Apresentado em conven\u00e7\u00e3o do partido na \u00faltima quinta-feira, sua candidatura vem sendo martelada por integrantes do PDT\u00a0desde o ano passado. Ciro foi ministro da Fazenda e da Integra\u00e7\u00e3o Nacional, al\u00e9m de candidato \u00e0 Presid\u00eancia em outras duas ocasi\u00f5es, 1998 e 2002. \u00c9 o candidato que melhor pontua no campo mais \u00e0 esquerda,\u00a0excetuando\u00a0o ex-presidente Luiz In\u00e1cio Lula da Silva, que est\u00e1 virtualmente exclu\u00eddo da disputa pela Lei da Ficha Limpa,\u00a0considerando sua\u00a0condena\u00e7\u00e3o em segunda inst\u00e2ncia\u00a0em um processo da\u00a0Opera\u00e7\u00e3o Lava Jato.\u00a0Ciro tem\u00a08,1% das inten\u00e7\u00f5es de voto no cen\u00e1rio sem Lula, segundo a pesquisa CNT\/MDA, divulgada\u00a0h\u00e1 poucos dias.<\/p>\n<p>Durante a semana, Ciro deu v\u00e1rias\u00a0entrevistas para apresentar sua candidatura. Sempre foi perguntado sobre a frase que destruiu sua campanha em 2002,\u00a0quando disse\u00a0que \u201cdormir comigo\u201d era o papel de sua ex-esposa Patr\u00edcia Pillar em sua campanha.\u00a0Ciro afirma estar\u00a0mais maduro e cuidadoso, trunfo que a idade lhe trouxe.<\/p>\n<p>&nbsp;<\/p>\n<h3 style=\"text-align: center;\">\u201cFiz uma piada de extremo mau gosto, com o amor da minha vida, uma pessoa pela qual tenho um respeito intelectual, al\u00e9m do amor extremo, e por isso me desculpei\u201d, disse. \u201cComo n\u00e3o podem dizer que eu sou ladr\u00e3o, que eu sou incompetente, eu dei o queixo para bater.\u201d<\/h3>\n<p>&nbsp;<\/p>\n<p>Por fim, Ciro fez uma previs\u00e3o:\u00a0\u201cO\u00a0Bolsonaro\u00a0est\u00e1\u00a0tamponando a evolu\u00e7\u00e3o do candidato real, da direita \u2018civilizada\u2019 do Brasil, que \u00e9 o Alckmin, e o Lula\u00a0est\u00e1\u00a0tamponando a minha evolu\u00e7\u00e3o. Na medida em que um ou outro n\u00e3o esteja no processo, eu\u00a0e o\u00a0Alckmin provavelmente dividiremos a disputa no segundo turno.\u201d<\/p>\n<p>No limite, Ciro tem alguma raz\u00e3o no otimismo.\u00a0Dentre os nomes colocados, o seu \u00e9 o que\u00a0mais tem a ganhar\u00a0nas inten\u00e7\u00f5es de voto com a sa\u00edda de Lula do p\u00e1reo. Marina Silva se aproveita substancialmente dos n\u00fameros, de 7,8% para 12,8% sem o petista, mas a estrutura partid\u00e1ria da Rede Sustentabilidade dificulta o crescimento. Pesa tamb\u00e9m o fato de Marina Silva ter apoiado A\u00e9cio Neves (PSDB) nas elei\u00e7\u00f5es de 2014, o que diminui a chance de um apoio direto do partido do ex-presidente. Mesmo com a perda de 60% de suas prefeituras em 2016, um indicado dentro do PT teria as maiores chances. Assim, a disputa pela esquerda deve ficar entre Ciro e Fernando Haddad (PT).<\/p>\n<p>O\u00a0PT\u00a0insiste publicamente na candidatura de Lula, mas Haddad atua como sua sombra. Outro plano petista,\u00a0uma candidatura do\u00a0ex-governador\u00a0da Bahia\u00a0Jaques Wagner, perdeu for\u00e7a depois de\u00a0ele ter sido\u00a0chamuscado pela Opera\u00e7\u00e3o\u00a0Cart\u00e3o Vermelho, que investiga irregularidades e superfaturamento nas obras da Arena Fonte Nova, em Salvador.\u00a0Essa opera\u00e7\u00e3o\u00a0colocou agentes da Pol\u00edcia Federal cumprindo mandados de busca e apreens\u00e3o no apartamento de Wagner. A propina\u00a0recebida por ele seria\u00a0de 82 milh\u00f5es de reais, segundo as autoridades policiais.<\/p>\n<p>&nbsp;<\/p>\n<h3 style=\"text-align: center;\">\u201cO PT\u00a0tem que ser considerado, Lula \u00e9 uma grande lideran\u00e7a, mas temos esperan\u00e7a de unir todo mundo\u201d, diz o presidente do PDT, Carlos Lupi. \u201cAinda \u00e9 cedo para pensar em uni\u00e3o em primeiro turno, mas j\u00e1 vi de tudo na pol\u00edtica.\u201d<\/h3>\n<p>&nbsp;<\/p>\n<p>Nos bastidores de Bras\u00edlia,\u00a0comenta-se que a\u00a0figura de Ciro gera desconforto para a forma\u00e7\u00e3o de alian\u00e7as com os demais partidos de esquerda. Para parlamentares consultados por EXAME, o estilo falastr\u00e3o torna inst\u00e1vel seu crescimento nas pesquisas e partidos m\u00e9dios s\u00f3 embarcam de vez em chapas com chance de vit\u00f3ria. O tempo de propaganda no r\u00e1dio e TV\u00a0ainda \u00e9\u00a0fundamental\u00a0para alavancar uma candidatura, mas l\u00edderes de partido temem que Ciro novamente \u201cmorra pela boca\u201d.<\/p>\n<p>\u201cSe souber de um candidato com alian\u00e7as formadas, pode me contar. No momento, ningu\u00e9m tem alian\u00e7a com ningu\u00e9m. \u00c9 uma fase de\u00a0lan\u00e7ar\u00a0candidaturas, atrair votos e se colocar\u201d, diz Lupi. \u201cEssas quest\u00f5es v\u00e3o ser decidas muito perto do prazo. Os partidos s\u00e3o pragm\u00e1ticos no processo e querem ver os resultados de pesquisa para embarcar em um nome.\u201d<\/p>\n<p>No radar de Ciro ainda est\u00e3o partidos como o PSB e\u00a0o PCdoB. O primeiro \u00e9 um dos poucos que n\u00e3o\u00a0exploraram\u00a0uma candidatura pr\u00f3pria ao Planalto. H\u00e1 ainda uma particularidade: o PSB\u00a0entrou em crise de identidade\u00a0desde o in\u00edcio do governo Temer,\u00a0quando\u00a0parte dos l\u00edderes decidiram apoiar o governo, indo contra o que\u00a0outros\u00a0chamam de \u201cbandeiras tradicionais\u201d da legenda. O racha causou debandada, que deve se intensificar neste m\u00eas, com a janela partid\u00e1ria. A estrat\u00e9gia, ent\u00e3o, \u00e9 n\u00e3o ter candidatos a cargos majorit\u00e1rios para ter mais verba de campanha\u00a0e aumentar\u00a0a bancada na C\u00e2mara.<\/p>\n<p>O PCdoB, forte aliado do PT nos \u00faltimos ciclos, lan\u00e7ou\u00a0a deputada estadual ga\u00facha\u00a0Manuela D\u2019\u00c1vila.\u00a0O programa, contudo, em nada se difere do PT. Fala em revoga\u00e7\u00e3o da reforma trabalhista e engavetamento da Previd\u00eancia, al\u00e9m de defender o mesmo discurso petista de que foi instaurado um \u201cgolpe\u201d contra Dilma Rousseff.\u00a0Ela considera que \u00e9 necess\u00e1ria uma candidatura\u00a0para marcar posi\u00e7\u00e3o no campo progressista.\u00a0\u00a0O PCdoB \u00e9\u00a0o partido\u00a0que d\u00e1 mais\u00a0sinais de ser favor\u00e1vel a\u00a0uma uni\u00e3o da esquerda. Mas h\u00e1 outros indicativos de que as alian\u00e7as\u00a0podem sair\u00a0j\u00e1\u00a0no primeiro turno. \u201cEstamos trabalhando na elabora\u00e7\u00e3o de programas de governo, para que sejam pr\u00f3ximos. H\u00e1\u00a0uma articula\u00e7\u00e3o entre as funda\u00e7\u00f5es de PT, PDT, PCdoB e PSB que trabalham um programa de governo comum\u201d, afirma o ex-l\u00edder do PT na C\u00e2mara Carlos Zarattini (SP). \u201cH\u00e1 tantas candidaturas porque h\u00e1 diverg\u00eancias, mas as grandes linhas ser\u00e3o comuns.\u201d<\/p>\n<p>A exce\u00e7\u00e3o, como sempre, deve ser o PSOL, mais uma legenda que lan\u00e7ou nomes nesta semana. O l\u00edder do Movimento dos Trabalhadores Sem Teto, Guilherme Boulos, filiou-se\u00a0ao PSOL\u00a0e foi lan\u00e7ado pr\u00e9-candidato. A legenda, por\u00e9m, realiza\u00a0um\u00a0processo de pr\u00e9vias para a escolha de seu representante. Em debate de pr\u00e9-candidatos na quinta-feira, Pl\u00ednio J\u00fanior \u2014 filho de Pl\u00ednio de Arruda Sampaio \u2014 acusou Boulos de ser o candidato com \u201cdedo de Lula\u201d. O clima esquentou e exp\u00f4s\u00a0o racha\u00a0interno em um partido que nasceu de diverg\u00eancia com o PT. A tend\u00eancia \u00e9 que\u00a0o PSOL\u00a0seja o \u00fanico\u00a0a navegar\u00a0at\u00e9 o fim sozinho, mais uma vez. Desta vez, com uma fissura no pr\u00f3prio casco.\u00a0Al\u00e9m\u00a0de\u00a0Boulos e Pl\u00ednio J\u00fanior, concorrem Nildo Ouriques, S\u00f4nia Guajajara e Hamilton Assis. O resultado\u00a0sairia neste s\u00e1bado, 10 de mar\u00e7o,\u00a0em\u00a0evento em\u00a0S\u00e3o Paulo, \u00e0s 13 horas.<\/p>\n<h3><strong>Do outro lado<\/strong><\/h3>\n<p>&nbsp;<\/p>\n<p>Se os partidos mais \u00e0 esquerda est\u00e3o pulverizados, a direita n\u00e3o est\u00e1 melhor. Com\u00a0uma\u00a0rejei\u00e7\u00e3o\u00a0acachapante, a candidatura do presidente Michel Temer (MDB) \u00e9 quase fora de quest\u00e3o, segundo analistas. Governistas trabalham para\u00a0elevar\u00a0a aprova\u00e7\u00e3o do governo,\u00a0hoje de 4,3%, segundo a mesma\u00a0pesquisa\u00a0CNT\/MDA, para dois d\u00edgitos. A interven\u00e7\u00e3o federal\u00a0na seguran\u00e7a do Rio de Janeiro\u00a0est\u00e1 a\u00ed para ser uma tentativa de melhora nos n\u00fameros de viol\u00eancia, j\u00e1 que as propostas econ\u00f4micas afundaram no Congresso \u2014 junto com uma melhora de imagem pelo caminho da economia.<\/p>\n<p>Mais um a \u201coficializar\u201d o \u00f3bvio foi Jair Bolsonaro. Um evento na quarta-feira o consagrou como candidato e novo filiado do PSL.\u00a0Com 20% das inten\u00e7\u00f5es de voto, pela CNT\/MDA,no cen\u00e1rio\u00a0sem Lula,\u00a0Bolsonaro\u00a0foi ovacionado por aliados\u00a0na C\u00e2mara. Assim como\u00a0ocorre com\u00a0Ciro, a preocupa\u00e7\u00e3o\u00a0de Bolsonaro\u00a0\u00e9 juntar aliados. Nas \u00faltimas elei\u00e7\u00f5es, o PSL n\u00e3o tinha direito a\u00a0nenhum\u00a0tempo de TV por falta de representa\u00e7\u00e3o na C\u00e2mara. Antes da janela partid\u00e1ria,\u00a0iniciada\u00a0nesta semana, o PSL tinha tr\u00eas deputados. At\u00e9 o in\u00edcio de abril, est\u00e3o liberadas as trocas nas legendas sem perda de mandato. A filia\u00e7\u00e3o de Bolsonaro tem tamb\u00e9m como estrat\u00e9gia trazer mais nomes para o\u00a0PSL, para tentar fazer o partido ficar mais relevante.<\/p>\n<p>Tamb\u00e9m procurando\u00a0desfrutar da mudan\u00e7a de partidos, o presidente da C\u00e2mara, Rodrigo Maia (DEM-RJ), se lan\u00e7ou candidato nos \u00faltimos dias,\u00a0colocando-se como alternativa ao governador Geraldo Alckmin. \u201cNem o pai dele quer\u00a0sua\u00a0candidatura \u00e0 Presid\u00eancia\u201d, diz um importante tucano\u00a0sobre Maia. \u201c\u00c9 a candidatura do \u2018se colar, colou\u2019. \u00c9 o ditado: jogo \u00e9 jogado, lambari \u00e9 pescado.\u201d<\/p>\n<p>Para tucanos e analistas pol\u00edticos consultados por EXAME, o poder de l\u00edder da Casa servir\u00e1\u00a0para o DEM atrair deputados federais insatisfeitos em seus partidos, devolvendo alguma for\u00e7a ao partido. Como EXAME noticiou em fevereiro, Maia tem bom tr\u00e2nsito com l\u00edderes do centr\u00e3o e usar\u00e1 a influ\u00eancia para \u201cvender mais caro\u201d o seu apoio nas pr\u00f3ximas elei\u00e7\u00f5es. O DEM imagina que\u00a0sua bancada\u00a0passar\u00e1 de 33 para 42 deputados.<\/p>\n<p>Alckmin, por fim, joga parado desde o in\u00edcio. Quando seu pupilo e prefeito de S\u00e3o Paulo, Jo\u00e3o Doria (PSDB), amea\u00e7ou lhe passar a perna,\u00a0ele aparentemente\u00a0nada fez. A pecha de traidor pegou e o ne\u00f3fito na pol\u00edtica desidratou. Ao ser pressionado pelo prefeito de Manaus, Arthur Virg\u00edlio (PSDB), a disputar pr\u00e9vias partid\u00e1rias,\u00a0Alckmin\u00a0apenas aguardou que sua estrutura de aliados colocasse o advers\u00e1rio para escanteio. Agora, Alckmin desconversa sobre Maia, que busca seu lugar. \u201cO DEM tem candidato, \u00e9 indelicado fazer coment\u00e1rios\u201d,\u00a0disse o governador\u00a0a EXAME.<\/p>\n<p>Alckmin\u00a0est\u00e1 parado tamb\u00e9m nas pesquisas.\u00a0Mesmo com o nome ventilado h\u00e1 tempo na disputa, ele n\u00e3o conseguiu\u00a0chegar aos dois d\u00edgitos. Perguntado, faz piada. Em viagem \u00e0 Bras\u00edlia, foi questionado por rep\u00f3rteres sobre o desempenho. \u201cMeu sonho \u00e9 ser jornalista e cobrir uma campanha. Minha primeira pergunta seria: por que n\u00e3o decola?\u201d<\/p>\n<p>Ainda que Rodrigo Maia esteja disposto a colocar o dedo na ferida tucana \u2014 leia-se o esc\u00e2ndalo dos 2 milh\u00f5es de reais requisitados por A\u00e9cio Neves\u00a0ao empres\u00e1rio\u00a0Joesley Batista, da JBS\u00a0\u2014,\u00a0a aposta\u00a0de cientistas pol\u00edticos\u00a0\u00e9 que\u00a0Alckmin\u00a0vencer\u00e1\u00a0a disputa na centro-direita pela capilaridade do PSDB.\u00a0Eram 791 prefeituras nas m\u00e3os dos tucanos\u00a0ante 265 com o Democratas, no momento da elei\u00e7\u00e3o de 2016.\u00a0Nos rinc\u00f5es do Brasil, a mobiliza\u00e7\u00e3o local \u00e9 fundamental para eleger um presidente.<\/p>\n<p>&nbsp;<\/p>\n<h3 style=\"text-align: center;\">\u201cCom o prazo reduzido de campanha e a possibilidade de decidir quem ser\u00e1 o candidato a poucos dias da vota\u00e7\u00e3o, o n\u00famero de indecisos deve permanecer quase im\u00f3vel at\u00e9 as campanhas come\u00e7arem. Quando come\u00e7ar a campanha de TV, as linhas do gr\u00e1fico do Datafolha\u00a0voltar\u00e3o\u00a0a mudar\u201d, afirma Wagner Parente, diretor da consultoria pol\u00edtica Barral M Jorge. \u201cMesmo a influ\u00eancia de Lula deve ser constante. Enquanto o nome dele estiver nas pesquisas, n\u00e3o importam tanto as quest\u00f5es jur\u00eddicas. S\u00f3\u00a0mudar\u00e1\u00a0mesmo quando ele indicar algu\u00e9m.\u201d<\/h3>\n<p>&nbsp;<\/p>\n<p>No fim, a voz de Lula deve dizer se a\u00a0previs\u00e3o de Ciro \u2013 de uma final entre ele pr\u00f3prio e Alckmin \u2013\u00a0est\u00e1 certa ou errada.<\/p>","protected":false},"excerpt":{"rendered":"<p>Pela esquerda, Ciro Gomes desponta como o candidato substituto de Lula. Do outro lado, Alckmin, a seu modo, ainda tenta sair do ch\u00e3o. \u201cSou candidato \u00e0 Presid\u00eancia da Rep\u00fablica\u201d \u00e9&#8230;<\/p>","protected":false},"author":15,"featured_media":4905,"comment_status":"open","ping_status":"open","sticky":false,"template":"","format":"standard","meta":{"_acf_changed":false,"_exactmetrics_skip_tracking":false,"_exactmetrics_sitenote_active":false,"_exactmetrics_sitenote_note":"","_exactmetrics_sitenote_category":0,"footnotes":""},"categories":[45],"tags":[396,588,587,589,269,591,132,590],"class_list":{"0":"post-4904","1":"post","2":"type-post","3":"status-publish","4":"format-standard","5":"has-post-thumbnail","7":"category-relacoes-governamentais","8":"tag-brasil","9":"tag-cirogomes","10":"tag-eleicoes2018","11":"tag-geraldoalckmin","12":"tag-politica","13":"tag-politicabrasileira","14":"tag-presidente","15":"tag-segundoturno"},"acf":[],"yoast_head":"<!-- This site is optimized with the Yoast SEO plugin v27.4 - https:\/\/yoast.com\/product\/yoast-seo-wordpress\/ -->\n<title>Elei\u00e7\u00f5es 2018: uma final Ciro x Alckmin? - BMJ<\/title>\n<meta name=\"robots\" content=\"index, follow, max-snippet:-1, max-image-preview:large, max-video-preview:-1\" \/>\n<link rel=\"canonical\" href=\"https:\/\/bmj.com.br\/es\/eleicoes-2018-uma-final-ciro-x-alckmin\/\" \/>\n<meta property=\"og:locale\" content=\"es_ES\" \/>\n<meta property=\"og:type\" content=\"article\" \/>\n<meta property=\"og:title\" content=\"Elei\u00e7\u00f5es 2018: uma final Ciro x Alckmin? - BMJ\" \/>\n<meta property=\"og:description\" content=\"Pela esquerda, Ciro Gomes desponta como o candidato substituto de Lula. Do outro lado, Alckmin, a seu modo, ainda tenta sair do ch\u00e3o. \u201cSou candidato \u00e0 Presid\u00eancia da Rep\u00fablica\u201d \u00e9...\" \/>\n<meta property=\"og:url\" content=\"https:\/\/bmj.com.br\/es\/eleicoes-2018-uma-final-ciro-x-alckmin\/\" \/>\n<meta property=\"og:site_name\" content=\"BMJ\" \/>\n<meta property=\"article:publisher\" content=\"https:\/\/www.facebook.com\/BMJAssociados\/?ref=ts\" \/>\n<meta property=\"article:published_time\" content=\"2018-06-13T13:24:49+00:00\" \/>\n<meta property=\"og:image\" content=\"https:\/\/bmj.com.br\/wp-content\/uploads\/2018\/06\/ciro-alckmin.jpg\" \/>\n\t<meta property=\"og:image:width\" content=\"680\" \/>\n\t<meta property=\"og:image:height\" content=\"453\" \/>\n\t<meta property=\"og:image:type\" content=\"image\/jpeg\" \/>\n<meta name=\"author\" content=\"Dennis Bravo\" \/>\n<meta name=\"twitter:card\" content=\"summary_large_image\" \/>\n<meta name=\"twitter:creator\" content=\"@BMJconsultoria\" \/>\n<meta name=\"twitter:site\" content=\"@BMJconsultoria\" \/>\n<meta name=\"twitter:label1\" content=\"Escrito por\" \/>\n\t<meta name=\"twitter:data1\" content=\"Dennis Bravo\" \/>\n\t<meta name=\"twitter:label2\" content=\"Tiempo de lectura\" \/>\n\t<meta name=\"twitter:data2\" content=\"10 minutos\" \/>\n<script type=\"application\/ld+json\" class=\"yoast-schema-graph\">{\"@context\":\"https:\\\/\\\/schema.org\",\"@graph\":[{\"@type\":\"Article\",\"@id\":\"https:\\\/\\\/bmj.com.br\\\/en\\\/eleicoes-2018-uma-final-ciro-x-alckmin\\\/#article\",\"isPartOf\":{\"@id\":\"https:\\\/\\\/bmj.com.br\\\/en\\\/eleicoes-2018-uma-final-ciro-x-alckmin\\\/\"},\"author\":{\"name\":\"Dennis Bravo\",\"@id\":\"https:\\\/\\\/bmj.com.br\\\/#\\\/schema\\\/person\\\/e3d3984837d4d1847e83b4197aa02975\"},\"headline\":\"Elei\u00e7\u00f5es 2018: uma final Ciro x Alckmin?\",\"datePublished\":\"2018-06-13T13:24:49+00:00\",\"mainEntityOfPage\":{\"@id\":\"https:\\\/\\\/bmj.com.br\\\/en\\\/eleicoes-2018-uma-final-ciro-x-alckmin\\\/\"},\"wordCount\":1954,\"commentCount\":0,\"publisher\":{\"@id\":\"https:\\\/\\\/bmj.com.br\\\/#organization\"},\"image\":{\"@id\":\"https:\\\/\\\/bmj.com.br\\\/en\\\/eleicoes-2018-uma-final-ciro-x-alckmin\\\/#primaryimage\"},\"thumbnailUrl\":\"https:\\\/\\\/bmj.com.br\\\/wp-content\\\/uploads\\\/2018\\\/06\\\/ciro-alckmin.jpg\",\"keywords\":[\"Brasil\",\"cirogomes\",\"elei\u00e7\u00f5es2018\",\"geraldoalckmin\",\"politica\",\"pol\u00edticabrasileira\",\"Presidente\",\"segundoturno\"],\"articleSection\":[\"Rela\u00e7\u00f5es Governamentais\"],\"inLanguage\":\"es\",\"potentialAction\":[{\"@type\":\"CommentAction\",\"name\":\"Comment\",\"target\":[\"https:\\\/\\\/bmj.com.br\\\/en\\\/eleicoes-2018-uma-final-ciro-x-alckmin\\\/#respond\"]}]},{\"@type\":\"WebPage\",\"@id\":\"https:\\\/\\\/bmj.com.br\\\/en\\\/eleicoes-2018-uma-final-ciro-x-alckmin\\\/\",\"url\":\"https:\\\/\\\/bmj.com.br\\\/en\\\/eleicoes-2018-uma-final-ciro-x-alckmin\\\/\",\"name\":\"Elei\u00e7\u00f5es 2018: uma final Ciro x Alckmin? - BMJ\",\"isPartOf\":{\"@id\":\"https:\\\/\\\/bmj.com.br\\\/#website\"},\"primaryImageOfPage\":{\"@id\":\"https:\\\/\\\/bmj.com.br\\\/en\\\/eleicoes-2018-uma-final-ciro-x-alckmin\\\/#primaryimage\"},\"image\":{\"@id\":\"https:\\\/\\\/bmj.com.br\\\/en\\\/eleicoes-2018-uma-final-ciro-x-alckmin\\\/#primaryimage\"},\"thumbnailUrl\":\"https:\\\/\\\/bmj.com.br\\\/wp-content\\\/uploads\\\/2018\\\/06\\\/ciro-alckmin.jpg\",\"datePublished\":\"2018-06-13T13:24:49+00:00\",\"breadcrumb\":{\"@id\":\"https:\\\/\\\/bmj.com.br\\\/en\\\/eleicoes-2018-uma-final-ciro-x-alckmin\\\/#breadcrumb\"},\"inLanguage\":\"es\",\"potentialAction\":[{\"@type\":\"ReadAction\",\"target\":[\"https:\\\/\\\/bmj.com.br\\\/en\\\/eleicoes-2018-uma-final-ciro-x-alckmin\\\/\"]}]},{\"@type\":\"ImageObject\",\"inLanguage\":\"es\",\"@id\":\"https:\\\/\\\/bmj.com.br\\\/en\\\/eleicoes-2018-uma-final-ciro-x-alckmin\\\/#primaryimage\",\"url\":\"https:\\\/\\\/bmj.com.br\\\/wp-content\\\/uploads\\\/2018\\\/06\\\/ciro-alckmin.jpg\",\"contentUrl\":\"https:\\\/\\\/bmj.com.br\\\/wp-content\\\/uploads\\\/2018\\\/06\\\/ciro-alckmin.jpg\",\"width\":680,\"height\":453},{\"@type\":\"BreadcrumbList\",\"@id\":\"https:\\\/\\\/bmj.com.br\\\/en\\\/eleicoes-2018-uma-final-ciro-x-alckmin\\\/#breadcrumb\",\"itemListElement\":[{\"@type\":\"ListItem\",\"position\":1,\"name\":\"Home\",\"item\":\"https:\\\/\\\/bmj.com.br\\\/\"},{\"@type\":\"ListItem\",\"position\":2,\"name\":\"Elei\u00e7\u00f5es 2018: uma final Ciro x Alckmin?\"}]},{\"@type\":\"WebSite\",\"@id\":\"https:\\\/\\\/bmj.com.br\\\/#website\",\"url\":\"https:\\\/\\\/bmj.com.br\\\/\",\"name\":\"BMJ\",\"description\":\"Consultores Associados\",\"publisher\":{\"@id\":\"https:\\\/\\\/bmj.com.br\\\/#organization\"},\"potentialAction\":[{\"@type\":\"SearchAction\",\"target\":{\"@type\":\"EntryPoint\",\"urlTemplate\":\"https:\\\/\\\/bmj.com.br\\\/?s={search_term_string}\"},\"query-input\":{\"@type\":\"PropertyValueSpecification\",\"valueRequired\":true,\"valueName\":\"search_term_string\"}}],\"inLanguage\":\"es\"},{\"@type\":\"Organization\",\"@id\":\"https:\\\/\\\/bmj.com.br\\\/#organization\",\"name\":\"BMJ Consultoria\",\"url\":\"https:\\\/\\\/bmj.com.br\\\/\",\"logo\":{\"@type\":\"ImageObject\",\"inLanguage\":\"es\",\"@id\":\"https:\\\/\\\/bmj.com.br\\\/#\\\/schema\\\/logo\\\/image\\\/\",\"url\":\"\",\"contentUrl\":\"\",\"caption\":\"BMJ Consultoria\"},\"image\":{\"@id\":\"https:\\\/\\\/bmj.com.br\\\/#\\\/schema\\\/logo\\\/image\\\/\"},\"sameAs\":[\"https:\\\/\\\/www.facebook.com\\\/BMJAssociados\\\/?ref=ts\",\"https:\\\/\\\/x.com\\\/BMJconsultoria\",\"https:\\\/\\\/www.instagram.com\\\/bmjconsultoria\\\/\",\"https:\\\/\\\/www.linkedin.com\\\/company\\\/bmjconsultoresassociados\\\/?originalSubdomain=br\",\"https:\\\/\\\/www.youtube.com\\\/user\\\/bmjconsultoria\"]},{\"@type\":\"Person\",\"@id\":\"https:\\\/\\\/bmj.com.br\\\/#\\\/schema\\\/person\\\/e3d3984837d4d1847e83b4197aa02975\",\"name\":\"Dennis Bravo\",\"image\":{\"@type\":\"ImageObject\",\"inLanguage\":\"es\",\"@id\":\"https:\\\/\\\/secure.gravatar.com\\\/avatar\\\/6a711d6eb2c762e1fa0b1af3d0183adea3563153cc8b6e8820177b2fec199793?s=96&d=mm&r=g\",\"url\":\"https:\\\/\\\/secure.gravatar.com\\\/avatar\\\/6a711d6eb2c762e1fa0b1af3d0183adea3563153cc8b6e8820177b2fec199793?s=96&d=mm&r=g\",\"contentUrl\":\"https:\\\/\\\/secure.gravatar.com\\\/avatar\\\/6a711d6eb2c762e1fa0b1af3d0183adea3563153cc8b6e8820177b2fec199793?s=96&d=mm&r=g\",\"caption\":\"Dennis Bravo\"},\"url\":\"https:\\\/\\\/bmj.com.br\\\/es\\\/author\\\/matheus-rossi\\\/\"}]}<\/script>\n<!-- \/ Yoast SEO plugin. -->","yoast_head_json":{"title":"Elei\u00e7\u00f5es 2018: uma final Ciro x Alckmin? - BMJ","robots":{"index":"index","follow":"follow","max-snippet":"max-snippet:-1","max-image-preview":"max-image-preview:large","max-video-preview":"max-video-preview:-1"},"canonical":"https:\/\/bmj.com.br\/es\/eleicoes-2018-uma-final-ciro-x-alckmin\/","og_locale":"es_ES","og_type":"article","og_title":"Elei\u00e7\u00f5es 2018: uma final Ciro x Alckmin? - BMJ","og_description":"Pela esquerda, Ciro Gomes desponta como o candidato substituto de Lula. Do outro lado, Alckmin, a seu modo, ainda tenta sair do ch\u00e3o. \u201cSou candidato \u00e0 Presid\u00eancia da Rep\u00fablica\u201d \u00e9...","og_url":"https:\/\/bmj.com.br\/es\/eleicoes-2018-uma-final-ciro-x-alckmin\/","og_site_name":"BMJ","article_publisher":"https:\/\/www.facebook.com\/BMJAssociados\/?ref=ts","article_published_time":"2018-06-13T13:24:49+00:00","og_image":[{"width":680,"height":453,"url":"https:\/\/bmj.com.br\/wp-content\/uploads\/2018\/06\/ciro-alckmin.jpg","type":"image\/jpeg"}],"author":"Dennis Bravo","twitter_card":"summary_large_image","twitter_creator":"@BMJconsultoria","twitter_site":"@BMJconsultoria","twitter_misc":{"Escrito por":"Dennis Bravo","Tiempo de lectura":"10 minutos"},"schema":{"@context":"https:\/\/schema.org","@graph":[{"@type":"Article","@id":"https:\/\/bmj.com.br\/en\/eleicoes-2018-uma-final-ciro-x-alckmin\/#article","isPartOf":{"@id":"https:\/\/bmj.com.br\/en\/eleicoes-2018-uma-final-ciro-x-alckmin\/"},"author":{"name":"Dennis Bravo","@id":"https:\/\/bmj.com.br\/#\/schema\/person\/e3d3984837d4d1847e83b4197aa02975"},"headline":"Elei\u00e7\u00f5es 2018: uma final Ciro x Alckmin?","datePublished":"2018-06-13T13:24:49+00:00","mainEntityOfPage":{"@id":"https:\/\/bmj.com.br\/en\/eleicoes-2018-uma-final-ciro-x-alckmin\/"},"wordCount":1954,"commentCount":0,"publisher":{"@id":"https:\/\/bmj.com.br\/#organization"},"image":{"@id":"https:\/\/bmj.com.br\/en\/eleicoes-2018-uma-final-ciro-x-alckmin\/#primaryimage"},"thumbnailUrl":"https:\/\/bmj.com.br\/wp-content\/uploads\/2018\/06\/ciro-alckmin.jpg","keywords":["Brasil","cirogomes","elei\u00e7\u00f5es2018","geraldoalckmin","politica","pol\u00edticabrasileira","Presidente","segundoturno"],"articleSection":["Rela\u00e7\u00f5es Governamentais"],"inLanguage":"es","potentialAction":[{"@type":"CommentAction","name":"Comment","target":["https:\/\/bmj.com.br\/en\/eleicoes-2018-uma-final-ciro-x-alckmin\/#respond"]}]},{"@type":"WebPage","@id":"https:\/\/bmj.com.br\/en\/eleicoes-2018-uma-final-ciro-x-alckmin\/","url":"https:\/\/bmj.com.br\/en\/eleicoes-2018-uma-final-ciro-x-alckmin\/","name":"Elei\u00e7\u00f5es 2018: uma final Ciro x Alckmin? - BMJ","isPartOf":{"@id":"https:\/\/bmj.com.br\/#website"},"primaryImageOfPage":{"@id":"https:\/\/bmj.com.br\/en\/eleicoes-2018-uma-final-ciro-x-alckmin\/#primaryimage"},"image":{"@id":"https:\/\/bmj.com.br\/en\/eleicoes-2018-uma-final-ciro-x-alckmin\/#primaryimage"},"thumbnailUrl":"https:\/\/bmj.com.br\/wp-content\/uploads\/2018\/06\/ciro-alckmin.jpg","datePublished":"2018-06-13T13:24:49+00:00","breadcrumb":{"@id":"https:\/\/bmj.com.br\/en\/eleicoes-2018-uma-final-ciro-x-alckmin\/#breadcrumb"},"inLanguage":"es","potentialAction":[{"@type":"ReadAction","target":["https:\/\/bmj.com.br\/en\/eleicoes-2018-uma-final-ciro-x-alckmin\/"]}]},{"@type":"ImageObject","inLanguage":"es","@id":"https:\/\/bmj.com.br\/en\/eleicoes-2018-uma-final-ciro-x-alckmin\/#primaryimage","url":"https:\/\/bmj.com.br\/wp-content\/uploads\/2018\/06\/ciro-alckmin.jpg","contentUrl":"https:\/\/bmj.com.br\/wp-content\/uploads\/2018\/06\/ciro-alckmin.jpg","width":680,"height":453},{"@type":"BreadcrumbList","@id":"https:\/\/bmj.com.br\/en\/eleicoes-2018-uma-final-ciro-x-alckmin\/#breadcrumb","itemListElement":[{"@type":"ListItem","position":1,"name":"Home","item":"https:\/\/bmj.com.br\/"},{"@type":"ListItem","position":2,"name":"Elei\u00e7\u00f5es 2018: uma final Ciro x Alckmin?"}]},{"@type":"WebSite","@id":"https:\/\/bmj.com.br\/#website","url":"https:\/\/bmj.com.br\/","name":"BMJ","description":"Consultores Associados","publisher":{"@id":"https:\/\/bmj.com.br\/#organization"},"potentialAction":[{"@type":"SearchAction","target":{"@type":"EntryPoint","urlTemplate":"https:\/\/bmj.com.br\/?s={search_term_string}"},"query-input":{"@type":"PropertyValueSpecification","valueRequired":true,"valueName":"search_term_string"}}],"inLanguage":"es"},{"@type":"Organization","@id":"https:\/\/bmj.com.br\/#organization","name":"BMJ Consultoria","url":"https:\/\/bmj.com.br\/","logo":{"@type":"ImageObject","inLanguage":"es","@id":"https:\/\/bmj.com.br\/#\/schema\/logo\/image\/","url":"","contentUrl":"","caption":"BMJ Consultoria"},"image":{"@id":"https:\/\/bmj.com.br\/#\/schema\/logo\/image\/"},"sameAs":["https:\/\/www.facebook.com\/BMJAssociados\/?ref=ts","https:\/\/x.com\/BMJconsultoria","https:\/\/www.instagram.com\/bmjconsultoria\/","https:\/\/www.linkedin.com\/company\/bmjconsultoresassociados\/?originalSubdomain=br","https:\/\/www.youtube.com\/user\/bmjconsultoria"]},{"@type":"Person","@id":"https:\/\/bmj.com.br\/#\/schema\/person\/e3d3984837d4d1847e83b4197aa02975","name":"Dennis Bravo","image":{"@type":"ImageObject","inLanguage":"es","@id":"https:\/\/secure.gravatar.com\/avatar\/6a711d6eb2c762e1fa0b1af3d0183adea3563153cc8b6e8820177b2fec199793?s=96&d=mm&r=g","url":"https:\/\/secure.gravatar.com\/avatar\/6a711d6eb2c762e1fa0b1af3d0183adea3563153cc8b6e8820177b2fec199793?s=96&d=mm&r=g","contentUrl":"https:\/\/secure.gravatar.com\/avatar\/6a711d6eb2c762e1fa0b1af3d0183adea3563153cc8b6e8820177b2fec199793?s=96&d=mm&r=g","caption":"Dennis Bravo"},"url":"https:\/\/bmj.com.br\/es\/author\/matheus-rossi\/"}]}},"_links":{"self":[{"href":"https:\/\/bmj.com.br\/es\/wp-json\/wp\/v2\/posts\/4904","targetHints":{"allow":["GET"]}}],"collection":[{"href":"https:\/\/bmj.com.br\/es\/wp-json\/wp\/v2\/posts"}],"about":[{"href":"https:\/\/bmj.com.br\/es\/wp-json\/wp\/v2\/types\/post"}],"author":[{"embeddable":true,"href":"https:\/\/bmj.com.br\/es\/wp-json\/wp\/v2\/users\/15"}],"replies":[{"embeddable":true,"href":"https:\/\/bmj.com.br\/es\/wp-json\/wp\/v2\/comments?post=4904"}],"version-history":[{"count":0,"href":"https:\/\/bmj.com.br\/es\/wp-json\/wp\/v2\/posts\/4904\/revisions"}],"wp:featuredmedia":[{"embeddable":true,"href":"https:\/\/bmj.com.br\/es\/wp-json\/wp\/v2\/media\/4905"}],"wp:attachment":[{"href":"https:\/\/bmj.com.br\/es\/wp-json\/wp\/v2\/media?parent=4904"}],"wp:term":[{"taxonomy":"category","embeddable":true,"href":"https:\/\/bmj.com.br\/es\/wp-json\/wp\/v2\/categories?post=4904"},{"taxonomy":"post_tag","embeddable":true,"href":"https:\/\/bmj.com.br\/es\/wp-json\/wp\/v2\/tags?post=4904"}],"curies":[{"name":"wp","href":"https:\/\/api.w.org\/{rel}","templated":true}]}}