{"id":50543,"date":"2013-04-30T00:00:00","date_gmt":"2013-04-30T03:00:00","guid":{"rendered":"https:\/\/bmj.com.br\/acao-europeia-na-omc-contra-azevedo-ameaca-parcerias-estrategicas-com-brasil\/"},"modified":"2013-04-30T00:00:00","modified_gmt":"2013-04-30T03:00:00","slug":"acao-europeia-na-omc-contra-azevedo-ameaca-parcerias-estrategicas-com-brasil","status":"publish","type":"post","link":"https:\/\/bmj.com.br\/es\/acao-europeia-na-omc-contra-azevedo-ameaca-parcerias-estrategicas-com-brasil\/","title":{"rendered":"A\u00e7\u00e3o europeia na OMC contra Azevedo amea\u00e7a parcerias estrat\u00e9gicas com Brasil"},"content":{"rendered":"<p>Por <strong>Sergio Leo | De Bras\u00edlia<\/strong><\/p>\n<p>A forte campanha movida pelos governos do Reino Unido e da Fran\u00e7a contra o candidato brasileiro \u00e0 dire\u00e7\u00e3o-geral da Organiza\u00e7\u00e3o Mundial do Com\u00e9rcio (OMC), Roberto Azevedo, revelada ontem pelo <strong>Valor<\/strong>, leva autoridades em Bras\u00edlia a falar em revis\u00e3o da &#8216;alian\u00e7a estrat\u00e9gica&#8217; com esses dois pa\u00edses. Com informa\u00e7\u00f5es de que, j\u00e1 na primeira rodada de vota\u00e7\u00f5es em Genebra, o governo brit\u00e2nico teria tentado vetar a perman\u00eancia de Azevedo na disputa, os ministros de Rela\u00e7\u00f5es Exteriores, Antonio Patriota, e do Desenvolvimento, Fernando Pimentel, falaram do desconforto brasileiro ao ministro do Com\u00e9rcio brit\u00e2nico, Vince Cable, que, na semana passada, chefiou uma delega\u00e7\u00e3o empresarial ao Brasil.<\/p>\n<p>O governo brasileiro admite que os pa\u00edses com quem tem alian\u00e7as votem em outros candidatos, mas fazer campanha contra e tentar bloquear a candidatura de Azevedo foi visto como um ato hostil ao Brasil, segundo comunicaram as autoridades de Bras\u00edlia diretamente ao alto escal\u00e3o do governo do Reino Unido.<\/p>\n<p>No encontro com Patriota e Pimentel, Vince negou que tenha havido um esfor\u00e7o contra o brasileiro. Informa\u00e7\u00f5es de Genebra d\u00e3o conta, por\u00e9m, de que a diplomacia brit\u00e2nica trabalhou para que, em lugar de Azevedo, segundo nas prefer\u00eancias, fosse levada \u00e0 fase seguinte de vota\u00e7\u00f5es a candidata da Indon\u00e9sia Mari Pangestu, terceira mais votada pelos governos da OMC.<\/p>\n<p>A inten\u00e7\u00e3o dos brit\u00e2nicos era fazer com que o \u00fanico latino-americano a seguir na disputa fosse o mexicano Herm\u00ednio Blanco, preferido de uma parte dos pa\u00edses europeus por seu hist\u00f3rico de defesa do livre com\u00e9rcio.<\/p>\n<p>&#8216;Sabemos agora quem s\u00e3o nossos amigos na Europa&#8217;, comentou, reservadamente, um integrante do governo que acompanha de perto as negocia\u00e7\u00f5es para a sucess\u00e3o do franc\u00eas Pascal Lamy, cujo mandato acaba em agosto. Uma autoridade brasileira chegou a lembrar, ao <strong>Valor<\/strong>, que os pa\u00edses europeus com maior resist\u00eancia \u00e0 candidatura brasileira s\u00e3o, exatamente, os tr\u00eas com interesses em neg\u00f3cios na \u00e1rea de defesa com o Brasil: Fran\u00e7a, Inglaterra e Su\u00e9cia.<\/p>\n<p>Os suecos e franceses disputam o fornecimento de ca\u00e7as para a For\u00e7a A\u00e9rea Brasileira, e os brit\u00e2nicos negociam o fornecimento de fragatas para a patrulha do litoral brasileiro, neg\u00f3cio calculado em US$ 4,5 bilh\u00f5es. O maior programa na \u00e1rea de defesa, atualmente, \u00e9 o da constru\u00e7\u00e3o de submarinos, com a Fran\u00e7a.<\/p>\n<p>Oficialmente, o governo nega qualquer inten\u00e7\u00e3o de responder bilateralmente ao veto a Azevedo. Mas uma prova de a disputa na OMC j\u00e1 come\u00e7a a ter reflexos sobre as rela\u00e7\u00f5es comerciais \u00e9 o fato de o tema ter sido levado \u00e0 reuni\u00e3o com o secret\u00e1rio de Com\u00e9rcio brit\u00e2nico, que foi a S\u00e3o Paulo e Recife com uma delega\u00e7\u00e3o de empres\u00e1rios das \u00e1reas de portos e constru\u00e7\u00e3o naval.<\/p>\n<p><\/p>\n<p><strong>Leia mais em:<\/strong><a href='http:\/\/www.valor.com.br\/brasil\/3105762\/acao-europeia-na-omc-contra-azevedo-ameaca-parcerias-estrategicas-com-brasil#ixzz2RxAdwZ4Z'>http:\/\/www.valor.com.br\/brasil\/3105762\/acao-europeia-na-omc-contra-azevedo-ameaca-parcerias-estrategicas-com-brasil#ixzz2RxAdwZ4Z<\/a><\/p>","protected":false},"excerpt":{"rendered":"<p>Por Sergio Leo | De Bras\u00edlia A forte campanha movida pelos governos do Reino Unido e da Fran\u00e7a contra o candidato brasileiro \u00e0 dire\u00e7\u00e3o-geral da Organiza\u00e7\u00e3o Mundial do Com\u00e9rcio (OMC),&#8230;<\/p>","protected":false},"author":15,"featured_media":0,"comment_status":"open","ping_status":"open","sticky":false,"template":"","format":"standard","meta":{"_acf_changed":false,"_exactmetrics_skip_tracking":false,"_exactmetrics_sitenote_active":false,"_exactmetrics_sitenote_note":"","_exactmetrics_sitenote_category":0,"footnotes":""},"categories":[1],"tags":[22],"class_list":{"0":"post-50543","1":"post","2":"type-post","3":"status-publish","4":"format-standard","6":"category-bmj","7":"tag-portugues"},"acf":[],"yoast_head":"<!-- This site is optimized with the Yoast SEO plugin v27.4 - https:\/\/yoast.com\/product\/yoast-seo-wordpress\/ -->\n<title>A\u00e7\u00e3o europeia na OMC contra Azevedo amea\u00e7a parcerias estrat\u00e9gicas com Brasil - BMJ<\/title>\n<meta name=\"robots\" content=\"index, follow, max-snippet:-1, max-image-preview:large, max-video-preview:-1\" \/>\n<link rel=\"canonical\" href=\"https:\/\/bmj.com.br\/es\/acao-europeia-na-omc-contra-azevedo-ameaca-parcerias-estrategicas-com-brasil\/\" \/>\n<meta property=\"og:locale\" content=\"es_ES\" \/>\n<meta property=\"og:type\" content=\"article\" \/>\n<meta property=\"og:title\" content=\"A\u00e7\u00e3o europeia na OMC contra Azevedo amea\u00e7a parcerias estrat\u00e9gicas com Brasil - BMJ\" \/>\n<meta property=\"og:description\" content=\"Por Sergio Leo | De Bras\u00edlia A forte campanha movida pelos governos do Reino Unido e da Fran\u00e7a contra o candidato brasileiro \u00e0 dire\u00e7\u00e3o-geral da Organiza\u00e7\u00e3o Mundial do Com\u00e9rcio (OMC),...\" \/>\n<meta property=\"og:url\" content=\"https:\/\/bmj.com.br\/es\/acao-europeia-na-omc-contra-azevedo-ameaca-parcerias-estrategicas-com-brasil\/\" \/>\n<meta property=\"og:site_name\" content=\"BMJ\" \/>\n<meta property=\"article:publisher\" content=\"https:\/\/www.facebook.com\/BMJAssociados\/?ref=ts\" \/>\n<meta property=\"article:published_time\" content=\"2013-04-30T03:00:00+00:00\" \/>\n<meta name=\"author\" content=\"Dennis Bravo\" \/>\n<meta name=\"twitter:card\" content=\"summary_large_image\" \/>\n<meta name=\"twitter:creator\" content=\"@BMJconsultoria\" \/>\n<meta name=\"twitter:site\" content=\"@BMJconsultoria\" \/>\n<meta name=\"twitter:label1\" content=\"Escrito por\" \/>\n\t<meta name=\"twitter:data1\" content=\"Dennis Bravo\" \/>\n\t<meta name=\"twitter:label2\" content=\"Tiempo de lectura\" \/>\n\t<meta name=\"twitter:data2\" content=\"3 minutos\" \/>\n<script type=\"application\/ld+json\" class=\"yoast-schema-graph\">{\"@context\":\"https:\\\/\\\/schema.org\",\"@graph\":[{\"@type\":\"Article\",\"@id\":\"https:\\\/\\\/bmj.com.br\\\/acao-europeia-na-omc-contra-azevedo-ameaca-parcerias-estrategicas-com-brasil\\\/#article\",\"isPartOf\":{\"@id\":\"https:\\\/\\\/bmj.com.br\\\/acao-europeia-na-omc-contra-azevedo-ameaca-parcerias-estrategicas-com-brasil\\\/\"},\"author\":{\"name\":\"Dennis Bravo\",\"@id\":\"https:\\\/\\\/bmj.com.br\\\/#\\\/schema\\\/person\\\/e3d3984837d4d1847e83b4197aa02975\"},\"headline\":\"A\u00e7\u00e3o europeia na OMC contra Azevedo amea\u00e7a parcerias estrat\u00e9gicas com Brasil\",\"datePublished\":\"2013-04-30T03:00:00+00:00\",\"mainEntityOfPage\":{\"@id\":\"https:\\\/\\\/bmj.com.br\\\/acao-europeia-na-omc-contra-azevedo-ameaca-parcerias-estrategicas-com-brasil\\\/\"},\"wordCount\":520,\"commentCount\":0,\"publisher\":{\"@id\":\"https:\\\/\\\/bmj.com.br\\\/#organization\"},\"keywords\":[\"Portugues\"],\"articleSection\":[\"BMJ\"],\"inLanguage\":\"es\",\"potentialAction\":[{\"@type\":\"CommentAction\",\"name\":\"Comment\",\"target\":[\"https:\\\/\\\/bmj.com.br\\\/acao-europeia-na-omc-contra-azevedo-ameaca-parcerias-estrategicas-com-brasil\\\/#respond\"]}]},{\"@type\":\"WebPage\",\"@id\":\"https:\\\/\\\/bmj.com.br\\\/acao-europeia-na-omc-contra-azevedo-ameaca-parcerias-estrategicas-com-brasil\\\/\",\"url\":\"https:\\\/\\\/bmj.com.br\\\/acao-europeia-na-omc-contra-azevedo-ameaca-parcerias-estrategicas-com-brasil\\\/\",\"name\":\"A\u00e7\u00e3o europeia na OMC contra Azevedo amea\u00e7a parcerias estrat\u00e9gicas com Brasil - BMJ\",\"isPartOf\":{\"@id\":\"https:\\\/\\\/bmj.com.br\\\/#website\"},\"datePublished\":\"2013-04-30T03:00:00+00:00\",\"breadcrumb\":{\"@id\":\"https:\\\/\\\/bmj.com.br\\\/acao-europeia-na-omc-contra-azevedo-ameaca-parcerias-estrategicas-com-brasil\\\/#breadcrumb\"},\"inLanguage\":\"es\",\"potentialAction\":[{\"@type\":\"ReadAction\",\"target\":[\"https:\\\/\\\/bmj.com.br\\\/acao-europeia-na-omc-contra-azevedo-ameaca-parcerias-estrategicas-com-brasil\\\/\"]}]},{\"@type\":\"BreadcrumbList\",\"@id\":\"https:\\\/\\\/bmj.com.br\\\/acao-europeia-na-omc-contra-azevedo-ameaca-parcerias-estrategicas-com-brasil\\\/#breadcrumb\",\"itemListElement\":[{\"@type\":\"ListItem\",\"position\":1,\"name\":\"Home\",\"item\":\"https:\\\/\\\/bmj.com.br\\\/\"},{\"@type\":\"ListItem\",\"position\":2,\"name\":\"A\u00e7\u00e3o europeia na OMC contra Azevedo amea\u00e7a parcerias estrat\u00e9gicas com Brasil\"}]},{\"@type\":\"WebSite\",\"@id\":\"https:\\\/\\\/bmj.com.br\\\/#website\",\"url\":\"https:\\\/\\\/bmj.com.br\\\/\",\"name\":\"BMJ\",\"description\":\"Consultores Associados\",\"publisher\":{\"@id\":\"https:\\\/\\\/bmj.com.br\\\/#organization\"},\"potentialAction\":[{\"@type\":\"SearchAction\",\"target\":{\"@type\":\"EntryPoint\",\"urlTemplate\":\"https:\\\/\\\/bmj.com.br\\\/?s={search_term_string}\"},\"query-input\":{\"@type\":\"PropertyValueSpecification\",\"valueRequired\":true,\"valueName\":\"search_term_string\"}}],\"inLanguage\":\"es\"},{\"@type\":\"Organization\",\"@id\":\"https:\\\/\\\/bmj.com.br\\\/#organization\",\"name\":\"BMJ Consultoria\",\"url\":\"https:\\\/\\\/bmj.com.br\\\/\",\"logo\":{\"@type\":\"ImageObject\",\"inLanguage\":\"es\",\"@id\":\"https:\\\/\\\/bmj.com.br\\\/#\\\/schema\\\/logo\\\/image\\\/\",\"url\":\"\",\"contentUrl\":\"\",\"caption\":\"BMJ Consultoria\"},\"image\":{\"@id\":\"https:\\\/\\\/bmj.com.br\\\/#\\\/schema\\\/logo\\\/image\\\/\"},\"sameAs\":[\"https:\\\/\\\/www.facebook.com\\\/BMJAssociados\\\/?ref=ts\",\"https:\\\/\\\/x.com\\\/BMJconsultoria\",\"https:\\\/\\\/www.instagram.com\\\/bmjconsultoria\\\/\",\"https:\\\/\\\/www.linkedin.com\\\/company\\\/bmjconsultoresassociados\\\/?originalSubdomain=br\",\"https:\\\/\\\/www.youtube.com\\\/user\\\/bmjconsultoria\"]},{\"@type\":\"Person\",\"@id\":\"https:\\\/\\\/bmj.com.br\\\/#\\\/schema\\\/person\\\/e3d3984837d4d1847e83b4197aa02975\",\"name\":\"Dennis Bravo\",\"image\":{\"@type\":\"ImageObject\",\"inLanguage\":\"es\",\"@id\":\"https:\\\/\\\/secure.gravatar.com\\\/avatar\\\/6a711d6eb2c762e1fa0b1af3d0183adea3563153cc8b6e8820177b2fec199793?s=96&d=mm&r=g\",\"url\":\"https:\\\/\\\/secure.gravatar.com\\\/avatar\\\/6a711d6eb2c762e1fa0b1af3d0183adea3563153cc8b6e8820177b2fec199793?s=96&d=mm&r=g\",\"contentUrl\":\"https:\\\/\\\/secure.gravatar.com\\\/avatar\\\/6a711d6eb2c762e1fa0b1af3d0183adea3563153cc8b6e8820177b2fec199793?s=96&d=mm&r=g\",\"caption\":\"Dennis Bravo\"},\"url\":\"https:\\\/\\\/bmj.com.br\\\/es\\\/author\\\/matheus-rossi\\\/\"}]}<\/script>\n<!-- \/ Yoast SEO plugin. -->","yoast_head_json":{"title":"A\u00e7\u00e3o europeia na OMC contra Azevedo amea\u00e7a parcerias estrat\u00e9gicas com Brasil - BMJ","robots":{"index":"index","follow":"follow","max-snippet":"max-snippet:-1","max-image-preview":"max-image-preview:large","max-video-preview":"max-video-preview:-1"},"canonical":"https:\/\/bmj.com.br\/es\/acao-europeia-na-omc-contra-azevedo-ameaca-parcerias-estrategicas-com-brasil\/","og_locale":"es_ES","og_type":"article","og_title":"A\u00e7\u00e3o europeia na OMC contra Azevedo amea\u00e7a parcerias estrat\u00e9gicas com Brasil - BMJ","og_description":"Por Sergio Leo | De Bras\u00edlia A forte campanha movida pelos governos do Reino Unido e da Fran\u00e7a contra o candidato brasileiro \u00e0 dire\u00e7\u00e3o-geral da Organiza\u00e7\u00e3o Mundial do Com\u00e9rcio (OMC),...","og_url":"https:\/\/bmj.com.br\/es\/acao-europeia-na-omc-contra-azevedo-ameaca-parcerias-estrategicas-com-brasil\/","og_site_name":"BMJ","article_publisher":"https:\/\/www.facebook.com\/BMJAssociados\/?ref=ts","article_published_time":"2013-04-30T03:00:00+00:00","author":"Dennis Bravo","twitter_card":"summary_large_image","twitter_creator":"@BMJconsultoria","twitter_site":"@BMJconsultoria","twitter_misc":{"Escrito por":"Dennis Bravo","Tiempo de lectura":"3 minutos"},"schema":{"@context":"https:\/\/schema.org","@graph":[{"@type":"Article","@id":"https:\/\/bmj.com.br\/acao-europeia-na-omc-contra-azevedo-ameaca-parcerias-estrategicas-com-brasil\/#article","isPartOf":{"@id":"https:\/\/bmj.com.br\/acao-europeia-na-omc-contra-azevedo-ameaca-parcerias-estrategicas-com-brasil\/"},"author":{"name":"Dennis Bravo","@id":"https:\/\/bmj.com.br\/#\/schema\/person\/e3d3984837d4d1847e83b4197aa02975"},"headline":"A\u00e7\u00e3o europeia na OMC contra Azevedo amea\u00e7a parcerias estrat\u00e9gicas com Brasil","datePublished":"2013-04-30T03:00:00+00:00","mainEntityOfPage":{"@id":"https:\/\/bmj.com.br\/acao-europeia-na-omc-contra-azevedo-ameaca-parcerias-estrategicas-com-brasil\/"},"wordCount":520,"commentCount":0,"publisher":{"@id":"https:\/\/bmj.com.br\/#organization"},"keywords":["Portugues"],"articleSection":["BMJ"],"inLanguage":"es","potentialAction":[{"@type":"CommentAction","name":"Comment","target":["https:\/\/bmj.com.br\/acao-europeia-na-omc-contra-azevedo-ameaca-parcerias-estrategicas-com-brasil\/#respond"]}]},{"@type":"WebPage","@id":"https:\/\/bmj.com.br\/acao-europeia-na-omc-contra-azevedo-ameaca-parcerias-estrategicas-com-brasil\/","url":"https:\/\/bmj.com.br\/acao-europeia-na-omc-contra-azevedo-ameaca-parcerias-estrategicas-com-brasil\/","name":"A\u00e7\u00e3o europeia na OMC contra Azevedo amea\u00e7a parcerias estrat\u00e9gicas com Brasil - BMJ","isPartOf":{"@id":"https:\/\/bmj.com.br\/#website"},"datePublished":"2013-04-30T03:00:00+00:00","breadcrumb":{"@id":"https:\/\/bmj.com.br\/acao-europeia-na-omc-contra-azevedo-ameaca-parcerias-estrategicas-com-brasil\/#breadcrumb"},"inLanguage":"es","potentialAction":[{"@type":"ReadAction","target":["https:\/\/bmj.com.br\/acao-europeia-na-omc-contra-azevedo-ameaca-parcerias-estrategicas-com-brasil\/"]}]},{"@type":"BreadcrumbList","@id":"https:\/\/bmj.com.br\/acao-europeia-na-omc-contra-azevedo-ameaca-parcerias-estrategicas-com-brasil\/#breadcrumb","itemListElement":[{"@type":"ListItem","position":1,"name":"Home","item":"https:\/\/bmj.com.br\/"},{"@type":"ListItem","position":2,"name":"A\u00e7\u00e3o europeia na OMC contra Azevedo amea\u00e7a parcerias estrat\u00e9gicas com Brasil"}]},{"@type":"WebSite","@id":"https:\/\/bmj.com.br\/#website","url":"https:\/\/bmj.com.br\/","name":"BMJ","description":"Consultores Associados","publisher":{"@id":"https:\/\/bmj.com.br\/#organization"},"potentialAction":[{"@type":"SearchAction","target":{"@type":"EntryPoint","urlTemplate":"https:\/\/bmj.com.br\/?s={search_term_string}"},"query-input":{"@type":"PropertyValueSpecification","valueRequired":true,"valueName":"search_term_string"}}],"inLanguage":"es"},{"@type":"Organization","@id":"https:\/\/bmj.com.br\/#organization","name":"BMJ Consultoria","url":"https:\/\/bmj.com.br\/","logo":{"@type":"ImageObject","inLanguage":"es","@id":"https:\/\/bmj.com.br\/#\/schema\/logo\/image\/","url":"","contentUrl":"","caption":"BMJ Consultoria"},"image":{"@id":"https:\/\/bmj.com.br\/#\/schema\/logo\/image\/"},"sameAs":["https:\/\/www.facebook.com\/BMJAssociados\/?ref=ts","https:\/\/x.com\/BMJconsultoria","https:\/\/www.instagram.com\/bmjconsultoria\/","https:\/\/www.linkedin.com\/company\/bmjconsultoresassociados\/?originalSubdomain=br","https:\/\/www.youtube.com\/user\/bmjconsultoria"]},{"@type":"Person","@id":"https:\/\/bmj.com.br\/#\/schema\/person\/e3d3984837d4d1847e83b4197aa02975","name":"Dennis Bravo","image":{"@type":"ImageObject","inLanguage":"es","@id":"https:\/\/secure.gravatar.com\/avatar\/6a711d6eb2c762e1fa0b1af3d0183adea3563153cc8b6e8820177b2fec199793?s=96&d=mm&r=g","url":"https:\/\/secure.gravatar.com\/avatar\/6a711d6eb2c762e1fa0b1af3d0183adea3563153cc8b6e8820177b2fec199793?s=96&d=mm&r=g","contentUrl":"https:\/\/secure.gravatar.com\/avatar\/6a711d6eb2c762e1fa0b1af3d0183adea3563153cc8b6e8820177b2fec199793?s=96&d=mm&r=g","caption":"Dennis Bravo"},"url":"https:\/\/bmj.com.br\/es\/author\/matheus-rossi\/"}]}},"_links":{"self":[{"href":"https:\/\/bmj.com.br\/es\/wp-json\/wp\/v2\/posts\/50543","targetHints":{"allow":["GET"]}}],"collection":[{"href":"https:\/\/bmj.com.br\/es\/wp-json\/wp\/v2\/posts"}],"about":[{"href":"https:\/\/bmj.com.br\/es\/wp-json\/wp\/v2\/types\/post"}],"author":[{"embeddable":true,"href":"https:\/\/bmj.com.br\/es\/wp-json\/wp\/v2\/users\/15"}],"replies":[{"embeddable":true,"href":"https:\/\/bmj.com.br\/es\/wp-json\/wp\/v2\/comments?post=50543"}],"version-history":[{"count":0,"href":"https:\/\/bmj.com.br\/es\/wp-json\/wp\/v2\/posts\/50543\/revisions"}],"wp:attachment":[{"href":"https:\/\/bmj.com.br\/es\/wp-json\/wp\/v2\/media?parent=50543"}],"wp:term":[{"taxonomy":"category","embeddable":true,"href":"https:\/\/bmj.com.br\/es\/wp-json\/wp\/v2\/categories?post=50543"},{"taxonomy":"post_tag","embeddable":true,"href":"https:\/\/bmj.com.br\/es\/wp-json\/wp\/v2\/tags?post=50543"}],"curies":[{"name":"wp","href":"https:\/\/api.w.org\/{rel}","templated":true}]}}