{"id":51016,"date":"2013-08-12T00:00:00","date_gmt":"2013-08-12T03:00:00","guid":{"rendered":"https:\/\/bmj.com.br\/politica-energetica-privilegia-consumo-de-gasolina-e-afeta-cenario-do-etanol-2\/"},"modified":"2013-08-12T00:00:00","modified_gmt":"2013-08-12T03:00:00","slug":"politica-energetica-privilegia-consumo-de-gasolina-e-afeta-cenario-do-etanol-2","status":"publish","type":"post","link":"https:\/\/bmj.com.br\/es\/politica-energetica-privilegia-consumo-de-gasolina-e-afeta-cenario-do-etanol-2\/","title":{"rendered":"Pol\u00edtica energ\u00e9tica privilegia consumo de gasolina e afeta cen\u00e1rio do etanol"},"content":{"rendered":"<p>Por <strong>De S\u00e3o Paulo<\/strong><\/p>\n<p>N\u00e3o basta expandir a produ\u00e7\u00e3o de petr\u00f3leo para resolver o problema da autossufici\u00eancia. Outras quest\u00f5es precisam entrar na pol\u00edtica de planejamento energ\u00e9tico do Estado, como a redu\u00e7\u00e3o da atual depend\u00eancia externa de derivados e o desenvolvimento de alternativas de fontes de energia, especialmente do etanol, concordaram empres\u00e1rios e especialistas reunidos no painel &#8216;A Eterna busca pela autossufici\u00eancia&#8217;, durante o 14\u00ba Encontro de Energia da Fiesp.<\/p>\n<p>O resultado preliminar da balan\u00e7a comercial, no primeiro semestre, mostram dados alarmantes, na opini\u00e3o de Marcelo Colomer, professor do Instituto de Economia (IE) da Universidade Federal do Rio de Janeiro. Um deles \u00e9 a participa\u00e7\u00e3o de energia no total das importa\u00e7\u00f5es. &#8216;O item petr\u00f3leo e derivados participa com 17% no total das compras externas. A gasolina \u00e9 uma grande vil\u00e3, isso desde 2012, e tamb\u00e9m agora nos primeiros meses de 2013. Mas n\u00e3o \u00e9 s\u00f3 a gasolina. Isso \u00e9 preocupante e paradoxal&#8217;, avalia ele.<\/p>\n<p>&#8216;Num quadro de perspectivas de aumento de produ\u00e7\u00e3o de petr\u00f3leo, quando se coloca o Brasil como o pa\u00eds que mais vai adicionar n\u00edveis de produ\u00e7\u00e3o em termos mundiais, atr\u00e1s apenas do Iraque, com um acr\u00e9scimo de mais de 3 milh\u00f5es de barris por dia, o que se pergunta \u00e9 se esse aumento ir\u00e1 necessariamente impactar na redu\u00e7\u00e3o da depend\u00eancia externa de derivados. Ser\u00e1 que essa expans\u00e3o da produ\u00e7\u00e3o vai levar a alguma reestrutura\u00e7\u00e3o da ind\u00fastria sucroalcooleira?&#8217;, indaga Colomer.<\/p>\n<p>Segundo ele, s\u00e3o duas pol\u00edticas contradit\u00f3rias: uma estimula muito o consumo de gasolina, com a redu\u00e7\u00e3o tribut\u00e1ria para a venda de autom\u00f3veis, o que tem como consequ\u00eancia um aumento das importa\u00e7\u00f5es do combust\u00edvel; outra reduz os est\u00edmulos para reestrutura\u00e7\u00e3o da ind\u00fastria sucroalcooleira visando uma maior oferta do etanol. Al\u00e9m disso, destaca o professor do IE, h\u00e1 mais um complicador: a suspens\u00e3o dos investimentos da Petrobras no parque de refino, at\u00e9 2017. Ou seja, a capacidade de refino n\u00e3o tende a crescer, e o pa\u00eds reduz sua produ\u00e7\u00e3o de gasolina.<\/p>\n<p>Para a professora Suani Teixeira Coelho, do Instituto de Eletrot\u00e9cnica e Energia (IEE) da Universidade de S\u00e3o Paulo, a implementa\u00e7\u00e3o de uma pol\u00edtica para os derivados de petr\u00f3leo, de fato, \u00e9 o grande gargalo no desenvolvimento de alternativas de fontes energ\u00e9ticas no pa\u00eds. &#8216;T\u00ednhamos uma produ\u00e7\u00e3o elevada de etanol e, agora com a quebra de safra, a ela vem caindo e o consumo da gasolina aumentando por conta do valor mais baixo. \u00c9 preciso que o etanol produzido no Brasil n\u00e3o seja exportado&#8217;, disse.<\/p>\n<p>No entanto, o problema est\u00e1 na falta de competitividade do produto. Segundo ela, o maior obst\u00e1culo \u00e9 o ICMS em torno de 25%, que incide na maioria dos Estados brasileiros, enquanto a gasolina segue com pre\u00e7o inferior, comparada ao resto do mundo. &#8216;Precisamos urgentemente de pol\u00edticas mais adequadas e enumerar as vantagens ambientais e sociais dos biocombust\u00edveis de gordura animal e soja, por exemplo&#8217;, enfatizou.<\/p>\n<p>Renato Bertani, presidente da World Petroleum Council (WPC) e diretor executivo da Barra Energia, criada em 2010 com suporte de dois fundos privados americanos, considera que buscar a autossufici\u00eancia de petr\u00f3leo \u00e9 uma oportunidade \u00fanica para o Brasil \u00e0 luz dos resultados do pr\u00e9-sal. &#8216;O Brasil vai fazer a diferen\u00e7a. S\u00f3 a camada do pr\u00e9-sal tem maior potencial que todo Golfo do M\u00e9xico&#8217;, diz ele. <strong>(GG)<\/strong><\/p>\n<p><\/p>\n<p>\n\t<strong>Leia mais em:<\/strong><br \/>\n\t<a href='http:\/\/www.valor.com.br\/empresas\/3229144\/politica-energetica-privilegia-consumo-de-gasolina-e-afeta-cenario-do-etanol#ixzz2blFX895R'><br \/>\n\t\thttp:\/\/www.valor.com.br\/empresas\/3229144\/politica-energetica-privilegia-consumo-de-gasolina-e-afeta-cenario-do-etanol#ixzz2blFX895R<br \/>\n\t<\/a><\/p>","protected":false},"excerpt":{"rendered":"<p>Por De S\u00e3o Paulo N\u00e3o basta expandir a produ\u00e7\u00e3o de petr\u00f3leo para resolver o problema da autossufici\u00eancia. Outras quest\u00f5es precisam entrar na pol\u00edtica de planejamento energ\u00e9tico do Estado, como a&#8230;<\/p>","protected":false},"author":15,"featured_media":0,"comment_status":"open","ping_status":"open","sticky":false,"template":"","format":"standard","meta":{"_acf_changed":false,"_exactmetrics_skip_tracking":false,"_exactmetrics_sitenote_active":false,"_exactmetrics_sitenote_note":"","_exactmetrics_sitenote_category":0,"footnotes":""},"categories":[1],"tags":[22],"class_list":{"0":"post-51016","1":"post","2":"type-post","3":"status-publish","4":"format-standard","6":"category-bmj","7":"tag-portugues"},"acf":[],"yoast_head":"<!-- This site is optimized with the Yoast SEO plugin v27.4 - https:\/\/yoast.com\/product\/yoast-seo-wordpress\/ -->\n<title>Pol\u00edtica energ\u00e9tica privilegia consumo de gasolina e afeta cen\u00e1rio do etanol - BMJ<\/title>\n<meta name=\"robots\" content=\"index, follow, max-snippet:-1, max-image-preview:large, max-video-preview:-1\" \/>\n<link rel=\"canonical\" href=\"https:\/\/bmj.com.br\/es\/politica-energetica-privilegia-consumo-de-gasolina-e-afeta-cenario-do-etanol-2\/\" \/>\n<meta property=\"og:locale\" content=\"es_ES\" \/>\n<meta property=\"og:type\" content=\"article\" \/>\n<meta property=\"og:title\" content=\"Pol\u00edtica energ\u00e9tica privilegia consumo de gasolina e afeta cen\u00e1rio do etanol - BMJ\" \/>\n<meta property=\"og:description\" content=\"Por De S\u00e3o Paulo N\u00e3o basta expandir a produ\u00e7\u00e3o de petr\u00f3leo para resolver o problema da autossufici\u00eancia. Outras quest\u00f5es precisam entrar na pol\u00edtica de planejamento energ\u00e9tico do Estado, como a...\" \/>\n<meta property=\"og:url\" content=\"https:\/\/bmj.com.br\/es\/politica-energetica-privilegia-consumo-de-gasolina-e-afeta-cenario-do-etanol-2\/\" \/>\n<meta property=\"og:site_name\" content=\"BMJ\" \/>\n<meta property=\"article:publisher\" content=\"https:\/\/www.facebook.com\/BMJAssociados\/?ref=ts\" \/>\n<meta property=\"article:published_time\" content=\"2013-08-12T03:00:00+00:00\" \/>\n<meta name=\"author\" content=\"Dennis Bravo\" \/>\n<meta name=\"twitter:card\" content=\"summary_large_image\" \/>\n<meta name=\"twitter:creator\" content=\"@BMJconsultoria\" \/>\n<meta name=\"twitter:site\" content=\"@BMJconsultoria\" \/>\n<meta name=\"twitter:label1\" content=\"Escrito por\" \/>\n\t<meta name=\"twitter:data1\" content=\"Dennis Bravo\" \/>\n\t<meta name=\"twitter:label2\" content=\"Tiempo de lectura\" \/>\n\t<meta name=\"twitter:data2\" content=\"3 minutos\" \/>\n<script type=\"application\/ld+json\" class=\"yoast-schema-graph\">{\"@context\":\"https:\\\/\\\/schema.org\",\"@graph\":[{\"@type\":\"Article\",\"@id\":\"https:\\\/\\\/bmj.com.br\\\/politica-energetica-privilegia-consumo-de-gasolina-e-afeta-cenario-do-etanol-2\\\/#article\",\"isPartOf\":{\"@id\":\"https:\\\/\\\/bmj.com.br\\\/politica-energetica-privilegia-consumo-de-gasolina-e-afeta-cenario-do-etanol-2\\\/\"},\"author\":{\"name\":\"Dennis Bravo\",\"@id\":\"https:\\\/\\\/bmj.com.br\\\/#\\\/schema\\\/person\\\/e3d3984837d4d1847e83b4197aa02975\"},\"headline\":\"Pol\u00edtica energ\u00e9tica privilegia consumo de gasolina e afeta cen\u00e1rio do etanol\",\"datePublished\":\"2013-08-12T03:00:00+00:00\",\"mainEntityOfPage\":{\"@id\":\"https:\\\/\\\/bmj.com.br\\\/politica-energetica-privilegia-consumo-de-gasolina-e-afeta-cenario-do-etanol-2\\\/\"},\"wordCount\":614,\"commentCount\":0,\"publisher\":{\"@id\":\"https:\\\/\\\/bmj.com.br\\\/#organization\"},\"keywords\":[\"Portugues\"],\"articleSection\":[\"BMJ\"],\"inLanguage\":\"es\",\"potentialAction\":[{\"@type\":\"CommentAction\",\"name\":\"Comment\",\"target\":[\"https:\\\/\\\/bmj.com.br\\\/politica-energetica-privilegia-consumo-de-gasolina-e-afeta-cenario-do-etanol-2\\\/#respond\"]}]},{\"@type\":\"WebPage\",\"@id\":\"https:\\\/\\\/bmj.com.br\\\/politica-energetica-privilegia-consumo-de-gasolina-e-afeta-cenario-do-etanol-2\\\/\",\"url\":\"https:\\\/\\\/bmj.com.br\\\/politica-energetica-privilegia-consumo-de-gasolina-e-afeta-cenario-do-etanol-2\\\/\",\"name\":\"Pol\u00edtica energ\u00e9tica privilegia consumo de gasolina e afeta cen\u00e1rio do etanol - BMJ\",\"isPartOf\":{\"@id\":\"https:\\\/\\\/bmj.com.br\\\/#website\"},\"datePublished\":\"2013-08-12T03:00:00+00:00\",\"breadcrumb\":{\"@id\":\"https:\\\/\\\/bmj.com.br\\\/politica-energetica-privilegia-consumo-de-gasolina-e-afeta-cenario-do-etanol-2\\\/#breadcrumb\"},\"inLanguage\":\"es\",\"potentialAction\":[{\"@type\":\"ReadAction\",\"target\":[\"https:\\\/\\\/bmj.com.br\\\/politica-energetica-privilegia-consumo-de-gasolina-e-afeta-cenario-do-etanol-2\\\/\"]}]},{\"@type\":\"BreadcrumbList\",\"@id\":\"https:\\\/\\\/bmj.com.br\\\/politica-energetica-privilegia-consumo-de-gasolina-e-afeta-cenario-do-etanol-2\\\/#breadcrumb\",\"itemListElement\":[{\"@type\":\"ListItem\",\"position\":1,\"name\":\"Home\",\"item\":\"https:\\\/\\\/bmj.com.br\\\/\"},{\"@type\":\"ListItem\",\"position\":2,\"name\":\"Pol\u00edtica energ\u00e9tica privilegia consumo de gasolina e afeta cen\u00e1rio do etanol\"}]},{\"@type\":\"WebSite\",\"@id\":\"https:\\\/\\\/bmj.com.br\\\/#website\",\"url\":\"https:\\\/\\\/bmj.com.br\\\/\",\"name\":\"BMJ\",\"description\":\"Consultores Associados\",\"publisher\":{\"@id\":\"https:\\\/\\\/bmj.com.br\\\/#organization\"},\"potentialAction\":[{\"@type\":\"SearchAction\",\"target\":{\"@type\":\"EntryPoint\",\"urlTemplate\":\"https:\\\/\\\/bmj.com.br\\\/?s={search_term_string}\"},\"query-input\":{\"@type\":\"PropertyValueSpecification\",\"valueRequired\":true,\"valueName\":\"search_term_string\"}}],\"inLanguage\":\"es\"},{\"@type\":\"Organization\",\"@id\":\"https:\\\/\\\/bmj.com.br\\\/#organization\",\"name\":\"BMJ Consultoria\",\"url\":\"https:\\\/\\\/bmj.com.br\\\/\",\"logo\":{\"@type\":\"ImageObject\",\"inLanguage\":\"es\",\"@id\":\"https:\\\/\\\/bmj.com.br\\\/#\\\/schema\\\/logo\\\/image\\\/\",\"url\":\"\",\"contentUrl\":\"\",\"caption\":\"BMJ Consultoria\"},\"image\":{\"@id\":\"https:\\\/\\\/bmj.com.br\\\/#\\\/schema\\\/logo\\\/image\\\/\"},\"sameAs\":[\"https:\\\/\\\/www.facebook.com\\\/BMJAssociados\\\/?ref=ts\",\"https:\\\/\\\/x.com\\\/BMJconsultoria\",\"https:\\\/\\\/www.instagram.com\\\/bmjconsultoria\\\/\",\"https:\\\/\\\/www.linkedin.com\\\/company\\\/bmjconsultoresassociados\\\/?originalSubdomain=br\",\"https:\\\/\\\/www.youtube.com\\\/user\\\/bmjconsultoria\"]},{\"@type\":\"Person\",\"@id\":\"https:\\\/\\\/bmj.com.br\\\/#\\\/schema\\\/person\\\/e3d3984837d4d1847e83b4197aa02975\",\"name\":\"Dennis Bravo\",\"image\":{\"@type\":\"ImageObject\",\"inLanguage\":\"es\",\"@id\":\"https:\\\/\\\/secure.gravatar.com\\\/avatar\\\/6a711d6eb2c762e1fa0b1af3d0183adea3563153cc8b6e8820177b2fec199793?s=96&d=mm&r=g\",\"url\":\"https:\\\/\\\/secure.gravatar.com\\\/avatar\\\/6a711d6eb2c762e1fa0b1af3d0183adea3563153cc8b6e8820177b2fec199793?s=96&d=mm&r=g\",\"contentUrl\":\"https:\\\/\\\/secure.gravatar.com\\\/avatar\\\/6a711d6eb2c762e1fa0b1af3d0183adea3563153cc8b6e8820177b2fec199793?s=96&d=mm&r=g\",\"caption\":\"Dennis Bravo\"},\"url\":\"https:\\\/\\\/bmj.com.br\\\/es\\\/author\\\/matheus-rossi\\\/\"}]}<\/script>\n<!-- \/ Yoast SEO plugin. -->","yoast_head_json":{"title":"Pol\u00edtica energ\u00e9tica privilegia consumo de gasolina e afeta cen\u00e1rio do etanol - BMJ","robots":{"index":"index","follow":"follow","max-snippet":"max-snippet:-1","max-image-preview":"max-image-preview:large","max-video-preview":"max-video-preview:-1"},"canonical":"https:\/\/bmj.com.br\/es\/politica-energetica-privilegia-consumo-de-gasolina-e-afeta-cenario-do-etanol-2\/","og_locale":"es_ES","og_type":"article","og_title":"Pol\u00edtica energ\u00e9tica privilegia consumo de gasolina e afeta cen\u00e1rio do etanol - BMJ","og_description":"Por De S\u00e3o Paulo N\u00e3o basta expandir a produ\u00e7\u00e3o de petr\u00f3leo para resolver o problema da autossufici\u00eancia. Outras quest\u00f5es precisam entrar na pol\u00edtica de planejamento energ\u00e9tico do Estado, como a...","og_url":"https:\/\/bmj.com.br\/es\/politica-energetica-privilegia-consumo-de-gasolina-e-afeta-cenario-do-etanol-2\/","og_site_name":"BMJ","article_publisher":"https:\/\/www.facebook.com\/BMJAssociados\/?ref=ts","article_published_time":"2013-08-12T03:00:00+00:00","author":"Dennis Bravo","twitter_card":"summary_large_image","twitter_creator":"@BMJconsultoria","twitter_site":"@BMJconsultoria","twitter_misc":{"Escrito por":"Dennis Bravo","Tiempo de lectura":"3 minutos"},"schema":{"@context":"https:\/\/schema.org","@graph":[{"@type":"Article","@id":"https:\/\/bmj.com.br\/politica-energetica-privilegia-consumo-de-gasolina-e-afeta-cenario-do-etanol-2\/#article","isPartOf":{"@id":"https:\/\/bmj.com.br\/politica-energetica-privilegia-consumo-de-gasolina-e-afeta-cenario-do-etanol-2\/"},"author":{"name":"Dennis Bravo","@id":"https:\/\/bmj.com.br\/#\/schema\/person\/e3d3984837d4d1847e83b4197aa02975"},"headline":"Pol\u00edtica energ\u00e9tica privilegia consumo de gasolina e afeta cen\u00e1rio do etanol","datePublished":"2013-08-12T03:00:00+00:00","mainEntityOfPage":{"@id":"https:\/\/bmj.com.br\/politica-energetica-privilegia-consumo-de-gasolina-e-afeta-cenario-do-etanol-2\/"},"wordCount":614,"commentCount":0,"publisher":{"@id":"https:\/\/bmj.com.br\/#organization"},"keywords":["Portugues"],"articleSection":["BMJ"],"inLanguage":"es","potentialAction":[{"@type":"CommentAction","name":"Comment","target":["https:\/\/bmj.com.br\/politica-energetica-privilegia-consumo-de-gasolina-e-afeta-cenario-do-etanol-2\/#respond"]}]},{"@type":"WebPage","@id":"https:\/\/bmj.com.br\/politica-energetica-privilegia-consumo-de-gasolina-e-afeta-cenario-do-etanol-2\/","url":"https:\/\/bmj.com.br\/politica-energetica-privilegia-consumo-de-gasolina-e-afeta-cenario-do-etanol-2\/","name":"Pol\u00edtica energ\u00e9tica privilegia consumo de gasolina e afeta cen\u00e1rio do etanol - BMJ","isPartOf":{"@id":"https:\/\/bmj.com.br\/#website"},"datePublished":"2013-08-12T03:00:00+00:00","breadcrumb":{"@id":"https:\/\/bmj.com.br\/politica-energetica-privilegia-consumo-de-gasolina-e-afeta-cenario-do-etanol-2\/#breadcrumb"},"inLanguage":"es","potentialAction":[{"@type":"ReadAction","target":["https:\/\/bmj.com.br\/politica-energetica-privilegia-consumo-de-gasolina-e-afeta-cenario-do-etanol-2\/"]}]},{"@type":"BreadcrumbList","@id":"https:\/\/bmj.com.br\/politica-energetica-privilegia-consumo-de-gasolina-e-afeta-cenario-do-etanol-2\/#breadcrumb","itemListElement":[{"@type":"ListItem","position":1,"name":"Home","item":"https:\/\/bmj.com.br\/"},{"@type":"ListItem","position":2,"name":"Pol\u00edtica energ\u00e9tica privilegia consumo de gasolina e afeta cen\u00e1rio do etanol"}]},{"@type":"WebSite","@id":"https:\/\/bmj.com.br\/#website","url":"https:\/\/bmj.com.br\/","name":"BMJ","description":"Consultores Associados","publisher":{"@id":"https:\/\/bmj.com.br\/#organization"},"potentialAction":[{"@type":"SearchAction","target":{"@type":"EntryPoint","urlTemplate":"https:\/\/bmj.com.br\/?s={search_term_string}"},"query-input":{"@type":"PropertyValueSpecification","valueRequired":true,"valueName":"search_term_string"}}],"inLanguage":"es"},{"@type":"Organization","@id":"https:\/\/bmj.com.br\/#organization","name":"BMJ Consultoria","url":"https:\/\/bmj.com.br\/","logo":{"@type":"ImageObject","inLanguage":"es","@id":"https:\/\/bmj.com.br\/#\/schema\/logo\/image\/","url":"","contentUrl":"","caption":"BMJ Consultoria"},"image":{"@id":"https:\/\/bmj.com.br\/#\/schema\/logo\/image\/"},"sameAs":["https:\/\/www.facebook.com\/BMJAssociados\/?ref=ts","https:\/\/x.com\/BMJconsultoria","https:\/\/www.instagram.com\/bmjconsultoria\/","https:\/\/www.linkedin.com\/company\/bmjconsultoresassociados\/?originalSubdomain=br","https:\/\/www.youtube.com\/user\/bmjconsultoria"]},{"@type":"Person","@id":"https:\/\/bmj.com.br\/#\/schema\/person\/e3d3984837d4d1847e83b4197aa02975","name":"Dennis Bravo","image":{"@type":"ImageObject","inLanguage":"es","@id":"https:\/\/secure.gravatar.com\/avatar\/6a711d6eb2c762e1fa0b1af3d0183adea3563153cc8b6e8820177b2fec199793?s=96&d=mm&r=g","url":"https:\/\/secure.gravatar.com\/avatar\/6a711d6eb2c762e1fa0b1af3d0183adea3563153cc8b6e8820177b2fec199793?s=96&d=mm&r=g","contentUrl":"https:\/\/secure.gravatar.com\/avatar\/6a711d6eb2c762e1fa0b1af3d0183adea3563153cc8b6e8820177b2fec199793?s=96&d=mm&r=g","caption":"Dennis Bravo"},"url":"https:\/\/bmj.com.br\/es\/author\/matheus-rossi\/"}]}},"_links":{"self":[{"href":"https:\/\/bmj.com.br\/es\/wp-json\/wp\/v2\/posts\/51016","targetHints":{"allow":["GET"]}}],"collection":[{"href":"https:\/\/bmj.com.br\/es\/wp-json\/wp\/v2\/posts"}],"about":[{"href":"https:\/\/bmj.com.br\/es\/wp-json\/wp\/v2\/types\/post"}],"author":[{"embeddable":true,"href":"https:\/\/bmj.com.br\/es\/wp-json\/wp\/v2\/users\/15"}],"replies":[{"embeddable":true,"href":"https:\/\/bmj.com.br\/es\/wp-json\/wp\/v2\/comments?post=51016"}],"version-history":[{"count":0,"href":"https:\/\/bmj.com.br\/es\/wp-json\/wp\/v2\/posts\/51016\/revisions"}],"wp:attachment":[{"href":"https:\/\/bmj.com.br\/es\/wp-json\/wp\/v2\/media?parent=51016"}],"wp:term":[{"taxonomy":"category","embeddable":true,"href":"https:\/\/bmj.com.br\/es\/wp-json\/wp\/v2\/categories?post=51016"},{"taxonomy":"post_tag","embeddable":true,"href":"https:\/\/bmj.com.br\/es\/wp-json\/wp\/v2\/tags?post=51016"}],"curies":[{"name":"wp","href":"https:\/\/api.w.org\/{rel}","templated":true}]}}