{"id":58517,"date":"2022-03-11T16:07:22","date_gmt":"2022-03-11T19:07:22","guid":{"rendered":"https:\/\/bmj.com.br\/?p=58517"},"modified":"2022-03-11T16:07:22","modified_gmt":"2022-03-11T19:07:22","slug":"decretos-de-bolsonaro-e-janela-partidaria","status":"publish","type":"post","link":"https:\/\/bmj.com.br\/es\/decretos-de-bolsonaro-e-janela-partidaria\/","title":{"rendered":"Decretos de Bolsonaro e Janela Partid\u00e1ria"},"content":{"rendered":"<p>Nesta semana, foi celebrado o Dia Internacional da Mulher, e em uma tentativa de reverter seus \u00edndices de rejei\u00e7\u00e3o com o p\u00fablico feminino, o presidente Jair Bolsonaro lan\u00e7ou um \u201cpacote de bondades\u201d para as mulheres. Para falar sobre esse e outros destaques, nosso bate-papo ser\u00e1 com as nossas consultoras Fernanda C\u00e9sar, Gabriela Santana e Let\u00edcia Mendes.<\/p>\n<p>A movimenta\u00e7\u00e3o de Bolsonaro \u00e9 vista como uma estrat\u00e9gia de aceno para o eleitorado feminino. Foram tr\u00eas decretos assinados: o decreto 10.987\/2022, que institui o programa M\u00e3es do Brasil, gerando pol\u00edticas p\u00fablicas voltadas \u00e0 prote\u00e7\u00e3o de gestantes e \u00e0 maternidade; o decreto 10.988\/202, que institui o programa Brasil para Elas, que busca estimular o empreendedorismo feminino; e o decreto 10.989\/2022, que regulamenta a Lei 14.214\/2021 e institui o Programa de Prote\u00e7\u00e3o e Promo\u00e7\u00e3o da Sa\u00fade Menstrual, tema que foi vetado por Bolsonaro em 2021. Nossas especialistas analisam esses programas e a estrat\u00e9gia do Presidente visando a campanha de reelei\u00e7\u00e3o.<\/p>\n<p>Confira tamb\u00e9m neste epis\u00f3dio como foi a segunda semana de movimenta\u00e7\u00f5es da janela partid\u00e1ria. Os parlamentares poder\u00e3o mudar de legenda sem perder o mandato vigente at\u00e9 o dia 2 de abril.<\/p>\n<p>Com a cria\u00e7\u00e3o do Uni\u00e3o Brasil, partido que surge da fus\u00e3o entre o Partido Social Liberal (PSL) e o Democratas, as movimenta\u00e7\u00f5es devem ser intensas. Nesta semana, o presidente do Senado Federal, Rodrigo Pacheco (MG), desistiu de sua candidatura \u00e0 Presid\u00eancia da Rep\u00fablica, enquanto o Partido dos Trabalhadores sinalizou que lan\u00e7ar\u00e1 a candidatura de Lula com o vice Geraldo Alckmin no in\u00edcio de abril, ap\u00f3s o fim da janela partid\u00e1ria. J\u00e1 na chapa de Bolsonaro, crescem as expectativas de que Tereza Cristina, ministra da Agricultura, seja sua vice ap\u00f3s ela anunciar sua filia\u00e7\u00e3o ao Partido Progressista (PP).<\/p>\n<p>Por fim, nossas consultoras trazem uma an\u00e1lise geral sobre a aprova\u00e7\u00e3o do PL 1472\/21 e do PLP 11\/20, ambos relacionados aos combust\u00edveis. Confira nosso epis\u00f3dio!<\/p>","protected":false},"excerpt":{"rendered":"<p>Nesta semana, foi celebrado o Dia Internacional da Mulher, e em uma tentativa de reverter seus \u00edndices de rejei\u00e7\u00e3o com o p\u00fablico feminino, o presidente Jair Bolsonaro lan\u00e7ou um \u201cpacote&#8230;<\/p>","protected":false},"author":15,"featured_media":58514,"comment_status":"open","ping_status":"open","sticky":false,"template":"","format":"standard","meta":{"_acf_changed":false,"_exactmetrics_skip_tracking":false,"_exactmetrics_sitenote_active":false,"_exactmetrics_sitenote_note":"","_exactmetrics_sitenote_category":0,"footnotes":""},"categories":[1,696,686],"tags":[],"class_list":{"0":"post-58517","1":"post","2":"type-post","3":"status-publish","4":"format-standard","5":"has-post-thumbnail","7":"category-bmj","8":"category-episodios","9":"category-podcast"},"acf":[],"yoast_head":"<!-- This site is optimized with the Yoast SEO plugin v27.4 - https:\/\/yoast.com\/product\/yoast-seo-wordpress\/ -->\n<title>Decretos de Bolsonaro e Janela Partid\u00e1ria - BMJ<\/title>\n<meta name=\"robots\" content=\"index, follow, max-snippet:-1, max-image-preview:large, max-video-preview:-1\" \/>\n<link rel=\"canonical\" href=\"https:\/\/bmj.com.br\/es\/decretos-de-bolsonaro-e-janela-partidaria\/\" \/>\n<meta property=\"og:locale\" content=\"es_ES\" \/>\n<meta property=\"og:type\" content=\"article\" \/>\n<meta property=\"og:title\" content=\"Decretos de Bolsonaro e Janela Partid\u00e1ria - BMJ\" \/>\n<meta property=\"og:description\" content=\"Nesta semana, foi celebrado o Dia Internacional da Mulher, e em uma tentativa de reverter seus \u00edndices de rejei\u00e7\u00e3o com o p\u00fablico feminino, o presidente Jair Bolsonaro lan\u00e7ou um \u201cpacote...\" \/>\n<meta property=\"og:url\" content=\"https:\/\/bmj.com.br\/es\/decretos-de-bolsonaro-e-janela-partidaria\/\" \/>\n<meta property=\"og:site_name\" content=\"BMJ\" \/>\n<meta property=\"article:publisher\" content=\"https:\/\/www.facebook.com\/BMJAssociados\/?ref=ts\" \/>\n<meta property=\"article:published_time\" content=\"2022-03-11T19:07:22+00:00\" \/>\n<meta property=\"og:image\" content=\"https:\/\/bmj.com.br\/wp-content\/uploads\/2022\/03\/WhatsApp-Image-2022-03-11-at-15.15.33.jpeg\" \/>\n\t<meta property=\"og:image:width\" content=\"700\" \/>\n\t<meta property=\"og:image:height\" content=\"700\" \/>\n\t<meta property=\"og:image:type\" content=\"image\/jpeg\" \/>\n<meta name=\"author\" content=\"Dennis Bravo\" \/>\n<meta name=\"twitter:card\" content=\"summary_large_image\" \/>\n<meta name=\"twitter:image\" content=\"https:\/\/bmj.com.br\/wp-content\/uploads\/2022\/03\/WhatsApp-Image-2022-03-11-at-15.15.33.jpeg\" \/>\n<meta name=\"twitter:creator\" content=\"@BMJconsultoria\" \/>\n<meta name=\"twitter:site\" content=\"@BMJconsultoria\" \/>\n<meta name=\"twitter:label1\" content=\"Escrito por\" \/>\n\t<meta name=\"twitter:data1\" content=\"Dennis Bravo\" \/>\n\t<meta name=\"twitter:label2\" content=\"Tiempo de lectura\" \/>\n\t<meta name=\"twitter:data2\" content=\"2 minutos\" \/>\n<script type=\"application\/ld+json\" class=\"yoast-schema-graph\">{\"@context\":\"https:\\\/\\\/schema.org\",\"@graph\":[{\"@type\":\"Article\",\"@id\":\"https:\\\/\\\/bmj.com.br\\\/decretos-de-bolsonaro-e-janela-partidaria\\\/#article\",\"isPartOf\":{\"@id\":\"https:\\\/\\\/bmj.com.br\\\/decretos-de-bolsonaro-e-janela-partidaria\\\/\"},\"author\":{\"name\":\"Dennis Bravo\",\"@id\":\"https:\\\/\\\/bmj.com.br\\\/#\\\/schema\\\/person\\\/e3d3984837d4d1847e83b4197aa02975\"},\"headline\":\"Decretos de Bolsonaro e Janela Partid\u00e1ria\",\"datePublished\":\"2022-03-11T19:07:22+00:00\",\"mainEntityOfPage\":{\"@id\":\"https:\\\/\\\/bmj.com.br\\\/decretos-de-bolsonaro-e-janela-partidaria\\\/\"},\"wordCount\":341,\"commentCount\":0,\"publisher\":{\"@id\":\"https:\\\/\\\/bmj.com.br\\\/#organization\"},\"image\":{\"@id\":\"https:\\\/\\\/bmj.com.br\\\/decretos-de-bolsonaro-e-janela-partidaria\\\/#primaryimage\"},\"thumbnailUrl\":\"https:\\\/\\\/bmj.com.br\\\/wp-content\\\/uploads\\\/2022\\\/03\\\/WhatsApp-Image-2022-03-11-at-15.15.33.jpeg\",\"articleSection\":[\"BMJ\",\"Epis\u00f3dios\",\"Podcast\"],\"inLanguage\":\"es\",\"potentialAction\":[{\"@type\":\"CommentAction\",\"name\":\"Comment\",\"target\":[\"https:\\\/\\\/bmj.com.br\\\/decretos-de-bolsonaro-e-janela-partidaria\\\/#respond\"]}]},{\"@type\":\"WebPage\",\"@id\":\"https:\\\/\\\/bmj.com.br\\\/decretos-de-bolsonaro-e-janela-partidaria\\\/\",\"url\":\"https:\\\/\\\/bmj.com.br\\\/decretos-de-bolsonaro-e-janela-partidaria\\\/\",\"name\":\"Decretos de Bolsonaro e Janela Partid\u00e1ria - BMJ\",\"isPartOf\":{\"@id\":\"https:\\\/\\\/bmj.com.br\\\/#website\"},\"primaryImageOfPage\":{\"@id\":\"https:\\\/\\\/bmj.com.br\\\/decretos-de-bolsonaro-e-janela-partidaria\\\/#primaryimage\"},\"image\":{\"@id\":\"https:\\\/\\\/bmj.com.br\\\/decretos-de-bolsonaro-e-janela-partidaria\\\/#primaryimage\"},\"thumbnailUrl\":\"https:\\\/\\\/bmj.com.br\\\/wp-content\\\/uploads\\\/2022\\\/03\\\/WhatsApp-Image-2022-03-11-at-15.15.33.jpeg\",\"datePublished\":\"2022-03-11T19:07:22+00:00\",\"breadcrumb\":{\"@id\":\"https:\\\/\\\/bmj.com.br\\\/decretos-de-bolsonaro-e-janela-partidaria\\\/#breadcrumb\"},\"inLanguage\":\"es\",\"potentialAction\":[{\"@type\":\"ReadAction\",\"target\":[\"https:\\\/\\\/bmj.com.br\\\/decretos-de-bolsonaro-e-janela-partidaria\\\/\"]}]},{\"@type\":\"ImageObject\",\"inLanguage\":\"es\",\"@id\":\"https:\\\/\\\/bmj.com.br\\\/decretos-de-bolsonaro-e-janela-partidaria\\\/#primaryimage\",\"url\":\"https:\\\/\\\/bmj.com.br\\\/wp-content\\\/uploads\\\/2022\\\/03\\\/WhatsApp-Image-2022-03-11-at-15.15.33.jpeg\",\"contentUrl\":\"https:\\\/\\\/bmj.com.br\\\/wp-content\\\/uploads\\\/2022\\\/03\\\/WhatsApp-Image-2022-03-11-at-15.15.33.jpeg\",\"width\":700,\"height\":700},{\"@type\":\"BreadcrumbList\",\"@id\":\"https:\\\/\\\/bmj.com.br\\\/decretos-de-bolsonaro-e-janela-partidaria\\\/#breadcrumb\",\"itemListElement\":[{\"@type\":\"ListItem\",\"position\":1,\"name\":\"Home\",\"item\":\"https:\\\/\\\/bmj.com.br\\\/\"},{\"@type\":\"ListItem\",\"position\":2,\"name\":\"Decretos de Bolsonaro e Janela Partid\u00e1ria\"}]},{\"@type\":\"WebSite\",\"@id\":\"https:\\\/\\\/bmj.com.br\\\/#website\",\"url\":\"https:\\\/\\\/bmj.com.br\\\/\",\"name\":\"BMJ\",\"description\":\"Consultores Associados\",\"publisher\":{\"@id\":\"https:\\\/\\\/bmj.com.br\\\/#organization\"},\"potentialAction\":[{\"@type\":\"SearchAction\",\"target\":{\"@type\":\"EntryPoint\",\"urlTemplate\":\"https:\\\/\\\/bmj.com.br\\\/?s={search_term_string}\"},\"query-input\":{\"@type\":\"PropertyValueSpecification\",\"valueRequired\":true,\"valueName\":\"search_term_string\"}}],\"inLanguage\":\"es\"},{\"@type\":\"Organization\",\"@id\":\"https:\\\/\\\/bmj.com.br\\\/#organization\",\"name\":\"BMJ Consultoria\",\"url\":\"https:\\\/\\\/bmj.com.br\\\/\",\"logo\":{\"@type\":\"ImageObject\",\"inLanguage\":\"es\",\"@id\":\"https:\\\/\\\/bmj.com.br\\\/#\\\/schema\\\/logo\\\/image\\\/\",\"url\":\"\",\"contentUrl\":\"\",\"caption\":\"BMJ Consultoria\"},\"image\":{\"@id\":\"https:\\\/\\\/bmj.com.br\\\/#\\\/schema\\\/logo\\\/image\\\/\"},\"sameAs\":[\"https:\\\/\\\/www.facebook.com\\\/BMJAssociados\\\/?ref=ts\",\"https:\\\/\\\/x.com\\\/BMJconsultoria\",\"https:\\\/\\\/www.instagram.com\\\/bmjconsultoria\\\/\",\"https:\\\/\\\/www.linkedin.com\\\/company\\\/bmjconsultoresassociados\\\/?originalSubdomain=br\",\"https:\\\/\\\/www.youtube.com\\\/user\\\/bmjconsultoria\"]},{\"@type\":\"Person\",\"@id\":\"https:\\\/\\\/bmj.com.br\\\/#\\\/schema\\\/person\\\/e3d3984837d4d1847e83b4197aa02975\",\"name\":\"Dennis Bravo\",\"image\":{\"@type\":\"ImageObject\",\"inLanguage\":\"es\",\"@id\":\"https:\\\/\\\/secure.gravatar.com\\\/avatar\\\/6a711d6eb2c762e1fa0b1af3d0183adea3563153cc8b6e8820177b2fec199793?s=96&d=mm&r=g\",\"url\":\"https:\\\/\\\/secure.gravatar.com\\\/avatar\\\/6a711d6eb2c762e1fa0b1af3d0183adea3563153cc8b6e8820177b2fec199793?s=96&d=mm&r=g\",\"contentUrl\":\"https:\\\/\\\/secure.gravatar.com\\\/avatar\\\/6a711d6eb2c762e1fa0b1af3d0183adea3563153cc8b6e8820177b2fec199793?s=96&d=mm&r=g\",\"caption\":\"Dennis Bravo\"},\"url\":\"https:\\\/\\\/bmj.com.br\\\/es\\\/author\\\/matheus-rossi\\\/\"}]}<\/script>\n<!-- \/ Yoast SEO plugin. -->","yoast_head_json":{"title":"Decretos de Bolsonaro e Janela Partid\u00e1ria - BMJ","robots":{"index":"index","follow":"follow","max-snippet":"max-snippet:-1","max-image-preview":"max-image-preview:large","max-video-preview":"max-video-preview:-1"},"canonical":"https:\/\/bmj.com.br\/es\/decretos-de-bolsonaro-e-janela-partidaria\/","og_locale":"es_ES","og_type":"article","og_title":"Decretos de Bolsonaro e Janela Partid\u00e1ria - BMJ","og_description":"Nesta semana, foi celebrado o Dia Internacional da Mulher, e em uma tentativa de reverter seus \u00edndices de rejei\u00e7\u00e3o com o p\u00fablico feminino, o presidente Jair Bolsonaro lan\u00e7ou um \u201cpacote...","og_url":"https:\/\/bmj.com.br\/es\/decretos-de-bolsonaro-e-janela-partidaria\/","og_site_name":"BMJ","article_publisher":"https:\/\/www.facebook.com\/BMJAssociados\/?ref=ts","article_published_time":"2022-03-11T19:07:22+00:00","og_image":[{"width":700,"height":700,"url":"https:\/\/bmj.com.br\/wp-content\/uploads\/2022\/03\/WhatsApp-Image-2022-03-11-at-15.15.33.jpeg","type":"image\/jpeg"}],"author":"Dennis Bravo","twitter_card":"summary_large_image","twitter_image":"https:\/\/bmj.com.br\/wp-content\/uploads\/2022\/03\/WhatsApp-Image-2022-03-11-at-15.15.33.jpeg","twitter_creator":"@BMJconsultoria","twitter_site":"@BMJconsultoria","twitter_misc":{"Escrito por":"Dennis Bravo","Tiempo de lectura":"2 minutos"},"schema":{"@context":"https:\/\/schema.org","@graph":[{"@type":"Article","@id":"https:\/\/bmj.com.br\/decretos-de-bolsonaro-e-janela-partidaria\/#article","isPartOf":{"@id":"https:\/\/bmj.com.br\/decretos-de-bolsonaro-e-janela-partidaria\/"},"author":{"name":"Dennis Bravo","@id":"https:\/\/bmj.com.br\/#\/schema\/person\/e3d3984837d4d1847e83b4197aa02975"},"headline":"Decretos de Bolsonaro e Janela Partid\u00e1ria","datePublished":"2022-03-11T19:07:22+00:00","mainEntityOfPage":{"@id":"https:\/\/bmj.com.br\/decretos-de-bolsonaro-e-janela-partidaria\/"},"wordCount":341,"commentCount":0,"publisher":{"@id":"https:\/\/bmj.com.br\/#organization"},"image":{"@id":"https:\/\/bmj.com.br\/decretos-de-bolsonaro-e-janela-partidaria\/#primaryimage"},"thumbnailUrl":"https:\/\/bmj.com.br\/wp-content\/uploads\/2022\/03\/WhatsApp-Image-2022-03-11-at-15.15.33.jpeg","articleSection":["BMJ","Epis\u00f3dios","Podcast"],"inLanguage":"es","potentialAction":[{"@type":"CommentAction","name":"Comment","target":["https:\/\/bmj.com.br\/decretos-de-bolsonaro-e-janela-partidaria\/#respond"]}]},{"@type":"WebPage","@id":"https:\/\/bmj.com.br\/decretos-de-bolsonaro-e-janela-partidaria\/","url":"https:\/\/bmj.com.br\/decretos-de-bolsonaro-e-janela-partidaria\/","name":"Decretos de Bolsonaro e Janela Partid\u00e1ria - BMJ","isPartOf":{"@id":"https:\/\/bmj.com.br\/#website"},"primaryImageOfPage":{"@id":"https:\/\/bmj.com.br\/decretos-de-bolsonaro-e-janela-partidaria\/#primaryimage"},"image":{"@id":"https:\/\/bmj.com.br\/decretos-de-bolsonaro-e-janela-partidaria\/#primaryimage"},"thumbnailUrl":"https:\/\/bmj.com.br\/wp-content\/uploads\/2022\/03\/WhatsApp-Image-2022-03-11-at-15.15.33.jpeg","datePublished":"2022-03-11T19:07:22+00:00","breadcrumb":{"@id":"https:\/\/bmj.com.br\/decretos-de-bolsonaro-e-janela-partidaria\/#breadcrumb"},"inLanguage":"es","potentialAction":[{"@type":"ReadAction","target":["https:\/\/bmj.com.br\/decretos-de-bolsonaro-e-janela-partidaria\/"]}]},{"@type":"ImageObject","inLanguage":"es","@id":"https:\/\/bmj.com.br\/decretos-de-bolsonaro-e-janela-partidaria\/#primaryimage","url":"https:\/\/bmj.com.br\/wp-content\/uploads\/2022\/03\/WhatsApp-Image-2022-03-11-at-15.15.33.jpeg","contentUrl":"https:\/\/bmj.com.br\/wp-content\/uploads\/2022\/03\/WhatsApp-Image-2022-03-11-at-15.15.33.jpeg","width":700,"height":700},{"@type":"BreadcrumbList","@id":"https:\/\/bmj.com.br\/decretos-de-bolsonaro-e-janela-partidaria\/#breadcrumb","itemListElement":[{"@type":"ListItem","position":1,"name":"Home","item":"https:\/\/bmj.com.br\/"},{"@type":"ListItem","position":2,"name":"Decretos de Bolsonaro e Janela Partid\u00e1ria"}]},{"@type":"WebSite","@id":"https:\/\/bmj.com.br\/#website","url":"https:\/\/bmj.com.br\/","name":"BMJ","description":"Consultores Associados","publisher":{"@id":"https:\/\/bmj.com.br\/#organization"},"potentialAction":[{"@type":"SearchAction","target":{"@type":"EntryPoint","urlTemplate":"https:\/\/bmj.com.br\/?s={search_term_string}"},"query-input":{"@type":"PropertyValueSpecification","valueRequired":true,"valueName":"search_term_string"}}],"inLanguage":"es"},{"@type":"Organization","@id":"https:\/\/bmj.com.br\/#organization","name":"BMJ Consultoria","url":"https:\/\/bmj.com.br\/","logo":{"@type":"ImageObject","inLanguage":"es","@id":"https:\/\/bmj.com.br\/#\/schema\/logo\/image\/","url":"","contentUrl":"","caption":"BMJ Consultoria"},"image":{"@id":"https:\/\/bmj.com.br\/#\/schema\/logo\/image\/"},"sameAs":["https:\/\/www.facebook.com\/BMJAssociados\/?ref=ts","https:\/\/x.com\/BMJconsultoria","https:\/\/www.instagram.com\/bmjconsultoria\/","https:\/\/www.linkedin.com\/company\/bmjconsultoresassociados\/?originalSubdomain=br","https:\/\/www.youtube.com\/user\/bmjconsultoria"]},{"@type":"Person","@id":"https:\/\/bmj.com.br\/#\/schema\/person\/e3d3984837d4d1847e83b4197aa02975","name":"Dennis Bravo","image":{"@type":"ImageObject","inLanguage":"es","@id":"https:\/\/secure.gravatar.com\/avatar\/6a711d6eb2c762e1fa0b1af3d0183adea3563153cc8b6e8820177b2fec199793?s=96&d=mm&r=g","url":"https:\/\/secure.gravatar.com\/avatar\/6a711d6eb2c762e1fa0b1af3d0183adea3563153cc8b6e8820177b2fec199793?s=96&d=mm&r=g","contentUrl":"https:\/\/secure.gravatar.com\/avatar\/6a711d6eb2c762e1fa0b1af3d0183adea3563153cc8b6e8820177b2fec199793?s=96&d=mm&r=g","caption":"Dennis Bravo"},"url":"https:\/\/bmj.com.br\/es\/author\/matheus-rossi\/"}]}},"_links":{"self":[{"href":"https:\/\/bmj.com.br\/es\/wp-json\/wp\/v2\/posts\/58517","targetHints":{"allow":["GET"]}}],"collection":[{"href":"https:\/\/bmj.com.br\/es\/wp-json\/wp\/v2\/posts"}],"about":[{"href":"https:\/\/bmj.com.br\/es\/wp-json\/wp\/v2\/types\/post"}],"author":[{"embeddable":true,"href":"https:\/\/bmj.com.br\/es\/wp-json\/wp\/v2\/users\/15"}],"replies":[{"embeddable":true,"href":"https:\/\/bmj.com.br\/es\/wp-json\/wp\/v2\/comments?post=58517"}],"version-history":[{"count":1,"href":"https:\/\/bmj.com.br\/es\/wp-json\/wp\/v2\/posts\/58517\/revisions"}],"predecessor-version":[{"id":58518,"href":"https:\/\/bmj.com.br\/es\/wp-json\/wp\/v2\/posts\/58517\/revisions\/58518"}],"wp:featuredmedia":[{"embeddable":true,"href":"https:\/\/bmj.com.br\/es\/wp-json\/wp\/v2\/media\/58514"}],"wp:attachment":[{"href":"https:\/\/bmj.com.br\/es\/wp-json\/wp\/v2\/media?parent=58517"}],"wp:term":[{"taxonomy":"category","embeddable":true,"href":"https:\/\/bmj.com.br\/es\/wp-json\/wp\/v2\/categories?post=58517"},{"taxonomy":"post_tag","embeddable":true,"href":"https:\/\/bmj.com.br\/es\/wp-json\/wp\/v2\/tags?post=58517"}],"curies":[{"name":"wp","href":"https:\/\/api.w.org\/{rel}","templated":true}]}}