{"id":59869,"date":"2022-09-16T16:18:37","date_gmt":"2022-09-16T19:18:37","guid":{"rendered":"https:\/\/bmj.com.br\/?p=59869"},"modified":"2023-06-28T13:47:37","modified_gmt":"2023-06-28T16:47:37","slug":"disputa-presidencial-debate-de-sp-e-uniao-europeia","status":"publish","type":"post","link":"https:\/\/bmj.com.br\/es\/disputa-presidencial-debate-de-sp-e-uniao-europeia\/","title":{"rendered":"Disputa Presidencial, Debate de SP e Uni\u00e3o Europeia"},"content":{"rendered":"<p>A campanha de reelei\u00e7\u00e3o do Presidente Jair Bolsonaro \u00e0 Presid\u00eancia tem como uma das principais barreiras a rela\u00e7\u00e3o do candidato com o eleitorado feminino. Mesmo com a mudan\u00e7a not\u00e1vel no tom do candidato durante o podcast Collab no in\u00edcio da semana, um novo epis\u00f3dio envolvendo a jornalista Vera Magalh\u00e3es acendeu um alerta para como a viol\u00eancia vem sendo atrelada \u00e0 pol\u00edtica brasileira.<\/p>\n<p>Para comentar esses e outros destaques da semana, convidamos para esse epis\u00f3dio nossos consultores \u00c9rico Oyama, Raquel Alves, Theresa Hoe e Vito Villar.<\/p>\n<p>Nossos especialistas comentam como est\u00e1 o clima pol\u00edtico entre os presidenci\u00e1veis e entre os candidatos aos estados de S\u00e3o Paulo e Rio de Janeiro, que est\u00e3o na contagem regressiva para as Elei\u00e7\u00f5es 2022. Durante um debate na TV Cultura entre candidatos ao governo de S\u00e3o Paulo, o deputado estadual Douglas Garcia (Republicanos) deferiu agress\u00f5es \u00e0 jornalista Vera Magalh\u00e3es, e colocou novamente em destaque a postura de Bolsonaro e seus apoiadores em rela\u00e7\u00e3o \u00e0s mulheres, eleitorado muito importante para a campanha de reelei\u00e7\u00e3o. O Deputado federal, Eduardo Bolsonaro (PL-SP), se posicionou contra o ocorrido, assim como o candidato ao governo de S\u00e3o Paulo, Tarc\u00edsio Gomes de Freitas (Republicanos), que participou do debate e que contava com Douglas como um de seus convidados.<\/p>\n<p>Nossos consultores tamb\u00e9m comentam outras movimenta\u00e7\u00f5es importantes como o an\u00fancio do apoio independente da ex-ministra Marina Silva \u00e0 candidatura do ex-presidente Lula da Silva (PT) \u00e0 Presid\u00eancia. Analisamos os impactos dessa aproxima\u00e7\u00e3o e o desempenho dos principais colocados nas \u00faltimas pesquisas de inten\u00e7\u00e3o de votos. Confira tamb\u00e9m neste epis\u00f3dio as altera\u00e7\u00f5es na chapa de reelei\u00e7\u00e3o de Cl\u00e1udio Castro, atual governador do Rio de Janeiro, que precisou trocar seu candidato a vice-governador.<\/p>\n<p>Por fim, nossos consultores comentam algumas mudan\u00e7as que a Uni\u00e3o Europeia dever\u00e1 aplicar na importa\u00e7\u00e3o de produtos oriundos de desmatamento para os pa\u00edses do Bloco. Dentre as principais altera\u00e7\u00f5es, destacam-se diversos commodities produzidos pelo Brasil, como carnes su\u00ednas, bovinas, carv\u00e3o vegetal e milho. Al\u00e9m dos impactos dessa nova medida para os produtores brasileiros, voc\u00ea tamb\u00e9m vai conferir outras medidas que a Uni\u00e3o Europeia vai implementar para diminuir a depend\u00eancia de energias f\u00f3sseis e nucleares, e atingir a meta de uso de energia renov\u00e1vel.<\/p>\n<p>Confira nossa an\u00e1lise sobre todos esses temas neste epis\u00f3dio!<\/p>","protected":false},"excerpt":{"rendered":"<p>A campanha de reelei\u00e7\u00e3o do Presidente Jair Bolsonaro \u00e0 Presid\u00eancia tem como uma das principais barreiras a rela\u00e7\u00e3o do candidato com o eleitorado feminino. Mesmo com a mudan\u00e7a not\u00e1vel no&#8230;<\/p>","protected":false},"author":15,"featured_media":59870,"comment_status":"open","ping_status":"open","sticky":false,"template":"","format":"standard","meta":{"_acf_changed":false,"_exactmetrics_skip_tracking":false,"_exactmetrics_sitenote_active":false,"_exactmetrics_sitenote_note":"","_exactmetrics_sitenote_category":0,"footnotes":""},"categories":[1,696,686],"tags":[],"class_list":{"0":"post-59869","1":"post","2":"type-post","3":"status-publish","4":"format-standard","5":"has-post-thumbnail","7":"category-bmj","8":"category-episodios","9":"category-podcast"},"acf":[],"yoast_head":"<!-- This site is optimized with the Yoast SEO plugin v27.4 - https:\/\/yoast.com\/product\/yoast-seo-wordpress\/ -->\n<title>Disputa Presidencial, Debate de SP e Uni\u00e3o Europeia - BMJ<\/title>\n<meta name=\"robots\" content=\"index, follow, max-snippet:-1, max-image-preview:large, max-video-preview:-1\" \/>\n<link rel=\"canonical\" href=\"https:\/\/bmj.com.br\/es\/disputa-presidencial-debate-de-sp-e-uniao-europeia\/\" \/>\n<meta property=\"og:locale\" content=\"es_ES\" \/>\n<meta property=\"og:type\" content=\"article\" \/>\n<meta property=\"og:title\" content=\"Disputa Presidencial, Debate de SP e Uni\u00e3o Europeia - BMJ\" \/>\n<meta property=\"og:description\" content=\"A campanha de reelei\u00e7\u00e3o do Presidente Jair Bolsonaro \u00e0 Presid\u00eancia tem como uma das principais barreiras a rela\u00e7\u00e3o do candidato com o eleitorado feminino. Mesmo com a mudan\u00e7a not\u00e1vel no...\" \/>\n<meta property=\"og:url\" content=\"https:\/\/bmj.com.br\/es\/disputa-presidencial-debate-de-sp-e-uniao-europeia\/\" \/>\n<meta property=\"og:site_name\" content=\"BMJ\" \/>\n<meta property=\"article:publisher\" content=\"https:\/\/www.facebook.com\/BMJAssociados\/?ref=ts\" \/>\n<meta property=\"article:published_time\" content=\"2022-09-16T19:18:37+00:00\" \/>\n<meta property=\"article:modified_time\" content=\"2023-06-28T16:47:37+00:00\" \/>\n<meta property=\"og:image\" content=\"https:\/\/bmj.com.br\/wp-content\/uploads\/2022\/09\/WhatsApp-Image-2022-09-16-at-16.15.24.jpeg\" \/>\n\t<meta property=\"og:image:width\" content=\"1000\" \/>\n\t<meta property=\"og:image:height\" content=\"1000\" \/>\n\t<meta property=\"og:image:type\" content=\"image\/jpeg\" \/>\n<meta name=\"author\" content=\"Dennis Bravo\" \/>\n<meta name=\"twitter:card\" content=\"summary_large_image\" \/>\n<meta name=\"twitter:creator\" content=\"@BMJconsultoria\" \/>\n<meta name=\"twitter:site\" content=\"@BMJconsultoria\" \/>\n<meta name=\"twitter:label1\" content=\"Escrito por\" \/>\n\t<meta name=\"twitter:data1\" content=\"Dennis Bravo\" \/>\n\t<meta name=\"twitter:label2\" content=\"Tiempo de lectura\" \/>\n\t<meta name=\"twitter:data2\" content=\"3 minutos\" \/>\n<script type=\"application\/ld+json\" class=\"yoast-schema-graph\">{\"@context\":\"https:\\\/\\\/schema.org\",\"@graph\":[{\"@type\":\"Article\",\"@id\":\"https:\\\/\\\/bmj.com.br\\\/disputa-presidencial-debate-de-sp-e-uniao-europeia\\\/#article\",\"isPartOf\":{\"@id\":\"https:\\\/\\\/bmj.com.br\\\/disputa-presidencial-debate-de-sp-e-uniao-europeia\\\/\"},\"author\":{\"name\":\"Dennis Bravo\",\"@id\":\"https:\\\/\\\/bmj.com.br\\\/#\\\/schema\\\/person\\\/e3d3984837d4d1847e83b4197aa02975\"},\"headline\":\"Disputa Presidencial, Debate de SP e Uni\u00e3o Europeia\",\"datePublished\":\"2022-09-16T19:18:37+00:00\",\"dateModified\":\"2023-06-28T16:47:37+00:00\",\"mainEntityOfPage\":{\"@id\":\"https:\\\/\\\/bmj.com.br\\\/disputa-presidencial-debate-de-sp-e-uniao-europeia\\\/\"},\"wordCount\":421,\"commentCount\":0,\"publisher\":{\"@id\":\"https:\\\/\\\/bmj.com.br\\\/#organization\"},\"image\":{\"@id\":\"https:\\\/\\\/bmj.com.br\\\/disputa-presidencial-debate-de-sp-e-uniao-europeia\\\/#primaryimage\"},\"thumbnailUrl\":\"https:\\\/\\\/bmj.com.br\\\/wp-content\\\/uploads\\\/2022\\\/09\\\/WhatsApp-Image-2022-09-16-at-16.15.24.jpeg\",\"articleSection\":[\"BMJ\",\"Epis\u00f3dios\",\"Podcast\"],\"inLanguage\":\"es\",\"potentialAction\":[{\"@type\":\"CommentAction\",\"name\":\"Comment\",\"target\":[\"https:\\\/\\\/bmj.com.br\\\/disputa-presidencial-debate-de-sp-e-uniao-europeia\\\/#respond\"]}]},{\"@type\":\"WebPage\",\"@id\":\"https:\\\/\\\/bmj.com.br\\\/disputa-presidencial-debate-de-sp-e-uniao-europeia\\\/\",\"url\":\"https:\\\/\\\/bmj.com.br\\\/disputa-presidencial-debate-de-sp-e-uniao-europeia\\\/\",\"name\":\"Disputa Presidencial, Debate de SP e Uni\u00e3o Europeia - BMJ\",\"isPartOf\":{\"@id\":\"https:\\\/\\\/bmj.com.br\\\/#website\"},\"primaryImageOfPage\":{\"@id\":\"https:\\\/\\\/bmj.com.br\\\/disputa-presidencial-debate-de-sp-e-uniao-europeia\\\/#primaryimage\"},\"image\":{\"@id\":\"https:\\\/\\\/bmj.com.br\\\/disputa-presidencial-debate-de-sp-e-uniao-europeia\\\/#primaryimage\"},\"thumbnailUrl\":\"https:\\\/\\\/bmj.com.br\\\/wp-content\\\/uploads\\\/2022\\\/09\\\/WhatsApp-Image-2022-09-16-at-16.15.24.jpeg\",\"datePublished\":\"2022-09-16T19:18:37+00:00\",\"dateModified\":\"2023-06-28T16:47:37+00:00\",\"breadcrumb\":{\"@id\":\"https:\\\/\\\/bmj.com.br\\\/disputa-presidencial-debate-de-sp-e-uniao-europeia\\\/#breadcrumb\"},\"inLanguage\":\"es\",\"potentialAction\":[{\"@type\":\"ReadAction\",\"target\":[\"https:\\\/\\\/bmj.com.br\\\/disputa-presidencial-debate-de-sp-e-uniao-europeia\\\/\"]}]},{\"@type\":\"ImageObject\",\"inLanguage\":\"es\",\"@id\":\"https:\\\/\\\/bmj.com.br\\\/disputa-presidencial-debate-de-sp-e-uniao-europeia\\\/#primaryimage\",\"url\":\"https:\\\/\\\/bmj.com.br\\\/wp-content\\\/uploads\\\/2022\\\/09\\\/WhatsApp-Image-2022-09-16-at-16.15.24.jpeg\",\"contentUrl\":\"https:\\\/\\\/bmj.com.br\\\/wp-content\\\/uploads\\\/2022\\\/09\\\/WhatsApp-Image-2022-09-16-at-16.15.24.jpeg\",\"width\":1000,\"height\":1000},{\"@type\":\"BreadcrumbList\",\"@id\":\"https:\\\/\\\/bmj.com.br\\\/disputa-presidencial-debate-de-sp-e-uniao-europeia\\\/#breadcrumb\",\"itemListElement\":[{\"@type\":\"ListItem\",\"position\":1,\"name\":\"Home\",\"item\":\"https:\\\/\\\/bmj.com.br\\\/\"},{\"@type\":\"ListItem\",\"position\":2,\"name\":\"Disputa Presidencial, Debate de SP e Uni\u00e3o Europeia\"}]},{\"@type\":\"WebSite\",\"@id\":\"https:\\\/\\\/bmj.com.br\\\/#website\",\"url\":\"https:\\\/\\\/bmj.com.br\\\/\",\"name\":\"BMJ\",\"description\":\"Consultores Associados\",\"publisher\":{\"@id\":\"https:\\\/\\\/bmj.com.br\\\/#organization\"},\"potentialAction\":[{\"@type\":\"SearchAction\",\"target\":{\"@type\":\"EntryPoint\",\"urlTemplate\":\"https:\\\/\\\/bmj.com.br\\\/?s={search_term_string}\"},\"query-input\":{\"@type\":\"PropertyValueSpecification\",\"valueRequired\":true,\"valueName\":\"search_term_string\"}}],\"inLanguage\":\"es\"},{\"@type\":\"Organization\",\"@id\":\"https:\\\/\\\/bmj.com.br\\\/#organization\",\"name\":\"BMJ Consultoria\",\"url\":\"https:\\\/\\\/bmj.com.br\\\/\",\"logo\":{\"@type\":\"ImageObject\",\"inLanguage\":\"es\",\"@id\":\"https:\\\/\\\/bmj.com.br\\\/#\\\/schema\\\/logo\\\/image\\\/\",\"url\":\"\",\"contentUrl\":\"\",\"caption\":\"BMJ Consultoria\"},\"image\":{\"@id\":\"https:\\\/\\\/bmj.com.br\\\/#\\\/schema\\\/logo\\\/image\\\/\"},\"sameAs\":[\"https:\\\/\\\/www.facebook.com\\\/BMJAssociados\\\/?ref=ts\",\"https:\\\/\\\/x.com\\\/BMJconsultoria\",\"https:\\\/\\\/www.instagram.com\\\/bmjconsultoria\\\/\",\"https:\\\/\\\/www.linkedin.com\\\/company\\\/bmjconsultoresassociados\\\/?originalSubdomain=br\",\"https:\\\/\\\/www.youtube.com\\\/user\\\/bmjconsultoria\"]},{\"@type\":\"Person\",\"@id\":\"https:\\\/\\\/bmj.com.br\\\/#\\\/schema\\\/person\\\/e3d3984837d4d1847e83b4197aa02975\",\"name\":\"Dennis Bravo\",\"image\":{\"@type\":\"ImageObject\",\"inLanguage\":\"es\",\"@id\":\"https:\\\/\\\/secure.gravatar.com\\\/avatar\\\/6a711d6eb2c762e1fa0b1af3d0183adea3563153cc8b6e8820177b2fec199793?s=96&d=mm&r=g\",\"url\":\"https:\\\/\\\/secure.gravatar.com\\\/avatar\\\/6a711d6eb2c762e1fa0b1af3d0183adea3563153cc8b6e8820177b2fec199793?s=96&d=mm&r=g\",\"contentUrl\":\"https:\\\/\\\/secure.gravatar.com\\\/avatar\\\/6a711d6eb2c762e1fa0b1af3d0183adea3563153cc8b6e8820177b2fec199793?s=96&d=mm&r=g\",\"caption\":\"Dennis Bravo\"},\"url\":\"https:\\\/\\\/bmj.com.br\\\/es\\\/author\\\/matheus-rossi\\\/\"}]}<\/script>\n<!-- \/ Yoast SEO plugin. -->","yoast_head_json":{"title":"Disputa Presidencial, Debate de SP e Uni\u00e3o Europeia - BMJ","robots":{"index":"index","follow":"follow","max-snippet":"max-snippet:-1","max-image-preview":"max-image-preview:large","max-video-preview":"max-video-preview:-1"},"canonical":"https:\/\/bmj.com.br\/es\/disputa-presidencial-debate-de-sp-e-uniao-europeia\/","og_locale":"es_ES","og_type":"article","og_title":"Disputa Presidencial, Debate de SP e Uni\u00e3o Europeia - BMJ","og_description":"A campanha de reelei\u00e7\u00e3o do Presidente Jair Bolsonaro \u00e0 Presid\u00eancia tem como uma das principais barreiras a rela\u00e7\u00e3o do candidato com o eleitorado feminino. Mesmo com a mudan\u00e7a not\u00e1vel no...","og_url":"https:\/\/bmj.com.br\/es\/disputa-presidencial-debate-de-sp-e-uniao-europeia\/","og_site_name":"BMJ","article_publisher":"https:\/\/www.facebook.com\/BMJAssociados\/?ref=ts","article_published_time":"2022-09-16T19:18:37+00:00","article_modified_time":"2023-06-28T16:47:37+00:00","og_image":[{"width":1000,"height":1000,"url":"https:\/\/bmj.com.br\/wp-content\/uploads\/2022\/09\/WhatsApp-Image-2022-09-16-at-16.15.24.jpeg","type":"image\/jpeg"}],"author":"Dennis Bravo","twitter_card":"summary_large_image","twitter_creator":"@BMJconsultoria","twitter_site":"@BMJconsultoria","twitter_misc":{"Escrito por":"Dennis Bravo","Tiempo de lectura":"3 minutos"},"schema":{"@context":"https:\/\/schema.org","@graph":[{"@type":"Article","@id":"https:\/\/bmj.com.br\/disputa-presidencial-debate-de-sp-e-uniao-europeia\/#article","isPartOf":{"@id":"https:\/\/bmj.com.br\/disputa-presidencial-debate-de-sp-e-uniao-europeia\/"},"author":{"name":"Dennis Bravo","@id":"https:\/\/bmj.com.br\/#\/schema\/person\/e3d3984837d4d1847e83b4197aa02975"},"headline":"Disputa Presidencial, Debate de SP e Uni\u00e3o Europeia","datePublished":"2022-09-16T19:18:37+00:00","dateModified":"2023-06-28T16:47:37+00:00","mainEntityOfPage":{"@id":"https:\/\/bmj.com.br\/disputa-presidencial-debate-de-sp-e-uniao-europeia\/"},"wordCount":421,"commentCount":0,"publisher":{"@id":"https:\/\/bmj.com.br\/#organization"},"image":{"@id":"https:\/\/bmj.com.br\/disputa-presidencial-debate-de-sp-e-uniao-europeia\/#primaryimage"},"thumbnailUrl":"https:\/\/bmj.com.br\/wp-content\/uploads\/2022\/09\/WhatsApp-Image-2022-09-16-at-16.15.24.jpeg","articleSection":["BMJ","Epis\u00f3dios","Podcast"],"inLanguage":"es","potentialAction":[{"@type":"CommentAction","name":"Comment","target":["https:\/\/bmj.com.br\/disputa-presidencial-debate-de-sp-e-uniao-europeia\/#respond"]}]},{"@type":"WebPage","@id":"https:\/\/bmj.com.br\/disputa-presidencial-debate-de-sp-e-uniao-europeia\/","url":"https:\/\/bmj.com.br\/disputa-presidencial-debate-de-sp-e-uniao-europeia\/","name":"Disputa Presidencial, Debate de SP e Uni\u00e3o Europeia - BMJ","isPartOf":{"@id":"https:\/\/bmj.com.br\/#website"},"primaryImageOfPage":{"@id":"https:\/\/bmj.com.br\/disputa-presidencial-debate-de-sp-e-uniao-europeia\/#primaryimage"},"image":{"@id":"https:\/\/bmj.com.br\/disputa-presidencial-debate-de-sp-e-uniao-europeia\/#primaryimage"},"thumbnailUrl":"https:\/\/bmj.com.br\/wp-content\/uploads\/2022\/09\/WhatsApp-Image-2022-09-16-at-16.15.24.jpeg","datePublished":"2022-09-16T19:18:37+00:00","dateModified":"2023-06-28T16:47:37+00:00","breadcrumb":{"@id":"https:\/\/bmj.com.br\/disputa-presidencial-debate-de-sp-e-uniao-europeia\/#breadcrumb"},"inLanguage":"es","potentialAction":[{"@type":"ReadAction","target":["https:\/\/bmj.com.br\/disputa-presidencial-debate-de-sp-e-uniao-europeia\/"]}]},{"@type":"ImageObject","inLanguage":"es","@id":"https:\/\/bmj.com.br\/disputa-presidencial-debate-de-sp-e-uniao-europeia\/#primaryimage","url":"https:\/\/bmj.com.br\/wp-content\/uploads\/2022\/09\/WhatsApp-Image-2022-09-16-at-16.15.24.jpeg","contentUrl":"https:\/\/bmj.com.br\/wp-content\/uploads\/2022\/09\/WhatsApp-Image-2022-09-16-at-16.15.24.jpeg","width":1000,"height":1000},{"@type":"BreadcrumbList","@id":"https:\/\/bmj.com.br\/disputa-presidencial-debate-de-sp-e-uniao-europeia\/#breadcrumb","itemListElement":[{"@type":"ListItem","position":1,"name":"Home","item":"https:\/\/bmj.com.br\/"},{"@type":"ListItem","position":2,"name":"Disputa Presidencial, Debate de SP e Uni\u00e3o Europeia"}]},{"@type":"WebSite","@id":"https:\/\/bmj.com.br\/#website","url":"https:\/\/bmj.com.br\/","name":"BMJ","description":"Consultores Associados","publisher":{"@id":"https:\/\/bmj.com.br\/#organization"},"potentialAction":[{"@type":"SearchAction","target":{"@type":"EntryPoint","urlTemplate":"https:\/\/bmj.com.br\/?s={search_term_string}"},"query-input":{"@type":"PropertyValueSpecification","valueRequired":true,"valueName":"search_term_string"}}],"inLanguage":"es"},{"@type":"Organization","@id":"https:\/\/bmj.com.br\/#organization","name":"BMJ Consultoria","url":"https:\/\/bmj.com.br\/","logo":{"@type":"ImageObject","inLanguage":"es","@id":"https:\/\/bmj.com.br\/#\/schema\/logo\/image\/","url":"","contentUrl":"","caption":"BMJ Consultoria"},"image":{"@id":"https:\/\/bmj.com.br\/#\/schema\/logo\/image\/"},"sameAs":["https:\/\/www.facebook.com\/BMJAssociados\/?ref=ts","https:\/\/x.com\/BMJconsultoria","https:\/\/www.instagram.com\/bmjconsultoria\/","https:\/\/www.linkedin.com\/company\/bmjconsultoresassociados\/?originalSubdomain=br","https:\/\/www.youtube.com\/user\/bmjconsultoria"]},{"@type":"Person","@id":"https:\/\/bmj.com.br\/#\/schema\/person\/e3d3984837d4d1847e83b4197aa02975","name":"Dennis Bravo","image":{"@type":"ImageObject","inLanguage":"es","@id":"https:\/\/secure.gravatar.com\/avatar\/6a711d6eb2c762e1fa0b1af3d0183adea3563153cc8b6e8820177b2fec199793?s=96&d=mm&r=g","url":"https:\/\/secure.gravatar.com\/avatar\/6a711d6eb2c762e1fa0b1af3d0183adea3563153cc8b6e8820177b2fec199793?s=96&d=mm&r=g","contentUrl":"https:\/\/secure.gravatar.com\/avatar\/6a711d6eb2c762e1fa0b1af3d0183adea3563153cc8b6e8820177b2fec199793?s=96&d=mm&r=g","caption":"Dennis Bravo"},"url":"https:\/\/bmj.com.br\/es\/author\/matheus-rossi\/"}]}},"_links":{"self":[{"href":"https:\/\/bmj.com.br\/es\/wp-json\/wp\/v2\/posts\/59869","targetHints":{"allow":["GET"]}}],"collection":[{"href":"https:\/\/bmj.com.br\/es\/wp-json\/wp\/v2\/posts"}],"about":[{"href":"https:\/\/bmj.com.br\/es\/wp-json\/wp\/v2\/types\/post"}],"author":[{"embeddable":true,"href":"https:\/\/bmj.com.br\/es\/wp-json\/wp\/v2\/users\/15"}],"replies":[{"embeddable":true,"href":"https:\/\/bmj.com.br\/es\/wp-json\/wp\/v2\/comments?post=59869"}],"version-history":[{"count":1,"href":"https:\/\/bmj.com.br\/es\/wp-json\/wp\/v2\/posts\/59869\/revisions"}],"predecessor-version":[{"id":59876,"href":"https:\/\/bmj.com.br\/es\/wp-json\/wp\/v2\/posts\/59869\/revisions\/59876"}],"wp:featuredmedia":[{"embeddable":true,"href":"https:\/\/bmj.com.br\/es\/wp-json\/wp\/v2\/media\/59870"}],"wp:attachment":[{"href":"https:\/\/bmj.com.br\/es\/wp-json\/wp\/v2\/media?parent=59869"}],"wp:term":[{"taxonomy":"category","embeddable":true,"href":"https:\/\/bmj.com.br\/es\/wp-json\/wp\/v2\/categories?post=59869"},{"taxonomy":"post_tag","embeddable":true,"href":"https:\/\/bmj.com.br\/es\/wp-json\/wp\/v2\/tags?post=59869"}],"curies":[{"name":"wp","href":"https:\/\/api.w.org\/{rel}","templated":true}]}}