{"id":60428,"date":"2022-11-25T14:38:22","date_gmt":"2022-11-25T17:38:22","guid":{"rendered":"https:\/\/bmj.com.br\/?p=60428"},"modified":"2023-06-28T12:20:00","modified_gmt":"2023-06-28T15:20:00","slug":"especial-cop-27","status":"publish","type":"post","link":"https:\/\/bmj.com.br\/es\/especial-cop-27\/","title":{"rendered":"Especial COP 27"},"content":{"rendered":"<p>Diversos pa\u00edses se reuniram mais uma vez para discutir e planejar metas clim\u00e1ticas na 27\u00aa edi\u00e7\u00e3o da Confer\u00eancia do Clima (COP 27), que aconteceu em Sharm El-Sheikh, Egito. O Brasil tenta retomar o protagonismo entre as negocia\u00e7\u00f5es e nossas consultoras Amanda Roza e Raquel Alves trazem um resumo neste epis\u00f3dio.<\/p>\n<p>Nesta edi\u00e7\u00e3o ganhou destaque o mote \u201cimplementa\u00e7\u00e3o\u201d, que colocou no centro das discuss\u00f5es temas caros aos pa\u00edses em desenvolvimento, como financiamento, adapta\u00e7\u00e3o e perdas e danos. Um dos principais objetivos dessa confer\u00eancia foi mitigar as emiss\u00f5es de gases do efeito estufa. Durante a COP 15, que aconteceu em 2009, foi estipulada a meta de 100 bilh\u00f5es de d\u00f3lares anuais para o financiamento de a\u00e7\u00f5es de mitiga\u00e7\u00e3o clim\u00e1tica, entretanto, n\u00e3o foi cumprida.<\/p>\n<p>J\u00e1 nesta edi\u00e7\u00e3o, o Brasil firmou uma alian\u00e7a com outras duas na\u00e7\u00f5es que somam as maiores florestas tropicais do mundo: Rep\u00fablica Democr\u00e1tica do Congo e Indon\u00e9sia. Na parceria, os pa\u00edses se comprometem a cooperar na preserva\u00e7\u00e3o das florestas ap\u00f3s uma d\u00e9cada de negocia\u00e7\u00f5es sobre uma alian\u00e7a trilateral.<\/p>\n<p>O Brasil contou com duas comiss\u00f5es, a oficial do atual governo Bolsonaro, e outra com o presidente eleito Lula da Silva, que compareceu ao evento convidado por diversas entidades. A participa\u00e7\u00e3o de Lula foi um dos grandes destaques e teve uma excelente receptividade da comunidade na avalia\u00e7\u00e3o das nossas consultoras. Em discurso, o presidente eleito destacou que o meio ambiente ter\u00e1 ampla import\u00e2ncia em seu governo.<\/p>\n<p>Na avalia\u00e7\u00e3o das nossas especialistas, o governo Lula ter\u00e1 desafios importantes, como estabelecer novas pol\u00edticas ambientais e cumprir a lei ambiental do pa\u00eds, que j\u00e1 \u00e9 muito boa, mas peca na fiscaliza\u00e7\u00e3o. Al\u00e9m disso, o processo sancionador do Ibama (Instituto Brasileiro do Meio Ambiente e dos Recursos Naturais Renov\u00e1veis) prescreveu diversas multas ambientais. Essa medida tamb\u00e9m afetou a regulariza\u00e7\u00e3o ambiental no Pa\u00eds.<\/p>\n<p>Lula sinalizou que os povos origin\u00e1rios e pesca v\u00e3o ter Minist\u00e9rios, e a expectativa \u00e9 de que essas \u00e1reas sejam coordenadas em conjunto com o Meio Ambiente. Os setores de energia e de tecnologia tamb\u00e9m ser\u00e3o transversais. Na avalia\u00e7\u00e3o das nossas consultoras, o Brasil precisa reconquistar a confian\u00e7a internacional, provar que se preocupa com a pauta clim\u00e1tica e mostrar uma imagem institucional est\u00e1vel.<\/p>\n<p>Todos esses aspectos s\u00e3o analisados no bate-papo dessa semana por nossas consultoras. Confira!<\/p>","protected":false},"excerpt":{"rendered":"<p>Diversos pa\u00edses se reuniram mais uma vez para discutir e planejar metas clim\u00e1ticas na 27\u00aa edi\u00e7\u00e3o da Confer\u00eancia do Clima (COP 27), que aconteceu em Sharm El-Sheikh, Egito. O Brasil&#8230;<\/p>","protected":false},"author":15,"featured_media":60432,"comment_status":"open","ping_status":"open","sticky":false,"template":"","format":"standard","meta":{"_acf_changed":false,"_exactmetrics_skip_tracking":false,"_exactmetrics_sitenote_active":false,"_exactmetrics_sitenote_note":"","_exactmetrics_sitenote_category":0,"footnotes":""},"categories":[1,696,686],"tags":[],"class_list":{"0":"post-60428","1":"post","2":"type-post","3":"status-publish","4":"format-standard","5":"has-post-thumbnail","7":"category-bmj","8":"category-episodios","9":"category-podcast"},"acf":[],"yoast_head":"<!-- This site is optimized with the Yoast SEO plugin v27.4 - https:\/\/yoast.com\/product\/yoast-seo-wordpress\/ -->\n<title>Especial COP 27 - BMJ<\/title>\n<meta name=\"robots\" content=\"index, follow, max-snippet:-1, max-image-preview:large, max-video-preview:-1\" \/>\n<link rel=\"canonical\" href=\"https:\/\/bmj.com.br\/es\/especial-cop-27\/\" \/>\n<meta property=\"og:locale\" content=\"es_ES\" \/>\n<meta property=\"og:type\" content=\"article\" \/>\n<meta property=\"og:title\" content=\"Especial COP 27 - BMJ\" \/>\n<meta property=\"og:description\" content=\"Diversos pa\u00edses se reuniram mais uma vez para discutir e planejar metas clim\u00e1ticas na 27\u00aa edi\u00e7\u00e3o da Confer\u00eancia do Clima (COP 27), que aconteceu em Sharm El-Sheikh, Egito. O Brasil...\" \/>\n<meta property=\"og:url\" content=\"https:\/\/bmj.com.br\/es\/especial-cop-27\/\" \/>\n<meta property=\"og:site_name\" content=\"BMJ\" \/>\n<meta property=\"article:publisher\" content=\"https:\/\/www.facebook.com\/BMJAssociados\/?ref=ts\" \/>\n<meta property=\"article:published_time\" content=\"2022-11-25T17:38:22+00:00\" \/>\n<meta property=\"article:modified_time\" content=\"2023-06-28T15:20:00+00:00\" \/>\n<meta property=\"og:image\" content=\"https:\/\/bmj.com.br\/wp-content\/uploads\/2022\/11\/WhatsApp-Image-2022-11-25-at-14.31.45.jpeg\" \/>\n\t<meta property=\"og:image:width\" content=\"1000\" \/>\n\t<meta property=\"og:image:height\" content=\"1000\" \/>\n\t<meta property=\"og:image:type\" content=\"image\/jpeg\" \/>\n<meta name=\"author\" content=\"Dennis Bravo\" \/>\n<meta name=\"twitter:card\" content=\"summary_large_image\" \/>\n<meta name=\"twitter:creator\" content=\"@BMJconsultoria\" \/>\n<meta name=\"twitter:site\" content=\"@BMJconsultoria\" \/>\n<meta name=\"twitter:label1\" content=\"Escrito por\" \/>\n\t<meta name=\"twitter:data1\" content=\"Dennis Bravo\" \/>\n\t<meta name=\"twitter:label2\" content=\"Tiempo de lectura\" \/>\n\t<meta name=\"twitter:data2\" content=\"3 minutos\" \/>\n<script type=\"application\/ld+json\" class=\"yoast-schema-graph\">{\"@context\":\"https:\\\/\\\/schema.org\",\"@graph\":[{\"@type\":\"Article\",\"@id\":\"https:\\\/\\\/bmj.com.br\\\/especial-cop-27\\\/#article\",\"isPartOf\":{\"@id\":\"https:\\\/\\\/bmj.com.br\\\/especial-cop-27\\\/\"},\"author\":{\"name\":\"Dennis Bravo\",\"@id\":\"https:\\\/\\\/bmj.com.br\\\/#\\\/schema\\\/person\\\/e3d3984837d4d1847e83b4197aa02975\"},\"headline\":\"Especial COP 27\",\"datePublished\":\"2022-11-25T17:38:22+00:00\",\"dateModified\":\"2023-06-28T15:20:00+00:00\",\"mainEntityOfPage\":{\"@id\":\"https:\\\/\\\/bmj.com.br\\\/especial-cop-27\\\/\"},\"wordCount\":421,\"commentCount\":0,\"publisher\":{\"@id\":\"https:\\\/\\\/bmj.com.br\\\/#organization\"},\"image\":{\"@id\":\"https:\\\/\\\/bmj.com.br\\\/especial-cop-27\\\/#primaryimage\"},\"thumbnailUrl\":\"https:\\\/\\\/bmj.com.br\\\/wp-content\\\/uploads\\\/2022\\\/11\\\/WhatsApp-Image-2022-11-25-at-14.31.45.jpeg\",\"articleSection\":[\"BMJ\",\"Epis\u00f3dios\",\"Podcast\"],\"inLanguage\":\"es\",\"potentialAction\":[{\"@type\":\"CommentAction\",\"name\":\"Comment\",\"target\":[\"https:\\\/\\\/bmj.com.br\\\/especial-cop-27\\\/#respond\"]}]},{\"@type\":\"WebPage\",\"@id\":\"https:\\\/\\\/bmj.com.br\\\/especial-cop-27\\\/\",\"url\":\"https:\\\/\\\/bmj.com.br\\\/especial-cop-27\\\/\",\"name\":\"Especial COP 27 - BMJ\",\"isPartOf\":{\"@id\":\"https:\\\/\\\/bmj.com.br\\\/#website\"},\"primaryImageOfPage\":{\"@id\":\"https:\\\/\\\/bmj.com.br\\\/especial-cop-27\\\/#primaryimage\"},\"image\":{\"@id\":\"https:\\\/\\\/bmj.com.br\\\/especial-cop-27\\\/#primaryimage\"},\"thumbnailUrl\":\"https:\\\/\\\/bmj.com.br\\\/wp-content\\\/uploads\\\/2022\\\/11\\\/WhatsApp-Image-2022-11-25-at-14.31.45.jpeg\",\"datePublished\":\"2022-11-25T17:38:22+00:00\",\"dateModified\":\"2023-06-28T15:20:00+00:00\",\"breadcrumb\":{\"@id\":\"https:\\\/\\\/bmj.com.br\\\/especial-cop-27\\\/#breadcrumb\"},\"inLanguage\":\"es\",\"potentialAction\":[{\"@type\":\"ReadAction\",\"target\":[\"https:\\\/\\\/bmj.com.br\\\/especial-cop-27\\\/\"]}]},{\"@type\":\"ImageObject\",\"inLanguage\":\"es\",\"@id\":\"https:\\\/\\\/bmj.com.br\\\/especial-cop-27\\\/#primaryimage\",\"url\":\"https:\\\/\\\/bmj.com.br\\\/wp-content\\\/uploads\\\/2022\\\/11\\\/WhatsApp-Image-2022-11-25-at-14.31.45.jpeg\",\"contentUrl\":\"https:\\\/\\\/bmj.com.br\\\/wp-content\\\/uploads\\\/2022\\\/11\\\/WhatsApp-Image-2022-11-25-at-14.31.45.jpeg\",\"width\":1000,\"height\":1000},{\"@type\":\"BreadcrumbList\",\"@id\":\"https:\\\/\\\/bmj.com.br\\\/especial-cop-27\\\/#breadcrumb\",\"itemListElement\":[{\"@type\":\"ListItem\",\"position\":1,\"name\":\"Home\",\"item\":\"https:\\\/\\\/bmj.com.br\\\/\"},{\"@type\":\"ListItem\",\"position\":2,\"name\":\"Especial COP 27\"}]},{\"@type\":\"WebSite\",\"@id\":\"https:\\\/\\\/bmj.com.br\\\/#website\",\"url\":\"https:\\\/\\\/bmj.com.br\\\/\",\"name\":\"BMJ\",\"description\":\"Consultores Associados\",\"publisher\":{\"@id\":\"https:\\\/\\\/bmj.com.br\\\/#organization\"},\"potentialAction\":[{\"@type\":\"SearchAction\",\"target\":{\"@type\":\"EntryPoint\",\"urlTemplate\":\"https:\\\/\\\/bmj.com.br\\\/?s={search_term_string}\"},\"query-input\":{\"@type\":\"PropertyValueSpecification\",\"valueRequired\":true,\"valueName\":\"search_term_string\"}}],\"inLanguage\":\"es\"},{\"@type\":\"Organization\",\"@id\":\"https:\\\/\\\/bmj.com.br\\\/#organization\",\"name\":\"BMJ Consultoria\",\"url\":\"https:\\\/\\\/bmj.com.br\\\/\",\"logo\":{\"@type\":\"ImageObject\",\"inLanguage\":\"es\",\"@id\":\"https:\\\/\\\/bmj.com.br\\\/#\\\/schema\\\/logo\\\/image\\\/\",\"url\":\"\",\"contentUrl\":\"\",\"caption\":\"BMJ Consultoria\"},\"image\":{\"@id\":\"https:\\\/\\\/bmj.com.br\\\/#\\\/schema\\\/logo\\\/image\\\/\"},\"sameAs\":[\"https:\\\/\\\/www.facebook.com\\\/BMJAssociados\\\/?ref=ts\",\"https:\\\/\\\/x.com\\\/BMJconsultoria\",\"https:\\\/\\\/www.instagram.com\\\/bmjconsultoria\\\/\",\"https:\\\/\\\/www.linkedin.com\\\/company\\\/bmjconsultoresassociados\\\/?originalSubdomain=br\",\"https:\\\/\\\/www.youtube.com\\\/user\\\/bmjconsultoria\"]},{\"@type\":\"Person\",\"@id\":\"https:\\\/\\\/bmj.com.br\\\/#\\\/schema\\\/person\\\/e3d3984837d4d1847e83b4197aa02975\",\"name\":\"Dennis Bravo\",\"image\":{\"@type\":\"ImageObject\",\"inLanguage\":\"es\",\"@id\":\"https:\\\/\\\/secure.gravatar.com\\\/avatar\\\/6a711d6eb2c762e1fa0b1af3d0183adea3563153cc8b6e8820177b2fec199793?s=96&d=mm&r=g\",\"url\":\"https:\\\/\\\/secure.gravatar.com\\\/avatar\\\/6a711d6eb2c762e1fa0b1af3d0183adea3563153cc8b6e8820177b2fec199793?s=96&d=mm&r=g\",\"contentUrl\":\"https:\\\/\\\/secure.gravatar.com\\\/avatar\\\/6a711d6eb2c762e1fa0b1af3d0183adea3563153cc8b6e8820177b2fec199793?s=96&d=mm&r=g\",\"caption\":\"Dennis Bravo\"},\"url\":\"https:\\\/\\\/bmj.com.br\\\/es\\\/author\\\/matheus-rossi\\\/\"}]}<\/script>\n<!-- \/ Yoast SEO plugin. -->","yoast_head_json":{"title":"Especial COP 27 - BMJ","robots":{"index":"index","follow":"follow","max-snippet":"max-snippet:-1","max-image-preview":"max-image-preview:large","max-video-preview":"max-video-preview:-1"},"canonical":"https:\/\/bmj.com.br\/es\/especial-cop-27\/","og_locale":"es_ES","og_type":"article","og_title":"Especial COP 27 - BMJ","og_description":"Diversos pa\u00edses se reuniram mais uma vez para discutir e planejar metas clim\u00e1ticas na 27\u00aa edi\u00e7\u00e3o da Confer\u00eancia do Clima (COP 27), que aconteceu em Sharm El-Sheikh, Egito. O Brasil...","og_url":"https:\/\/bmj.com.br\/es\/especial-cop-27\/","og_site_name":"BMJ","article_publisher":"https:\/\/www.facebook.com\/BMJAssociados\/?ref=ts","article_published_time":"2022-11-25T17:38:22+00:00","article_modified_time":"2023-06-28T15:20:00+00:00","og_image":[{"width":1000,"height":1000,"url":"https:\/\/bmj.com.br\/wp-content\/uploads\/2022\/11\/WhatsApp-Image-2022-11-25-at-14.31.45.jpeg","type":"image\/jpeg"}],"author":"Dennis Bravo","twitter_card":"summary_large_image","twitter_creator":"@BMJconsultoria","twitter_site":"@BMJconsultoria","twitter_misc":{"Escrito por":"Dennis Bravo","Tiempo de lectura":"3 minutos"},"schema":{"@context":"https:\/\/schema.org","@graph":[{"@type":"Article","@id":"https:\/\/bmj.com.br\/especial-cop-27\/#article","isPartOf":{"@id":"https:\/\/bmj.com.br\/especial-cop-27\/"},"author":{"name":"Dennis Bravo","@id":"https:\/\/bmj.com.br\/#\/schema\/person\/e3d3984837d4d1847e83b4197aa02975"},"headline":"Especial COP 27","datePublished":"2022-11-25T17:38:22+00:00","dateModified":"2023-06-28T15:20:00+00:00","mainEntityOfPage":{"@id":"https:\/\/bmj.com.br\/especial-cop-27\/"},"wordCount":421,"commentCount":0,"publisher":{"@id":"https:\/\/bmj.com.br\/#organization"},"image":{"@id":"https:\/\/bmj.com.br\/especial-cop-27\/#primaryimage"},"thumbnailUrl":"https:\/\/bmj.com.br\/wp-content\/uploads\/2022\/11\/WhatsApp-Image-2022-11-25-at-14.31.45.jpeg","articleSection":["BMJ","Epis\u00f3dios","Podcast"],"inLanguage":"es","potentialAction":[{"@type":"CommentAction","name":"Comment","target":["https:\/\/bmj.com.br\/especial-cop-27\/#respond"]}]},{"@type":"WebPage","@id":"https:\/\/bmj.com.br\/especial-cop-27\/","url":"https:\/\/bmj.com.br\/especial-cop-27\/","name":"Especial COP 27 - BMJ","isPartOf":{"@id":"https:\/\/bmj.com.br\/#website"},"primaryImageOfPage":{"@id":"https:\/\/bmj.com.br\/especial-cop-27\/#primaryimage"},"image":{"@id":"https:\/\/bmj.com.br\/especial-cop-27\/#primaryimage"},"thumbnailUrl":"https:\/\/bmj.com.br\/wp-content\/uploads\/2022\/11\/WhatsApp-Image-2022-11-25-at-14.31.45.jpeg","datePublished":"2022-11-25T17:38:22+00:00","dateModified":"2023-06-28T15:20:00+00:00","breadcrumb":{"@id":"https:\/\/bmj.com.br\/especial-cop-27\/#breadcrumb"},"inLanguage":"es","potentialAction":[{"@type":"ReadAction","target":["https:\/\/bmj.com.br\/especial-cop-27\/"]}]},{"@type":"ImageObject","inLanguage":"es","@id":"https:\/\/bmj.com.br\/especial-cop-27\/#primaryimage","url":"https:\/\/bmj.com.br\/wp-content\/uploads\/2022\/11\/WhatsApp-Image-2022-11-25-at-14.31.45.jpeg","contentUrl":"https:\/\/bmj.com.br\/wp-content\/uploads\/2022\/11\/WhatsApp-Image-2022-11-25-at-14.31.45.jpeg","width":1000,"height":1000},{"@type":"BreadcrumbList","@id":"https:\/\/bmj.com.br\/especial-cop-27\/#breadcrumb","itemListElement":[{"@type":"ListItem","position":1,"name":"Home","item":"https:\/\/bmj.com.br\/"},{"@type":"ListItem","position":2,"name":"Especial COP 27"}]},{"@type":"WebSite","@id":"https:\/\/bmj.com.br\/#website","url":"https:\/\/bmj.com.br\/","name":"BMJ","description":"Consultores Associados","publisher":{"@id":"https:\/\/bmj.com.br\/#organization"},"potentialAction":[{"@type":"SearchAction","target":{"@type":"EntryPoint","urlTemplate":"https:\/\/bmj.com.br\/?s={search_term_string}"},"query-input":{"@type":"PropertyValueSpecification","valueRequired":true,"valueName":"search_term_string"}}],"inLanguage":"es"},{"@type":"Organization","@id":"https:\/\/bmj.com.br\/#organization","name":"BMJ Consultoria","url":"https:\/\/bmj.com.br\/","logo":{"@type":"ImageObject","inLanguage":"es","@id":"https:\/\/bmj.com.br\/#\/schema\/logo\/image\/","url":"","contentUrl":"","caption":"BMJ Consultoria"},"image":{"@id":"https:\/\/bmj.com.br\/#\/schema\/logo\/image\/"},"sameAs":["https:\/\/www.facebook.com\/BMJAssociados\/?ref=ts","https:\/\/x.com\/BMJconsultoria","https:\/\/www.instagram.com\/bmjconsultoria\/","https:\/\/www.linkedin.com\/company\/bmjconsultoresassociados\/?originalSubdomain=br","https:\/\/www.youtube.com\/user\/bmjconsultoria"]},{"@type":"Person","@id":"https:\/\/bmj.com.br\/#\/schema\/person\/e3d3984837d4d1847e83b4197aa02975","name":"Dennis Bravo","image":{"@type":"ImageObject","inLanguage":"es","@id":"https:\/\/secure.gravatar.com\/avatar\/6a711d6eb2c762e1fa0b1af3d0183adea3563153cc8b6e8820177b2fec199793?s=96&d=mm&r=g","url":"https:\/\/secure.gravatar.com\/avatar\/6a711d6eb2c762e1fa0b1af3d0183adea3563153cc8b6e8820177b2fec199793?s=96&d=mm&r=g","contentUrl":"https:\/\/secure.gravatar.com\/avatar\/6a711d6eb2c762e1fa0b1af3d0183adea3563153cc8b6e8820177b2fec199793?s=96&d=mm&r=g","caption":"Dennis Bravo"},"url":"https:\/\/bmj.com.br\/es\/author\/matheus-rossi\/"}]}},"_links":{"self":[{"href":"https:\/\/bmj.com.br\/es\/wp-json\/wp\/v2\/posts\/60428","targetHints":{"allow":["GET"]}}],"collection":[{"href":"https:\/\/bmj.com.br\/es\/wp-json\/wp\/v2\/posts"}],"about":[{"href":"https:\/\/bmj.com.br\/es\/wp-json\/wp\/v2\/types\/post"}],"author":[{"embeddable":true,"href":"https:\/\/bmj.com.br\/es\/wp-json\/wp\/v2\/users\/15"}],"replies":[{"embeddable":true,"href":"https:\/\/bmj.com.br\/es\/wp-json\/wp\/v2\/comments?post=60428"}],"version-history":[{"count":1,"href":"https:\/\/bmj.com.br\/es\/wp-json\/wp\/v2\/posts\/60428\/revisions"}],"predecessor-version":[{"id":60435,"href":"https:\/\/bmj.com.br\/es\/wp-json\/wp\/v2\/posts\/60428\/revisions\/60435"}],"wp:featuredmedia":[{"embeddable":true,"href":"https:\/\/bmj.com.br\/es\/wp-json\/wp\/v2\/media\/60432"}],"wp:attachment":[{"href":"https:\/\/bmj.com.br\/es\/wp-json\/wp\/v2\/media?parent=60428"}],"wp:term":[{"taxonomy":"category","embeddable":true,"href":"https:\/\/bmj.com.br\/es\/wp-json\/wp\/v2\/categories?post=60428"},{"taxonomy":"post_tag","embeddable":true,"href":"https:\/\/bmj.com.br\/es\/wp-json\/wp\/v2\/tags?post=60428"}],"curies":[{"name":"wp","href":"https:\/\/api.w.org\/{rel}","templated":true}]}}