{"id":61219,"date":"2023-04-28T16:15:21","date_gmt":"2023-04-28T19:15:21","guid":{"rendered":"https:\/\/bmj.com.br\/?p=61219"},"modified":"2023-04-28T16:15:21","modified_gmt":"2023-04-28T19:15:21","slug":"cpmi-de-8-de-janeiro-e-pl-das-fake-news","status":"publish","type":"post","link":"https:\/\/bmj.com.br\/es\/cpmi-de-8-de-janeiro-e-pl-das-fake-news\/","title":{"rendered":"CPMI de 8 de janeiro e PL das Fake News"},"content":{"rendered":"<p>As divulga\u00e7\u00f5es de novas imagens dos atos de 8 janeiro culminaram na instala\u00e7\u00e3o de uma Comiss\u00e3o Parlamentar Mista de Inqu\u00e9rito (CPMI) no Congresso Nacional para investiga\u00e7\u00e3o. A discuss\u00e3o tamb\u00e9m reacendeu a necessidade de regulamenta\u00e7\u00e3o de big techs no Brasil e, por isso, o PL das Fake News voltou a ser discutido. Para analisar esse cen\u00e1rio, convidamos nossos consultores Fernanda C\u00e9sar, H\u00e9rcules Nunes, Let\u00edcia Mendes e Raquel Alves para o bate-papo dessa semana.<\/p>\n<p>Com menos de quatro meses de mandato, o governo Lula 3 j\u00e1 contabiliza diversos desafios. Mesmo com a gravidade do ocorrido nos atos do dia 8 de janeiro, o discurso do governo era de que as institui\u00e7\u00f5es respons\u00e1veis j\u00e1 estavam investigando e que, por isso, mobilizar parlamentares em uma CPMI poderia atrapalhar a tramita\u00e7\u00e3o e vota\u00e7\u00e3o de projetos importantes. Entretanto, as divulga\u00e7\u00f5es de novas imagens pela CNN, na \u00faltima semana, deram for\u00e7a \u00e0 oposi\u00e7\u00e3o para pressionar a instala\u00e7\u00e3o da CPMI novamente. O ent\u00e3o ministro-chefe do Gabinete de Seguran\u00e7a Institucional (GSI), general Gon\u00e7alves Dias, foi registrado no Pal\u00e1cio do Planalto enquanto os ataques ocorriam. Os registros foram amplamente explorados pela oposi\u00e7\u00e3o, que acusa o governo de ina\u00e7\u00e3o naquele dia. Com isso, a CPMI foi instalada nesta semana e nossos especialistas analisam as expectativas para a composi\u00e7\u00e3o e o debate de narrativas entre base e oposi\u00e7\u00e3o.<\/p>\n<p>Analisando todo esse contexto, nossos consultores tamb\u00e9m comentam a influ\u00eancia e o uso das plataformas em atos pol\u00edticos e, at\u00e9 mesmo, na economia do pa\u00eds. Em tramita\u00e7\u00e3o desde 2020, o PL das Fake News voltou a caminhar e vai ao Plen\u00e1rio da C\u00e2mara dos Deputados na pr\u00f3xima semana. A princ\u00edpio, o Projeto era uma forma de evitar a propaga\u00e7\u00e3o de not\u00edcias falsas, mas o texto ganhou corpo e agora pretende regularizar a atua\u00e7\u00e3o das chamadas big techs no Brasil, como Telegram, Facebook, Twitter e Google. As plataformas digitais se tornaram centralizadores da comunica\u00e7\u00e3o entre grupos ideol\u00f3gicos, com um grande impacto econ\u00f4mico, j\u00e1 que grande parte dos micro e pequenos empreendedores brasileiros dependem dessas plataformas de comunica\u00e7\u00e3o para vender e manter seus neg\u00f3cios.<\/p>\n<p>Todos esses pontos s\u00e3o analisados neste epis\u00f3dio pelos nossos consultores. N\u00e3o deixe de conferir!<\/p>","protected":false},"excerpt":{"rendered":"<p>As divulga\u00e7\u00f5es de novas imagens dos atos de 8 janeiro culminaram na instala\u00e7\u00e3o de uma Comiss\u00e3o Parlamentar Mista de Inqu\u00e9rito (CPMI) no Congresso Nacional para investiga\u00e7\u00e3o. A discuss\u00e3o tamb\u00e9m reacendeu&#8230;<\/p>","protected":false},"author":15,"featured_media":61220,"comment_status":"open","ping_status":"open","sticky":false,"template":"","format":"standard","meta":{"_acf_changed":false,"_exactmetrics_skip_tracking":false,"_exactmetrics_sitenote_active":false,"_exactmetrics_sitenote_note":"","_exactmetrics_sitenote_category":0,"footnotes":""},"categories":[1,696,686],"tags":[],"class_list":{"0":"post-61219","1":"post","2":"type-post","3":"status-publish","4":"format-standard","5":"has-post-thumbnail","7":"category-bmj","8":"category-episodios","9":"category-podcast"},"acf":[],"yoast_head":"<!-- This site is optimized with the Yoast SEO plugin v27.4 - https:\/\/yoast.com\/product\/yoast-seo-wordpress\/ -->\n<title>CPMI de 8 de janeiro e PL das Fake News - BMJ<\/title>\n<meta name=\"robots\" content=\"index, follow, max-snippet:-1, max-image-preview:large, max-video-preview:-1\" \/>\n<link rel=\"canonical\" href=\"https:\/\/bmj.com.br\/es\/cpmi-de-8-de-janeiro-e-pl-das-fake-news\/\" \/>\n<meta property=\"og:locale\" content=\"es_ES\" \/>\n<meta property=\"og:type\" content=\"article\" \/>\n<meta property=\"og:title\" content=\"CPMI de 8 de janeiro e PL das Fake News - BMJ\" \/>\n<meta property=\"og:description\" content=\"As divulga\u00e7\u00f5es de novas imagens dos atos de 8 janeiro culminaram na instala\u00e7\u00e3o de uma Comiss\u00e3o Parlamentar Mista de Inqu\u00e9rito (CPMI) no Congresso Nacional para investiga\u00e7\u00e3o. A discuss\u00e3o tamb\u00e9m reacendeu...\" \/>\n<meta property=\"og:url\" content=\"https:\/\/bmj.com.br\/es\/cpmi-de-8-de-janeiro-e-pl-das-fake-news\/\" \/>\n<meta property=\"og:site_name\" content=\"BMJ\" \/>\n<meta property=\"article:publisher\" content=\"https:\/\/www.facebook.com\/BMJAssociados\/?ref=ts\" \/>\n<meta property=\"article:published_time\" content=\"2023-04-28T19:15:21+00:00\" \/>\n<meta property=\"og:image\" content=\"https:\/\/bmj.com.br\/wp-content\/uploads\/2023\/04\/WhatsApp-Image-2023-04-28-at-15.32.33.jpeg\" \/>\n\t<meta property=\"og:image:width\" content=\"1080\" \/>\n\t<meta property=\"og:image:height\" content=\"1080\" \/>\n\t<meta property=\"og:image:type\" content=\"image\/jpeg\" \/>\n<meta name=\"author\" content=\"Dennis Bravo\" \/>\n<meta name=\"twitter:card\" content=\"summary_large_image\" \/>\n<meta name=\"twitter:creator\" content=\"@BMJconsultoria\" \/>\n<meta name=\"twitter:site\" content=\"@BMJconsultoria\" \/>\n<meta name=\"twitter:label1\" content=\"Escrito por\" \/>\n\t<meta name=\"twitter:data1\" content=\"Dennis Bravo\" \/>\n\t<meta name=\"twitter:label2\" content=\"Tiempo de lectura\" \/>\n\t<meta name=\"twitter:data2\" content=\"2 minutos\" \/>\n<script type=\"application\/ld+json\" class=\"yoast-schema-graph\">{\"@context\":\"https:\\\/\\\/schema.org\",\"@graph\":[{\"@type\":\"Article\",\"@id\":\"https:\\\/\\\/bmj.com.br\\\/en\\\/cpmi-de-8-de-janeiro-e-pl-das-fake-news\\\/#article\",\"isPartOf\":{\"@id\":\"https:\\\/\\\/bmj.com.br\\\/en\\\/cpmi-de-8-de-janeiro-e-pl-das-fake-news\\\/\"},\"author\":{\"name\":\"Dennis Bravo\",\"@id\":\"https:\\\/\\\/bmj.com.br\\\/#\\\/schema\\\/person\\\/e3d3984837d4d1847e83b4197aa02975\"},\"headline\":\"CPMI de 8 de janeiro e PL das Fake News\",\"datePublished\":\"2023-04-28T19:15:21+00:00\",\"mainEntityOfPage\":{\"@id\":\"https:\\\/\\\/bmj.com.br\\\/en\\\/cpmi-de-8-de-janeiro-e-pl-das-fake-news\\\/\"},\"wordCount\":404,\"commentCount\":0,\"publisher\":{\"@id\":\"https:\\\/\\\/bmj.com.br\\\/#organization\"},\"image\":{\"@id\":\"https:\\\/\\\/bmj.com.br\\\/en\\\/cpmi-de-8-de-janeiro-e-pl-das-fake-news\\\/#primaryimage\"},\"thumbnailUrl\":\"https:\\\/\\\/bmj.com.br\\\/wp-content\\\/uploads\\\/2023\\\/04\\\/WhatsApp-Image-2023-04-28-at-15.32.33.jpeg\",\"articleSection\":[\"BMJ\",\"Epis\u00f3dios\",\"Podcast\"],\"inLanguage\":\"es\",\"potentialAction\":[{\"@type\":\"CommentAction\",\"name\":\"Comment\",\"target\":[\"https:\\\/\\\/bmj.com.br\\\/en\\\/cpmi-de-8-de-janeiro-e-pl-das-fake-news\\\/#respond\"]}]},{\"@type\":\"WebPage\",\"@id\":\"https:\\\/\\\/bmj.com.br\\\/en\\\/cpmi-de-8-de-janeiro-e-pl-das-fake-news\\\/\",\"url\":\"https:\\\/\\\/bmj.com.br\\\/en\\\/cpmi-de-8-de-janeiro-e-pl-das-fake-news\\\/\",\"name\":\"CPMI de 8 de janeiro e PL das Fake News - BMJ\",\"isPartOf\":{\"@id\":\"https:\\\/\\\/bmj.com.br\\\/#website\"},\"primaryImageOfPage\":{\"@id\":\"https:\\\/\\\/bmj.com.br\\\/en\\\/cpmi-de-8-de-janeiro-e-pl-das-fake-news\\\/#primaryimage\"},\"image\":{\"@id\":\"https:\\\/\\\/bmj.com.br\\\/en\\\/cpmi-de-8-de-janeiro-e-pl-das-fake-news\\\/#primaryimage\"},\"thumbnailUrl\":\"https:\\\/\\\/bmj.com.br\\\/wp-content\\\/uploads\\\/2023\\\/04\\\/WhatsApp-Image-2023-04-28-at-15.32.33.jpeg\",\"datePublished\":\"2023-04-28T19:15:21+00:00\",\"breadcrumb\":{\"@id\":\"https:\\\/\\\/bmj.com.br\\\/en\\\/cpmi-de-8-de-janeiro-e-pl-das-fake-news\\\/#breadcrumb\"},\"inLanguage\":\"es\",\"potentialAction\":[{\"@type\":\"ReadAction\",\"target\":[\"https:\\\/\\\/bmj.com.br\\\/en\\\/cpmi-de-8-de-janeiro-e-pl-das-fake-news\\\/\"]}]},{\"@type\":\"ImageObject\",\"inLanguage\":\"es\",\"@id\":\"https:\\\/\\\/bmj.com.br\\\/en\\\/cpmi-de-8-de-janeiro-e-pl-das-fake-news\\\/#primaryimage\",\"url\":\"https:\\\/\\\/bmj.com.br\\\/wp-content\\\/uploads\\\/2023\\\/04\\\/WhatsApp-Image-2023-04-28-at-15.32.33.jpeg\",\"contentUrl\":\"https:\\\/\\\/bmj.com.br\\\/wp-content\\\/uploads\\\/2023\\\/04\\\/WhatsApp-Image-2023-04-28-at-15.32.33.jpeg\",\"width\":1080,\"height\":1080},{\"@type\":\"BreadcrumbList\",\"@id\":\"https:\\\/\\\/bmj.com.br\\\/en\\\/cpmi-de-8-de-janeiro-e-pl-das-fake-news\\\/#breadcrumb\",\"itemListElement\":[{\"@type\":\"ListItem\",\"position\":1,\"name\":\"Home\",\"item\":\"https:\\\/\\\/bmj.com.br\\\/\"},{\"@type\":\"ListItem\",\"position\":2,\"name\":\"CPMI de 8 de janeiro e PL das Fake News\"}]},{\"@type\":\"WebSite\",\"@id\":\"https:\\\/\\\/bmj.com.br\\\/#website\",\"url\":\"https:\\\/\\\/bmj.com.br\\\/\",\"name\":\"BMJ\",\"description\":\"Consultores Associados\",\"publisher\":{\"@id\":\"https:\\\/\\\/bmj.com.br\\\/#organization\"},\"potentialAction\":[{\"@type\":\"SearchAction\",\"target\":{\"@type\":\"EntryPoint\",\"urlTemplate\":\"https:\\\/\\\/bmj.com.br\\\/?s={search_term_string}\"},\"query-input\":{\"@type\":\"PropertyValueSpecification\",\"valueRequired\":true,\"valueName\":\"search_term_string\"}}],\"inLanguage\":\"es\"},{\"@type\":\"Organization\",\"@id\":\"https:\\\/\\\/bmj.com.br\\\/#organization\",\"name\":\"BMJ Consultoria\",\"url\":\"https:\\\/\\\/bmj.com.br\\\/\",\"logo\":{\"@type\":\"ImageObject\",\"inLanguage\":\"es\",\"@id\":\"https:\\\/\\\/bmj.com.br\\\/#\\\/schema\\\/logo\\\/image\\\/\",\"url\":\"\",\"contentUrl\":\"\",\"caption\":\"BMJ Consultoria\"},\"image\":{\"@id\":\"https:\\\/\\\/bmj.com.br\\\/#\\\/schema\\\/logo\\\/image\\\/\"},\"sameAs\":[\"https:\\\/\\\/www.facebook.com\\\/BMJAssociados\\\/?ref=ts\",\"https:\\\/\\\/x.com\\\/BMJconsultoria\",\"https:\\\/\\\/www.instagram.com\\\/bmjconsultoria\\\/\",\"https:\\\/\\\/www.linkedin.com\\\/company\\\/bmjconsultoresassociados\\\/?originalSubdomain=br\",\"https:\\\/\\\/www.youtube.com\\\/user\\\/bmjconsultoria\"]},{\"@type\":\"Person\",\"@id\":\"https:\\\/\\\/bmj.com.br\\\/#\\\/schema\\\/person\\\/e3d3984837d4d1847e83b4197aa02975\",\"name\":\"Dennis Bravo\",\"image\":{\"@type\":\"ImageObject\",\"inLanguage\":\"es\",\"@id\":\"https:\\\/\\\/secure.gravatar.com\\\/avatar\\\/6a711d6eb2c762e1fa0b1af3d0183adea3563153cc8b6e8820177b2fec199793?s=96&d=mm&r=g\",\"url\":\"https:\\\/\\\/secure.gravatar.com\\\/avatar\\\/6a711d6eb2c762e1fa0b1af3d0183adea3563153cc8b6e8820177b2fec199793?s=96&d=mm&r=g\",\"contentUrl\":\"https:\\\/\\\/secure.gravatar.com\\\/avatar\\\/6a711d6eb2c762e1fa0b1af3d0183adea3563153cc8b6e8820177b2fec199793?s=96&d=mm&r=g\",\"caption\":\"Dennis Bravo\"},\"url\":\"https:\\\/\\\/bmj.com.br\\\/es\\\/author\\\/matheus-rossi\\\/\"}]}<\/script>\n<!-- \/ Yoast SEO plugin. -->","yoast_head_json":{"title":"CPMI de 8 de janeiro e PL das Fake News - BMJ","robots":{"index":"index","follow":"follow","max-snippet":"max-snippet:-1","max-image-preview":"max-image-preview:large","max-video-preview":"max-video-preview:-1"},"canonical":"https:\/\/bmj.com.br\/es\/cpmi-de-8-de-janeiro-e-pl-das-fake-news\/","og_locale":"es_ES","og_type":"article","og_title":"CPMI de 8 de janeiro e PL das Fake News - BMJ","og_description":"As divulga\u00e7\u00f5es de novas imagens dos atos de 8 janeiro culminaram na instala\u00e7\u00e3o de uma Comiss\u00e3o Parlamentar Mista de Inqu\u00e9rito (CPMI) no Congresso Nacional para investiga\u00e7\u00e3o. A discuss\u00e3o tamb\u00e9m reacendeu...","og_url":"https:\/\/bmj.com.br\/es\/cpmi-de-8-de-janeiro-e-pl-das-fake-news\/","og_site_name":"BMJ","article_publisher":"https:\/\/www.facebook.com\/BMJAssociados\/?ref=ts","article_published_time":"2023-04-28T19:15:21+00:00","og_image":[{"width":1080,"height":1080,"url":"https:\/\/bmj.com.br\/wp-content\/uploads\/2023\/04\/WhatsApp-Image-2023-04-28-at-15.32.33.jpeg","type":"image\/jpeg"}],"author":"Dennis Bravo","twitter_card":"summary_large_image","twitter_creator":"@BMJconsultoria","twitter_site":"@BMJconsultoria","twitter_misc":{"Escrito por":"Dennis Bravo","Tiempo de lectura":"2 minutos"},"schema":{"@context":"https:\/\/schema.org","@graph":[{"@type":"Article","@id":"https:\/\/bmj.com.br\/en\/cpmi-de-8-de-janeiro-e-pl-das-fake-news\/#article","isPartOf":{"@id":"https:\/\/bmj.com.br\/en\/cpmi-de-8-de-janeiro-e-pl-das-fake-news\/"},"author":{"name":"Dennis Bravo","@id":"https:\/\/bmj.com.br\/#\/schema\/person\/e3d3984837d4d1847e83b4197aa02975"},"headline":"CPMI de 8 de janeiro e PL das Fake News","datePublished":"2023-04-28T19:15:21+00:00","mainEntityOfPage":{"@id":"https:\/\/bmj.com.br\/en\/cpmi-de-8-de-janeiro-e-pl-das-fake-news\/"},"wordCount":404,"commentCount":0,"publisher":{"@id":"https:\/\/bmj.com.br\/#organization"},"image":{"@id":"https:\/\/bmj.com.br\/en\/cpmi-de-8-de-janeiro-e-pl-das-fake-news\/#primaryimage"},"thumbnailUrl":"https:\/\/bmj.com.br\/wp-content\/uploads\/2023\/04\/WhatsApp-Image-2023-04-28-at-15.32.33.jpeg","articleSection":["BMJ","Epis\u00f3dios","Podcast"],"inLanguage":"es","potentialAction":[{"@type":"CommentAction","name":"Comment","target":["https:\/\/bmj.com.br\/en\/cpmi-de-8-de-janeiro-e-pl-das-fake-news\/#respond"]}]},{"@type":"WebPage","@id":"https:\/\/bmj.com.br\/en\/cpmi-de-8-de-janeiro-e-pl-das-fake-news\/","url":"https:\/\/bmj.com.br\/en\/cpmi-de-8-de-janeiro-e-pl-das-fake-news\/","name":"CPMI de 8 de janeiro e PL das Fake News - BMJ","isPartOf":{"@id":"https:\/\/bmj.com.br\/#website"},"primaryImageOfPage":{"@id":"https:\/\/bmj.com.br\/en\/cpmi-de-8-de-janeiro-e-pl-das-fake-news\/#primaryimage"},"image":{"@id":"https:\/\/bmj.com.br\/en\/cpmi-de-8-de-janeiro-e-pl-das-fake-news\/#primaryimage"},"thumbnailUrl":"https:\/\/bmj.com.br\/wp-content\/uploads\/2023\/04\/WhatsApp-Image-2023-04-28-at-15.32.33.jpeg","datePublished":"2023-04-28T19:15:21+00:00","breadcrumb":{"@id":"https:\/\/bmj.com.br\/en\/cpmi-de-8-de-janeiro-e-pl-das-fake-news\/#breadcrumb"},"inLanguage":"es","potentialAction":[{"@type":"ReadAction","target":["https:\/\/bmj.com.br\/en\/cpmi-de-8-de-janeiro-e-pl-das-fake-news\/"]}]},{"@type":"ImageObject","inLanguage":"es","@id":"https:\/\/bmj.com.br\/en\/cpmi-de-8-de-janeiro-e-pl-das-fake-news\/#primaryimage","url":"https:\/\/bmj.com.br\/wp-content\/uploads\/2023\/04\/WhatsApp-Image-2023-04-28-at-15.32.33.jpeg","contentUrl":"https:\/\/bmj.com.br\/wp-content\/uploads\/2023\/04\/WhatsApp-Image-2023-04-28-at-15.32.33.jpeg","width":1080,"height":1080},{"@type":"BreadcrumbList","@id":"https:\/\/bmj.com.br\/en\/cpmi-de-8-de-janeiro-e-pl-das-fake-news\/#breadcrumb","itemListElement":[{"@type":"ListItem","position":1,"name":"Home","item":"https:\/\/bmj.com.br\/"},{"@type":"ListItem","position":2,"name":"CPMI de 8 de janeiro e PL das Fake News"}]},{"@type":"WebSite","@id":"https:\/\/bmj.com.br\/#website","url":"https:\/\/bmj.com.br\/","name":"BMJ","description":"Consultores Associados","publisher":{"@id":"https:\/\/bmj.com.br\/#organization"},"potentialAction":[{"@type":"SearchAction","target":{"@type":"EntryPoint","urlTemplate":"https:\/\/bmj.com.br\/?s={search_term_string}"},"query-input":{"@type":"PropertyValueSpecification","valueRequired":true,"valueName":"search_term_string"}}],"inLanguage":"es"},{"@type":"Organization","@id":"https:\/\/bmj.com.br\/#organization","name":"BMJ Consultoria","url":"https:\/\/bmj.com.br\/","logo":{"@type":"ImageObject","inLanguage":"es","@id":"https:\/\/bmj.com.br\/#\/schema\/logo\/image\/","url":"","contentUrl":"","caption":"BMJ Consultoria"},"image":{"@id":"https:\/\/bmj.com.br\/#\/schema\/logo\/image\/"},"sameAs":["https:\/\/www.facebook.com\/BMJAssociados\/?ref=ts","https:\/\/x.com\/BMJconsultoria","https:\/\/www.instagram.com\/bmjconsultoria\/","https:\/\/www.linkedin.com\/company\/bmjconsultoresassociados\/?originalSubdomain=br","https:\/\/www.youtube.com\/user\/bmjconsultoria"]},{"@type":"Person","@id":"https:\/\/bmj.com.br\/#\/schema\/person\/e3d3984837d4d1847e83b4197aa02975","name":"Dennis Bravo","image":{"@type":"ImageObject","inLanguage":"es","@id":"https:\/\/secure.gravatar.com\/avatar\/6a711d6eb2c762e1fa0b1af3d0183adea3563153cc8b6e8820177b2fec199793?s=96&d=mm&r=g","url":"https:\/\/secure.gravatar.com\/avatar\/6a711d6eb2c762e1fa0b1af3d0183adea3563153cc8b6e8820177b2fec199793?s=96&d=mm&r=g","contentUrl":"https:\/\/secure.gravatar.com\/avatar\/6a711d6eb2c762e1fa0b1af3d0183adea3563153cc8b6e8820177b2fec199793?s=96&d=mm&r=g","caption":"Dennis Bravo"},"url":"https:\/\/bmj.com.br\/es\/author\/matheus-rossi\/"}]}},"_links":{"self":[{"href":"https:\/\/bmj.com.br\/es\/wp-json\/wp\/v2\/posts\/61219","targetHints":{"allow":["GET"]}}],"collection":[{"href":"https:\/\/bmj.com.br\/es\/wp-json\/wp\/v2\/posts"}],"about":[{"href":"https:\/\/bmj.com.br\/es\/wp-json\/wp\/v2\/types\/post"}],"author":[{"embeddable":true,"href":"https:\/\/bmj.com.br\/es\/wp-json\/wp\/v2\/users\/15"}],"replies":[{"embeddable":true,"href":"https:\/\/bmj.com.br\/es\/wp-json\/wp\/v2\/comments?post=61219"}],"version-history":[{"count":1,"href":"https:\/\/bmj.com.br\/es\/wp-json\/wp\/v2\/posts\/61219\/revisions"}],"predecessor-version":[{"id":61227,"href":"https:\/\/bmj.com.br\/es\/wp-json\/wp\/v2\/posts\/61219\/revisions\/61227"}],"wp:featuredmedia":[{"embeddable":true,"href":"https:\/\/bmj.com.br\/es\/wp-json\/wp\/v2\/media\/61220"}],"wp:attachment":[{"href":"https:\/\/bmj.com.br\/es\/wp-json\/wp\/v2\/media?parent=61219"}],"wp:term":[{"taxonomy":"category","embeddable":true,"href":"https:\/\/bmj.com.br\/es\/wp-json\/wp\/v2\/categories?post=61219"},{"taxonomy":"post_tag","embeddable":true,"href":"https:\/\/bmj.com.br\/es\/wp-json\/wp\/v2\/tags?post=61219"}],"curies":[{"name":"wp","href":"https:\/\/api.w.org\/{rel}","templated":true}]}}