{"id":61253,"date":"2023-05-12T15:11:39","date_gmt":"2023-05-12T18:11:39","guid":{"rendered":"https:\/\/bmj.com.br\/?p=61253"},"modified":"2023-05-12T15:11:39","modified_gmt":"2023-05-12T18:11:39","slug":"lula-e-congresso-nacional-arcabouco-fiscal-e-stf","status":"publish","type":"post","link":"https:\/\/bmj.com.br\/es\/lula-e-congresso-nacional-arcabouco-fiscal-e-stf\/","title":{"rendered":"Lula e Congresso Nacional, Arcabou\u00e7o Fiscal e STF"},"content":{"rendered":"<p>Ap\u00f3s uma intensa agenda de viagens internacionais, o presidente Lula da Silva (PT) retorna ao Brasil com um cen\u00e1rio n\u00e3o t\u00e3o positivo com o Congresso Nacional. Lula retoma as articula\u00e7\u00f5es pol\u00edticas para conseguir apoio parlamentar em aprova\u00e7\u00f5es importantes para o governo, como o novo arcabou\u00e7o fiscal. Esse e outros temas s\u00e3o analisados por nossos consultores Mauro Cazzaniga, Marcella Pellegrini, Ra\u00edssa Ornelas e Raquel Alves neste epis\u00f3dio.<\/p>\n<p>Com cr\u00edticas \u00e0s condutas do chefe da Casa Civil, Rui Costa, e ao ministro das Rela\u00e7\u00f5es Institucionais, Alexandre Padilha, Lula encabe\u00e7a as negocia\u00e7\u00f5es com a oposi\u00e7\u00e3o e o centr\u00e3o para tentar diminuir o desgaste pol\u00edtico de seus interlocutores, al\u00e9m de pacificar e fortalecer as alian\u00e7as. Na \u00faltima semana, a derrubada de trechos de decretos do presidente que alteravam o Marco do Saneamento B\u00e1sico foi considerada uma derrota importante e colocou o governo em aten\u00e7\u00e3o. Na fila, ainda existem pautas importantes para o Executivo que tramitam no Legislativo, como a CPMI do 8 de janeiro.<\/p>\n<p>Al\u00e9m de analisar o cen\u00e1rio desafiador para o governo, nossos especialistas comentam a tramita\u00e7\u00e3o do novo arcabou\u00e7o fiscal, o Projeto de Lei Complementar (PLP) 93\/2023. Alguns pontos devem sofrer modifica\u00e7\u00f5es na C\u00e2mara dos Deputados e dever\u00e3o ser discutidos nas duas Casas. O relator, deputado Claudio Cajado (PP-BA), deve apresentar relat\u00f3rio ao projeto na pr\u00f3xima semana. At\u00e9 l\u00e1, o governo precisar\u00e1 negociar com os partidos para incluir ajustes consensuais e aprovar do texto, que \u00e9 priorit\u00e1rio para a agenda econ\u00f4mica.<\/p>\n<p>Outra pauta que est\u00e1 movimentando a pol\u00edtica \u00e9 o PL das Fake News, que teve a vota\u00e7\u00e3o adiada ap\u00f3s ser pautado por Arthur Lira na C\u00e2mara dos Deputados. A retomada da discuss\u00e3o do PL causou algumas respostas do Google e Telegram, como envio de mensagens e links aos usu\u00e1rios. Como consequ\u00eancia, o Supremo Tribunal Federal foi acionado pela Procuradoria-Geral da Rep\u00fablica (PGR) e deve votar na pr\u00f3xima semana a\u00e7\u00f5es na corte que tratam do Marco Civil da Internet. Nossos consultores avaliam pontos importantes do PL das Fake News, como os direitos na internet e a seguran\u00e7a dos usu\u00e1rios.<\/p>\n<p>Confira nossa an\u00e1lise em mais uma edi\u00e7\u00e3o do BMJ Podcast!<\/p>","protected":false},"excerpt":{"rendered":"<p>Ap\u00f3s uma intensa agenda de viagens internacionais, o presidente Lula da Silva (PT) retorna ao Brasil com um cen\u00e1rio n\u00e3o t\u00e3o positivo com o Congresso Nacional. Lula retoma as articula\u00e7\u00f5es&#8230;<\/p>","protected":false},"author":15,"featured_media":61257,"comment_status":"open","ping_status":"open","sticky":false,"template":"","format":"standard","meta":{"_acf_changed":false,"_exactmetrics_skip_tracking":false,"_exactmetrics_sitenote_active":false,"_exactmetrics_sitenote_note":"","_exactmetrics_sitenote_category":0,"footnotes":""},"categories":[1,696,686],"tags":[],"class_list":{"0":"post-61253","1":"post","2":"type-post","3":"status-publish","4":"format-standard","5":"has-post-thumbnail","7":"category-bmj","8":"category-episodios","9":"category-podcast"},"acf":[],"yoast_head":"<!-- This site is optimized with the Yoast SEO plugin v27.4 - https:\/\/yoast.com\/product\/yoast-seo-wordpress\/ -->\n<title>Lula e Congresso Nacional, Arcabou\u00e7o Fiscal e STF - BMJ<\/title>\n<meta name=\"robots\" content=\"index, follow, max-snippet:-1, max-image-preview:large, max-video-preview:-1\" \/>\n<link rel=\"canonical\" href=\"https:\/\/bmj.com.br\/es\/lula-e-congresso-nacional-arcabouco-fiscal-e-stf\/\" \/>\n<meta property=\"og:locale\" content=\"es_ES\" \/>\n<meta property=\"og:type\" content=\"article\" \/>\n<meta property=\"og:title\" content=\"Lula e Congresso Nacional, Arcabou\u00e7o Fiscal e STF - BMJ\" \/>\n<meta property=\"og:description\" content=\"Ap\u00f3s uma intensa agenda de viagens internacionais, o presidente Lula da Silva (PT) retorna ao Brasil com um cen\u00e1rio n\u00e3o t\u00e3o positivo com o Congresso Nacional. Lula retoma as articula\u00e7\u00f5es...\" \/>\n<meta property=\"og:url\" content=\"https:\/\/bmj.com.br\/es\/lula-e-congresso-nacional-arcabouco-fiscal-e-stf\/\" \/>\n<meta property=\"og:site_name\" content=\"BMJ\" \/>\n<meta property=\"article:publisher\" content=\"https:\/\/www.facebook.com\/BMJAssociados\/?ref=ts\" \/>\n<meta property=\"article:published_time\" content=\"2023-05-12T18:11:39+00:00\" \/>\n<meta property=\"og:image\" content=\"https:\/\/bmj.com.br\/wp-content\/uploads\/2023\/05\/WhatsApp-Image-2023-05-12-at-14.14.39.jpeg\" \/>\n\t<meta property=\"og:image:width\" content=\"1080\" \/>\n\t<meta property=\"og:image:height\" content=\"1080\" \/>\n\t<meta property=\"og:image:type\" content=\"image\/jpeg\" \/>\n<meta name=\"author\" content=\"Dennis Bravo\" \/>\n<meta name=\"twitter:card\" content=\"summary_large_image\" \/>\n<meta name=\"twitter:creator\" content=\"@BMJconsultoria\" \/>\n<meta name=\"twitter:site\" content=\"@BMJconsultoria\" \/>\n<meta name=\"twitter:label1\" content=\"Escrito por\" \/>\n\t<meta name=\"twitter:data1\" content=\"Dennis Bravo\" \/>\n\t<meta name=\"twitter:label2\" content=\"Tiempo de lectura\" \/>\n\t<meta name=\"twitter:data2\" content=\"2 minutos\" \/>\n<script type=\"application\/ld+json\" class=\"yoast-schema-graph\">{\"@context\":\"https:\\\/\\\/schema.org\",\"@graph\":[{\"@type\":\"Article\",\"@id\":\"https:\\\/\\\/bmj.com.br\\\/lula-e-congresso-nacional-arcabouco-fiscal-e-stf\\\/#article\",\"isPartOf\":{\"@id\":\"https:\\\/\\\/bmj.com.br\\\/lula-e-congresso-nacional-arcabouco-fiscal-e-stf\\\/\"},\"author\":{\"name\":\"Dennis Bravo\",\"@id\":\"https:\\\/\\\/bmj.com.br\\\/#\\\/schema\\\/person\\\/e3d3984837d4d1847e83b4197aa02975\"},\"headline\":\"Lula e Congresso Nacional, Arcabou\u00e7o Fiscal e STF\",\"datePublished\":\"2023-05-12T18:11:39+00:00\",\"mainEntityOfPage\":{\"@id\":\"https:\\\/\\\/bmj.com.br\\\/lula-e-congresso-nacional-arcabouco-fiscal-e-stf\\\/\"},\"wordCount\":399,\"commentCount\":0,\"publisher\":{\"@id\":\"https:\\\/\\\/bmj.com.br\\\/#organization\"},\"image\":{\"@id\":\"https:\\\/\\\/bmj.com.br\\\/lula-e-congresso-nacional-arcabouco-fiscal-e-stf\\\/#primaryimage\"},\"thumbnailUrl\":\"https:\\\/\\\/bmj.com.br\\\/wp-content\\\/uploads\\\/2023\\\/05\\\/WhatsApp-Image-2023-05-12-at-14.14.39.jpeg\",\"articleSection\":[\"BMJ\",\"Epis\u00f3dios\",\"Podcast\"],\"inLanguage\":\"es\",\"potentialAction\":[{\"@type\":\"CommentAction\",\"name\":\"Comment\",\"target\":[\"https:\\\/\\\/bmj.com.br\\\/lula-e-congresso-nacional-arcabouco-fiscal-e-stf\\\/#respond\"]}]},{\"@type\":\"WebPage\",\"@id\":\"https:\\\/\\\/bmj.com.br\\\/lula-e-congresso-nacional-arcabouco-fiscal-e-stf\\\/\",\"url\":\"https:\\\/\\\/bmj.com.br\\\/lula-e-congresso-nacional-arcabouco-fiscal-e-stf\\\/\",\"name\":\"Lula e Congresso Nacional, Arcabou\u00e7o Fiscal e STF - BMJ\",\"isPartOf\":{\"@id\":\"https:\\\/\\\/bmj.com.br\\\/#website\"},\"primaryImageOfPage\":{\"@id\":\"https:\\\/\\\/bmj.com.br\\\/lula-e-congresso-nacional-arcabouco-fiscal-e-stf\\\/#primaryimage\"},\"image\":{\"@id\":\"https:\\\/\\\/bmj.com.br\\\/lula-e-congresso-nacional-arcabouco-fiscal-e-stf\\\/#primaryimage\"},\"thumbnailUrl\":\"https:\\\/\\\/bmj.com.br\\\/wp-content\\\/uploads\\\/2023\\\/05\\\/WhatsApp-Image-2023-05-12-at-14.14.39.jpeg\",\"datePublished\":\"2023-05-12T18:11:39+00:00\",\"breadcrumb\":{\"@id\":\"https:\\\/\\\/bmj.com.br\\\/lula-e-congresso-nacional-arcabouco-fiscal-e-stf\\\/#breadcrumb\"},\"inLanguage\":\"es\",\"potentialAction\":[{\"@type\":\"ReadAction\",\"target\":[\"https:\\\/\\\/bmj.com.br\\\/lula-e-congresso-nacional-arcabouco-fiscal-e-stf\\\/\"]}]},{\"@type\":\"ImageObject\",\"inLanguage\":\"es\",\"@id\":\"https:\\\/\\\/bmj.com.br\\\/lula-e-congresso-nacional-arcabouco-fiscal-e-stf\\\/#primaryimage\",\"url\":\"https:\\\/\\\/bmj.com.br\\\/wp-content\\\/uploads\\\/2023\\\/05\\\/WhatsApp-Image-2023-05-12-at-14.14.39.jpeg\",\"contentUrl\":\"https:\\\/\\\/bmj.com.br\\\/wp-content\\\/uploads\\\/2023\\\/05\\\/WhatsApp-Image-2023-05-12-at-14.14.39.jpeg\",\"width\":1080,\"height\":1080},{\"@type\":\"BreadcrumbList\",\"@id\":\"https:\\\/\\\/bmj.com.br\\\/lula-e-congresso-nacional-arcabouco-fiscal-e-stf\\\/#breadcrumb\",\"itemListElement\":[{\"@type\":\"ListItem\",\"position\":1,\"name\":\"Home\",\"item\":\"https:\\\/\\\/bmj.com.br\\\/\"},{\"@type\":\"ListItem\",\"position\":2,\"name\":\"Lula e Congresso Nacional, Arcabou\u00e7o Fiscal e STF\"}]},{\"@type\":\"WebSite\",\"@id\":\"https:\\\/\\\/bmj.com.br\\\/#website\",\"url\":\"https:\\\/\\\/bmj.com.br\\\/\",\"name\":\"BMJ\",\"description\":\"Consultores Associados\",\"publisher\":{\"@id\":\"https:\\\/\\\/bmj.com.br\\\/#organization\"},\"potentialAction\":[{\"@type\":\"SearchAction\",\"target\":{\"@type\":\"EntryPoint\",\"urlTemplate\":\"https:\\\/\\\/bmj.com.br\\\/?s={search_term_string}\"},\"query-input\":{\"@type\":\"PropertyValueSpecification\",\"valueRequired\":true,\"valueName\":\"search_term_string\"}}],\"inLanguage\":\"es\"},{\"@type\":\"Organization\",\"@id\":\"https:\\\/\\\/bmj.com.br\\\/#organization\",\"name\":\"BMJ Consultoria\",\"url\":\"https:\\\/\\\/bmj.com.br\\\/\",\"logo\":{\"@type\":\"ImageObject\",\"inLanguage\":\"es\",\"@id\":\"https:\\\/\\\/bmj.com.br\\\/#\\\/schema\\\/logo\\\/image\\\/\",\"url\":\"\",\"contentUrl\":\"\",\"caption\":\"BMJ Consultoria\"},\"image\":{\"@id\":\"https:\\\/\\\/bmj.com.br\\\/#\\\/schema\\\/logo\\\/image\\\/\"},\"sameAs\":[\"https:\\\/\\\/www.facebook.com\\\/BMJAssociados\\\/?ref=ts\",\"https:\\\/\\\/x.com\\\/BMJconsultoria\",\"https:\\\/\\\/www.instagram.com\\\/bmjconsultoria\\\/\",\"https:\\\/\\\/www.linkedin.com\\\/company\\\/bmjconsultoresassociados\\\/?originalSubdomain=br\",\"https:\\\/\\\/www.youtube.com\\\/user\\\/bmjconsultoria\"]},{\"@type\":\"Person\",\"@id\":\"https:\\\/\\\/bmj.com.br\\\/#\\\/schema\\\/person\\\/e3d3984837d4d1847e83b4197aa02975\",\"name\":\"Dennis Bravo\",\"image\":{\"@type\":\"ImageObject\",\"inLanguage\":\"es\",\"@id\":\"https:\\\/\\\/secure.gravatar.com\\\/avatar\\\/6a711d6eb2c762e1fa0b1af3d0183adea3563153cc8b6e8820177b2fec199793?s=96&d=mm&r=g\",\"url\":\"https:\\\/\\\/secure.gravatar.com\\\/avatar\\\/6a711d6eb2c762e1fa0b1af3d0183adea3563153cc8b6e8820177b2fec199793?s=96&d=mm&r=g\",\"contentUrl\":\"https:\\\/\\\/secure.gravatar.com\\\/avatar\\\/6a711d6eb2c762e1fa0b1af3d0183adea3563153cc8b6e8820177b2fec199793?s=96&d=mm&r=g\",\"caption\":\"Dennis Bravo\"},\"url\":\"https:\\\/\\\/bmj.com.br\\\/es\\\/author\\\/matheus-rossi\\\/\"}]}<\/script>\n<!-- \/ Yoast SEO plugin. -->","yoast_head_json":{"title":"Lula e Congresso Nacional, Arcabou\u00e7o Fiscal e STF - BMJ","robots":{"index":"index","follow":"follow","max-snippet":"max-snippet:-1","max-image-preview":"max-image-preview:large","max-video-preview":"max-video-preview:-1"},"canonical":"https:\/\/bmj.com.br\/es\/lula-e-congresso-nacional-arcabouco-fiscal-e-stf\/","og_locale":"es_ES","og_type":"article","og_title":"Lula e Congresso Nacional, Arcabou\u00e7o Fiscal e STF - BMJ","og_description":"Ap\u00f3s uma intensa agenda de viagens internacionais, o presidente Lula da Silva (PT) retorna ao Brasil com um cen\u00e1rio n\u00e3o t\u00e3o positivo com o Congresso Nacional. Lula retoma as articula\u00e7\u00f5es...","og_url":"https:\/\/bmj.com.br\/es\/lula-e-congresso-nacional-arcabouco-fiscal-e-stf\/","og_site_name":"BMJ","article_publisher":"https:\/\/www.facebook.com\/BMJAssociados\/?ref=ts","article_published_time":"2023-05-12T18:11:39+00:00","og_image":[{"width":1080,"height":1080,"url":"https:\/\/bmj.com.br\/wp-content\/uploads\/2023\/05\/WhatsApp-Image-2023-05-12-at-14.14.39.jpeg","type":"image\/jpeg"}],"author":"Dennis Bravo","twitter_card":"summary_large_image","twitter_creator":"@BMJconsultoria","twitter_site":"@BMJconsultoria","twitter_misc":{"Escrito por":"Dennis Bravo","Tiempo de lectura":"2 minutos"},"schema":{"@context":"https:\/\/schema.org","@graph":[{"@type":"Article","@id":"https:\/\/bmj.com.br\/lula-e-congresso-nacional-arcabouco-fiscal-e-stf\/#article","isPartOf":{"@id":"https:\/\/bmj.com.br\/lula-e-congresso-nacional-arcabouco-fiscal-e-stf\/"},"author":{"name":"Dennis Bravo","@id":"https:\/\/bmj.com.br\/#\/schema\/person\/e3d3984837d4d1847e83b4197aa02975"},"headline":"Lula e Congresso Nacional, Arcabou\u00e7o Fiscal e STF","datePublished":"2023-05-12T18:11:39+00:00","mainEntityOfPage":{"@id":"https:\/\/bmj.com.br\/lula-e-congresso-nacional-arcabouco-fiscal-e-stf\/"},"wordCount":399,"commentCount":0,"publisher":{"@id":"https:\/\/bmj.com.br\/#organization"},"image":{"@id":"https:\/\/bmj.com.br\/lula-e-congresso-nacional-arcabouco-fiscal-e-stf\/#primaryimage"},"thumbnailUrl":"https:\/\/bmj.com.br\/wp-content\/uploads\/2023\/05\/WhatsApp-Image-2023-05-12-at-14.14.39.jpeg","articleSection":["BMJ","Epis\u00f3dios","Podcast"],"inLanguage":"es","potentialAction":[{"@type":"CommentAction","name":"Comment","target":["https:\/\/bmj.com.br\/lula-e-congresso-nacional-arcabouco-fiscal-e-stf\/#respond"]}]},{"@type":"WebPage","@id":"https:\/\/bmj.com.br\/lula-e-congresso-nacional-arcabouco-fiscal-e-stf\/","url":"https:\/\/bmj.com.br\/lula-e-congresso-nacional-arcabouco-fiscal-e-stf\/","name":"Lula e Congresso Nacional, Arcabou\u00e7o Fiscal e STF - BMJ","isPartOf":{"@id":"https:\/\/bmj.com.br\/#website"},"primaryImageOfPage":{"@id":"https:\/\/bmj.com.br\/lula-e-congresso-nacional-arcabouco-fiscal-e-stf\/#primaryimage"},"image":{"@id":"https:\/\/bmj.com.br\/lula-e-congresso-nacional-arcabouco-fiscal-e-stf\/#primaryimage"},"thumbnailUrl":"https:\/\/bmj.com.br\/wp-content\/uploads\/2023\/05\/WhatsApp-Image-2023-05-12-at-14.14.39.jpeg","datePublished":"2023-05-12T18:11:39+00:00","breadcrumb":{"@id":"https:\/\/bmj.com.br\/lula-e-congresso-nacional-arcabouco-fiscal-e-stf\/#breadcrumb"},"inLanguage":"es","potentialAction":[{"@type":"ReadAction","target":["https:\/\/bmj.com.br\/lula-e-congresso-nacional-arcabouco-fiscal-e-stf\/"]}]},{"@type":"ImageObject","inLanguage":"es","@id":"https:\/\/bmj.com.br\/lula-e-congresso-nacional-arcabouco-fiscal-e-stf\/#primaryimage","url":"https:\/\/bmj.com.br\/wp-content\/uploads\/2023\/05\/WhatsApp-Image-2023-05-12-at-14.14.39.jpeg","contentUrl":"https:\/\/bmj.com.br\/wp-content\/uploads\/2023\/05\/WhatsApp-Image-2023-05-12-at-14.14.39.jpeg","width":1080,"height":1080},{"@type":"BreadcrumbList","@id":"https:\/\/bmj.com.br\/lula-e-congresso-nacional-arcabouco-fiscal-e-stf\/#breadcrumb","itemListElement":[{"@type":"ListItem","position":1,"name":"Home","item":"https:\/\/bmj.com.br\/"},{"@type":"ListItem","position":2,"name":"Lula e Congresso Nacional, Arcabou\u00e7o Fiscal e STF"}]},{"@type":"WebSite","@id":"https:\/\/bmj.com.br\/#website","url":"https:\/\/bmj.com.br\/","name":"BMJ","description":"Consultores Associados","publisher":{"@id":"https:\/\/bmj.com.br\/#organization"},"potentialAction":[{"@type":"SearchAction","target":{"@type":"EntryPoint","urlTemplate":"https:\/\/bmj.com.br\/?s={search_term_string}"},"query-input":{"@type":"PropertyValueSpecification","valueRequired":true,"valueName":"search_term_string"}}],"inLanguage":"es"},{"@type":"Organization","@id":"https:\/\/bmj.com.br\/#organization","name":"BMJ Consultoria","url":"https:\/\/bmj.com.br\/","logo":{"@type":"ImageObject","inLanguage":"es","@id":"https:\/\/bmj.com.br\/#\/schema\/logo\/image\/","url":"","contentUrl":"","caption":"BMJ Consultoria"},"image":{"@id":"https:\/\/bmj.com.br\/#\/schema\/logo\/image\/"},"sameAs":["https:\/\/www.facebook.com\/BMJAssociados\/?ref=ts","https:\/\/x.com\/BMJconsultoria","https:\/\/www.instagram.com\/bmjconsultoria\/","https:\/\/www.linkedin.com\/company\/bmjconsultoresassociados\/?originalSubdomain=br","https:\/\/www.youtube.com\/user\/bmjconsultoria"]},{"@type":"Person","@id":"https:\/\/bmj.com.br\/#\/schema\/person\/e3d3984837d4d1847e83b4197aa02975","name":"Dennis Bravo","image":{"@type":"ImageObject","inLanguage":"es","@id":"https:\/\/secure.gravatar.com\/avatar\/6a711d6eb2c762e1fa0b1af3d0183adea3563153cc8b6e8820177b2fec199793?s=96&d=mm&r=g","url":"https:\/\/secure.gravatar.com\/avatar\/6a711d6eb2c762e1fa0b1af3d0183adea3563153cc8b6e8820177b2fec199793?s=96&d=mm&r=g","contentUrl":"https:\/\/secure.gravatar.com\/avatar\/6a711d6eb2c762e1fa0b1af3d0183adea3563153cc8b6e8820177b2fec199793?s=96&d=mm&r=g","caption":"Dennis Bravo"},"url":"https:\/\/bmj.com.br\/es\/author\/matheus-rossi\/"}]}},"_links":{"self":[{"href":"https:\/\/bmj.com.br\/es\/wp-json\/wp\/v2\/posts\/61253","targetHints":{"allow":["GET"]}}],"collection":[{"href":"https:\/\/bmj.com.br\/es\/wp-json\/wp\/v2\/posts"}],"about":[{"href":"https:\/\/bmj.com.br\/es\/wp-json\/wp\/v2\/types\/post"}],"author":[{"embeddable":true,"href":"https:\/\/bmj.com.br\/es\/wp-json\/wp\/v2\/users\/15"}],"replies":[{"embeddable":true,"href":"https:\/\/bmj.com.br\/es\/wp-json\/wp\/v2\/comments?post=61253"}],"version-history":[{"count":1,"href":"https:\/\/bmj.com.br\/es\/wp-json\/wp\/v2\/posts\/61253\/revisions"}],"predecessor-version":[{"id":61260,"href":"https:\/\/bmj.com.br\/es\/wp-json\/wp\/v2\/posts\/61253\/revisions\/61260"}],"wp:featuredmedia":[{"embeddable":true,"href":"https:\/\/bmj.com.br\/es\/wp-json\/wp\/v2\/media\/61257"}],"wp:attachment":[{"href":"https:\/\/bmj.com.br\/es\/wp-json\/wp\/v2\/media?parent=61253"}],"wp:term":[{"taxonomy":"category","embeddable":true,"href":"https:\/\/bmj.com.br\/es\/wp-json\/wp\/v2\/categories?post=61253"},{"taxonomy":"post_tag","embeddable":true,"href":"https:\/\/bmj.com.br\/es\/wp-json\/wp\/v2\/tags?post=61253"}],"curies":[{"name":"wp","href":"https:\/\/api.w.org\/{rel}","templated":true}]}}