{"id":63022,"date":"2023-12-08T11:49:15","date_gmt":"2023-12-08T14:49:15","guid":{"rendered":"https:\/\/bmj.com.br\/?p=63022"},"modified":"2023-12-08T11:49:15","modified_gmt":"2023-12-08T14:49:15","slug":"cop-28","status":"publish","type":"post","link":"https:\/\/bmj.com.br\/es\/cop-28\/","title":{"rendered":"COP 28"},"content":{"rendered":"<p>Os Emirados \u00c1rabes recebem at\u00e9 o dia 12 de dezembro a Confer\u00eancia das Na\u00e7\u00f5es Unidas sobre as Mudan\u00e7as Clim\u00e1ticas, a COP 28. Em meio a uma urg\u00eancia clim\u00e1tica, representantes de diversos pa\u00edses e setores se re\u00fanem para discutir medidas que promovam a redu\u00e7\u00e3o de produ\u00e7\u00e3o de carbono no planeta e os danos causados pelo aquecimento global.<\/p>\n<p>Neste epis\u00f3dio especial, Raquel Alves conversa com nossos consultores Felipe Ramaldes e Vito Villar sobre os principais destaques da Confer\u00eancia e os desafios para o Brasil. O bate-papo tamb\u00e9m conta com a participa\u00e7\u00e3o do nosso gerente e Head of MENA (Middle East and North Africa), Leon Norking, que est\u00e1 em Dubai auxiliando os clientes BMJ durante o evento.<\/p>\n<p>Essa foi a edi\u00e7\u00e3o da COP com mais representantes do setor de petroleiras de diversas partes do mundo. A preocupa\u00e7\u00e3o delas \u00e9 como os combust\u00edveis f\u00f3sseis ser\u00e3o afetados pelos acordos estabelecidos nesta edi\u00e7\u00e3o.<\/p>\n<p>Essa tamb\u00e9m foi a maior comitiva com representantes brasileiros presentes, cerca de 1.337 pessoas. O discurso do Presidente Lula foi enf\u00e1tico ao afirmar que o mundo gasta mais em armas, e que a quantia poderia ser usada no combate \u00e0 fome e no enfrentamento \u00e0 mudan\u00e7a do clima.<\/p>\n<p>Juntamente com mais 117 pa\u00edses, o Brasil assinou um acordo que visa triplicar a capacidade global de produ\u00e7\u00e3o de energia renov\u00e1vel at\u00e9 2030. Paralelamente, 22 pa\u00edses, incluindo os Estados Unidos, anunciaram a inten\u00e7\u00e3o de triplicar a capacidade de produ\u00e7\u00e3o de energia nuclear at\u00e9 2050, destacando que a fonte nuclear ser\u00e1 vital para o corte de emiss\u00f5es nas pr\u00f3ximas d\u00e9cadas.<\/p>\n<p>O governo brasileiro tamb\u00e9m se prepara para a COP 30, que ser\u00e1 sediada em Bel\u00e9m (PA) em 2025. O ministro da Fazenda, Fernando Haddad, divulgou o lan\u00e7amento do Plano de Transforma\u00e7\u00e3o Ecol\u00f3gica, com quase uma centena de iniciativas relacionadas que dever\u00e3o ser apresentadas at\u00e9 o evento.<\/p>\n<p>Al\u00e9m dos desafios econ\u00f4micos, o Brasil tenta conquistar aliados e se posicionar em rela\u00e7\u00e3o \u00e0 transi\u00e7\u00e3o energ\u00e9tica, e nossos consultores analisam esses pontos neste epis\u00f3dio. N\u00e3o deixe de conferir!<\/p>","protected":false},"excerpt":{"rendered":"<p>Os Emirados \u00c1rabes recebem at\u00e9 o dia 12 de dezembro a Confer\u00eancia das Na\u00e7\u00f5es Unidas sobre as Mudan\u00e7as Clim\u00e1ticas, a COP 28. Em meio a uma urg\u00eancia clim\u00e1tica, representantes de&#8230;<\/p>","protected":false},"author":15,"featured_media":63023,"comment_status":"open","ping_status":"open","sticky":false,"template":"","format":"standard","meta":{"_acf_changed":false,"_exactmetrics_skip_tracking":false,"_exactmetrics_sitenote_active":false,"_exactmetrics_sitenote_note":"","_exactmetrics_sitenote_category":0,"footnotes":""},"categories":[1,696,686],"tags":[],"class_list":{"0":"post-63022","1":"post","2":"type-post","3":"status-publish","4":"format-standard","5":"has-post-thumbnail","7":"category-bmj","8":"category-episodios","9":"category-podcast"},"acf":[],"yoast_head":"<!-- This site is optimized with the Yoast SEO plugin v27.4 - https:\/\/yoast.com\/product\/yoast-seo-wordpress\/ -->\n<title>COP 28 - BMJ<\/title>\n<meta name=\"robots\" content=\"index, follow, max-snippet:-1, max-image-preview:large, max-video-preview:-1\" \/>\n<link rel=\"canonical\" href=\"https:\/\/bmj.com.br\/es\/cop-28\/\" \/>\n<meta property=\"og:locale\" content=\"es_ES\" \/>\n<meta property=\"og:type\" content=\"article\" \/>\n<meta property=\"og:title\" content=\"COP 28 - BMJ\" \/>\n<meta property=\"og:description\" content=\"Os Emirados \u00c1rabes recebem at\u00e9 o dia 12 de dezembro a Confer\u00eancia das Na\u00e7\u00f5es Unidas sobre as Mudan\u00e7as Clim\u00e1ticas, a COP 28. Em meio a uma urg\u00eancia clim\u00e1tica, representantes de...\" \/>\n<meta property=\"og:url\" content=\"https:\/\/bmj.com.br\/es\/cop-28\/\" \/>\n<meta property=\"og:site_name\" content=\"BMJ\" \/>\n<meta property=\"article:publisher\" content=\"https:\/\/www.facebook.com\/BMJAssociados\/?ref=ts\" \/>\n<meta property=\"article:published_time\" content=\"2023-12-08T14:49:15+00:00\" \/>\n<meta property=\"og:image\" content=\"https:\/\/bmj.com.br\/wp-content\/uploads\/2023\/12\/COP-28.jpg\" \/>\n\t<meta property=\"og:image:width\" content=\"1080\" \/>\n\t<meta property=\"og:image:height\" content=\"1080\" \/>\n\t<meta property=\"og:image:type\" content=\"image\/jpeg\" \/>\n<meta name=\"author\" content=\"Dennis Bravo\" \/>\n<meta name=\"twitter:card\" content=\"summary_large_image\" \/>\n<meta name=\"twitter:creator\" content=\"@BMJconsultoria\" \/>\n<meta name=\"twitter:site\" content=\"@BMJconsultoria\" \/>\n<meta name=\"twitter:label1\" content=\"Escrito por\" \/>\n\t<meta name=\"twitter:data1\" content=\"Dennis Bravo\" \/>\n\t<meta name=\"twitter:label2\" content=\"Tiempo de lectura\" \/>\n\t<meta name=\"twitter:data2\" content=\"2 minutos\" \/>\n<script type=\"application\/ld+json\" class=\"yoast-schema-graph\">{\"@context\":\"https:\\\/\\\/schema.org\",\"@graph\":[{\"@type\":\"Article\",\"@id\":\"https:\\\/\\\/bmj.com.br\\\/cop-28\\\/#article\",\"isPartOf\":{\"@id\":\"https:\\\/\\\/bmj.com.br\\\/cop-28\\\/\"},\"author\":{\"name\":\"Dennis Bravo\",\"@id\":\"https:\\\/\\\/bmj.com.br\\\/#\\\/schema\\\/person\\\/e3d3984837d4d1847e83b4197aa02975\"},\"headline\":\"COP 28\",\"datePublished\":\"2023-12-08T14:49:15+00:00\",\"mainEntityOfPage\":{\"@id\":\"https:\\\/\\\/bmj.com.br\\\/cop-28\\\/\"},\"wordCount\":362,\"commentCount\":0,\"publisher\":{\"@id\":\"https:\\\/\\\/bmj.com.br\\\/#organization\"},\"image\":{\"@id\":\"https:\\\/\\\/bmj.com.br\\\/cop-28\\\/#primaryimage\"},\"thumbnailUrl\":\"https:\\\/\\\/bmj.com.br\\\/wp-content\\\/uploads\\\/2023\\\/12\\\/COP-28.jpg\",\"articleSection\":[\"BMJ\",\"Epis\u00f3dios\",\"Podcast\"],\"inLanguage\":\"es\",\"potentialAction\":[{\"@type\":\"CommentAction\",\"name\":\"Comment\",\"target\":[\"https:\\\/\\\/bmj.com.br\\\/cop-28\\\/#respond\"]}]},{\"@type\":\"WebPage\",\"@id\":\"https:\\\/\\\/bmj.com.br\\\/cop-28\\\/\",\"url\":\"https:\\\/\\\/bmj.com.br\\\/cop-28\\\/\",\"name\":\"COP 28 - BMJ\",\"isPartOf\":{\"@id\":\"https:\\\/\\\/bmj.com.br\\\/#website\"},\"primaryImageOfPage\":{\"@id\":\"https:\\\/\\\/bmj.com.br\\\/cop-28\\\/#primaryimage\"},\"image\":{\"@id\":\"https:\\\/\\\/bmj.com.br\\\/cop-28\\\/#primaryimage\"},\"thumbnailUrl\":\"https:\\\/\\\/bmj.com.br\\\/wp-content\\\/uploads\\\/2023\\\/12\\\/COP-28.jpg\",\"datePublished\":\"2023-12-08T14:49:15+00:00\",\"breadcrumb\":{\"@id\":\"https:\\\/\\\/bmj.com.br\\\/cop-28\\\/#breadcrumb\"},\"inLanguage\":\"es\",\"potentialAction\":[{\"@type\":\"ReadAction\",\"target\":[\"https:\\\/\\\/bmj.com.br\\\/cop-28\\\/\"]}]},{\"@type\":\"ImageObject\",\"inLanguage\":\"es\",\"@id\":\"https:\\\/\\\/bmj.com.br\\\/cop-28\\\/#primaryimage\",\"url\":\"https:\\\/\\\/bmj.com.br\\\/wp-content\\\/uploads\\\/2023\\\/12\\\/COP-28.jpg\",\"contentUrl\":\"https:\\\/\\\/bmj.com.br\\\/wp-content\\\/uploads\\\/2023\\\/12\\\/COP-28.jpg\",\"width\":1080,\"height\":1080,\"caption\":\"COP-28\"},{\"@type\":\"BreadcrumbList\",\"@id\":\"https:\\\/\\\/bmj.com.br\\\/cop-28\\\/#breadcrumb\",\"itemListElement\":[{\"@type\":\"ListItem\",\"position\":1,\"name\":\"Home\",\"item\":\"https:\\\/\\\/bmj.com.br\\\/\"},{\"@type\":\"ListItem\",\"position\":2,\"name\":\"COP 28\"}]},{\"@type\":\"WebSite\",\"@id\":\"https:\\\/\\\/bmj.com.br\\\/#website\",\"url\":\"https:\\\/\\\/bmj.com.br\\\/\",\"name\":\"BMJ\",\"description\":\"Consultores Associados\",\"publisher\":{\"@id\":\"https:\\\/\\\/bmj.com.br\\\/#organization\"},\"potentialAction\":[{\"@type\":\"SearchAction\",\"target\":{\"@type\":\"EntryPoint\",\"urlTemplate\":\"https:\\\/\\\/bmj.com.br\\\/?s={search_term_string}\"},\"query-input\":{\"@type\":\"PropertyValueSpecification\",\"valueRequired\":true,\"valueName\":\"search_term_string\"}}],\"inLanguage\":\"es\"},{\"@type\":\"Organization\",\"@id\":\"https:\\\/\\\/bmj.com.br\\\/#organization\",\"name\":\"BMJ Consultoria\",\"url\":\"https:\\\/\\\/bmj.com.br\\\/\",\"logo\":{\"@type\":\"ImageObject\",\"inLanguage\":\"es\",\"@id\":\"https:\\\/\\\/bmj.com.br\\\/#\\\/schema\\\/logo\\\/image\\\/\",\"url\":\"\",\"contentUrl\":\"\",\"caption\":\"BMJ Consultoria\"},\"image\":{\"@id\":\"https:\\\/\\\/bmj.com.br\\\/#\\\/schema\\\/logo\\\/image\\\/\"},\"sameAs\":[\"https:\\\/\\\/www.facebook.com\\\/BMJAssociados\\\/?ref=ts\",\"https:\\\/\\\/x.com\\\/BMJconsultoria\",\"https:\\\/\\\/www.instagram.com\\\/bmjconsultoria\\\/\",\"https:\\\/\\\/www.linkedin.com\\\/company\\\/bmjconsultoresassociados\\\/?originalSubdomain=br\",\"https:\\\/\\\/www.youtube.com\\\/user\\\/bmjconsultoria\"]},{\"@type\":\"Person\",\"@id\":\"https:\\\/\\\/bmj.com.br\\\/#\\\/schema\\\/person\\\/e3d3984837d4d1847e83b4197aa02975\",\"name\":\"Dennis Bravo\",\"image\":{\"@type\":\"ImageObject\",\"inLanguage\":\"es\",\"@id\":\"https:\\\/\\\/secure.gravatar.com\\\/avatar\\\/6a711d6eb2c762e1fa0b1af3d0183adea3563153cc8b6e8820177b2fec199793?s=96&d=mm&r=g\",\"url\":\"https:\\\/\\\/secure.gravatar.com\\\/avatar\\\/6a711d6eb2c762e1fa0b1af3d0183adea3563153cc8b6e8820177b2fec199793?s=96&d=mm&r=g\",\"contentUrl\":\"https:\\\/\\\/secure.gravatar.com\\\/avatar\\\/6a711d6eb2c762e1fa0b1af3d0183adea3563153cc8b6e8820177b2fec199793?s=96&d=mm&r=g\",\"caption\":\"Dennis Bravo\"},\"url\":\"https:\\\/\\\/bmj.com.br\\\/es\\\/author\\\/matheus-rossi\\\/\"}]}<\/script>\n<!-- \/ Yoast SEO plugin. -->","yoast_head_json":{"title":"COP 28 - BMJ","robots":{"index":"index","follow":"follow","max-snippet":"max-snippet:-1","max-image-preview":"max-image-preview:large","max-video-preview":"max-video-preview:-1"},"canonical":"https:\/\/bmj.com.br\/es\/cop-28\/","og_locale":"es_ES","og_type":"article","og_title":"COP 28 - BMJ","og_description":"Os Emirados \u00c1rabes recebem at\u00e9 o dia 12 de dezembro a Confer\u00eancia das Na\u00e7\u00f5es Unidas sobre as Mudan\u00e7as Clim\u00e1ticas, a COP 28. Em meio a uma urg\u00eancia clim\u00e1tica, representantes de...","og_url":"https:\/\/bmj.com.br\/es\/cop-28\/","og_site_name":"BMJ","article_publisher":"https:\/\/www.facebook.com\/BMJAssociados\/?ref=ts","article_published_time":"2023-12-08T14:49:15+00:00","og_image":[{"width":1080,"height":1080,"url":"https:\/\/bmj.com.br\/wp-content\/uploads\/2023\/12\/COP-28.jpg","type":"image\/jpeg"}],"author":"Dennis Bravo","twitter_card":"summary_large_image","twitter_creator":"@BMJconsultoria","twitter_site":"@BMJconsultoria","twitter_misc":{"Escrito por":"Dennis Bravo","Tiempo de lectura":"2 minutos"},"schema":{"@context":"https:\/\/schema.org","@graph":[{"@type":"Article","@id":"https:\/\/bmj.com.br\/cop-28\/#article","isPartOf":{"@id":"https:\/\/bmj.com.br\/cop-28\/"},"author":{"name":"Dennis Bravo","@id":"https:\/\/bmj.com.br\/#\/schema\/person\/e3d3984837d4d1847e83b4197aa02975"},"headline":"COP 28","datePublished":"2023-12-08T14:49:15+00:00","mainEntityOfPage":{"@id":"https:\/\/bmj.com.br\/cop-28\/"},"wordCount":362,"commentCount":0,"publisher":{"@id":"https:\/\/bmj.com.br\/#organization"},"image":{"@id":"https:\/\/bmj.com.br\/cop-28\/#primaryimage"},"thumbnailUrl":"https:\/\/bmj.com.br\/wp-content\/uploads\/2023\/12\/COP-28.jpg","articleSection":["BMJ","Epis\u00f3dios","Podcast"],"inLanguage":"es","potentialAction":[{"@type":"CommentAction","name":"Comment","target":["https:\/\/bmj.com.br\/cop-28\/#respond"]}]},{"@type":"WebPage","@id":"https:\/\/bmj.com.br\/cop-28\/","url":"https:\/\/bmj.com.br\/cop-28\/","name":"COP 28 - BMJ","isPartOf":{"@id":"https:\/\/bmj.com.br\/#website"},"primaryImageOfPage":{"@id":"https:\/\/bmj.com.br\/cop-28\/#primaryimage"},"image":{"@id":"https:\/\/bmj.com.br\/cop-28\/#primaryimage"},"thumbnailUrl":"https:\/\/bmj.com.br\/wp-content\/uploads\/2023\/12\/COP-28.jpg","datePublished":"2023-12-08T14:49:15+00:00","breadcrumb":{"@id":"https:\/\/bmj.com.br\/cop-28\/#breadcrumb"},"inLanguage":"es","potentialAction":[{"@type":"ReadAction","target":["https:\/\/bmj.com.br\/cop-28\/"]}]},{"@type":"ImageObject","inLanguage":"es","@id":"https:\/\/bmj.com.br\/cop-28\/#primaryimage","url":"https:\/\/bmj.com.br\/wp-content\/uploads\/2023\/12\/COP-28.jpg","contentUrl":"https:\/\/bmj.com.br\/wp-content\/uploads\/2023\/12\/COP-28.jpg","width":1080,"height":1080,"caption":"COP-28"},{"@type":"BreadcrumbList","@id":"https:\/\/bmj.com.br\/cop-28\/#breadcrumb","itemListElement":[{"@type":"ListItem","position":1,"name":"Home","item":"https:\/\/bmj.com.br\/"},{"@type":"ListItem","position":2,"name":"COP 28"}]},{"@type":"WebSite","@id":"https:\/\/bmj.com.br\/#website","url":"https:\/\/bmj.com.br\/","name":"BMJ","description":"Consultores Associados","publisher":{"@id":"https:\/\/bmj.com.br\/#organization"},"potentialAction":[{"@type":"SearchAction","target":{"@type":"EntryPoint","urlTemplate":"https:\/\/bmj.com.br\/?s={search_term_string}"},"query-input":{"@type":"PropertyValueSpecification","valueRequired":true,"valueName":"search_term_string"}}],"inLanguage":"es"},{"@type":"Organization","@id":"https:\/\/bmj.com.br\/#organization","name":"BMJ Consultoria","url":"https:\/\/bmj.com.br\/","logo":{"@type":"ImageObject","inLanguage":"es","@id":"https:\/\/bmj.com.br\/#\/schema\/logo\/image\/","url":"","contentUrl":"","caption":"BMJ Consultoria"},"image":{"@id":"https:\/\/bmj.com.br\/#\/schema\/logo\/image\/"},"sameAs":["https:\/\/www.facebook.com\/BMJAssociados\/?ref=ts","https:\/\/x.com\/BMJconsultoria","https:\/\/www.instagram.com\/bmjconsultoria\/","https:\/\/www.linkedin.com\/company\/bmjconsultoresassociados\/?originalSubdomain=br","https:\/\/www.youtube.com\/user\/bmjconsultoria"]},{"@type":"Person","@id":"https:\/\/bmj.com.br\/#\/schema\/person\/e3d3984837d4d1847e83b4197aa02975","name":"Dennis Bravo","image":{"@type":"ImageObject","inLanguage":"es","@id":"https:\/\/secure.gravatar.com\/avatar\/6a711d6eb2c762e1fa0b1af3d0183adea3563153cc8b6e8820177b2fec199793?s=96&d=mm&r=g","url":"https:\/\/secure.gravatar.com\/avatar\/6a711d6eb2c762e1fa0b1af3d0183adea3563153cc8b6e8820177b2fec199793?s=96&d=mm&r=g","contentUrl":"https:\/\/secure.gravatar.com\/avatar\/6a711d6eb2c762e1fa0b1af3d0183adea3563153cc8b6e8820177b2fec199793?s=96&d=mm&r=g","caption":"Dennis Bravo"},"url":"https:\/\/bmj.com.br\/es\/author\/matheus-rossi\/"}]}},"_links":{"self":[{"href":"https:\/\/bmj.com.br\/es\/wp-json\/wp\/v2\/posts\/63022","targetHints":{"allow":["GET"]}}],"collection":[{"href":"https:\/\/bmj.com.br\/es\/wp-json\/wp\/v2\/posts"}],"about":[{"href":"https:\/\/bmj.com.br\/es\/wp-json\/wp\/v2\/types\/post"}],"author":[{"embeddable":true,"href":"https:\/\/bmj.com.br\/es\/wp-json\/wp\/v2\/users\/15"}],"replies":[{"embeddable":true,"href":"https:\/\/bmj.com.br\/es\/wp-json\/wp\/v2\/comments?post=63022"}],"version-history":[{"count":1,"href":"https:\/\/bmj.com.br\/es\/wp-json\/wp\/v2\/posts\/63022\/revisions"}],"predecessor-version":[{"id":63029,"href":"https:\/\/bmj.com.br\/es\/wp-json\/wp\/v2\/posts\/63022\/revisions\/63029"}],"wp:featuredmedia":[{"embeddable":true,"href":"https:\/\/bmj.com.br\/es\/wp-json\/wp\/v2\/media\/63023"}],"wp:attachment":[{"href":"https:\/\/bmj.com.br\/es\/wp-json\/wp\/v2\/media?parent=63022"}],"wp:term":[{"taxonomy":"category","embeddable":true,"href":"https:\/\/bmj.com.br\/es\/wp-json\/wp\/v2\/categories?post=63022"},{"taxonomy":"post_tag","embeddable":true,"href":"https:\/\/bmj.com.br\/es\/wp-json\/wp\/v2\/tags?post=63022"}],"curies":[{"name":"wp","href":"https:\/\/api.w.org\/{rel}","templated":true}]}}